{"id":2359,"date":"2024-12-17T01:58:55","date_gmt":"2024-12-17T01:58:55","guid":{"rendered":"https:\/\/emasaitabuna.com.br\/new\/?p=2359"},"modified":"2024-12-29T10:56:39","modified_gmt":"2024-12-29T13:56:39","slug":"emasa-amplia-rede-de-abastecimento-de-agua-para-o-novo-sao-lourenco","status":"publish","type":"post","link":"https:\/\/emasaitabuna.com.br\/new\/emasa-amplia-rede-de-abastecimento-de-agua-para-o-novo-sao-lourenco\/","title":{"rendered":"EMASA amplia rede de abastecimento de \u00e1gua para o Novo S\u00e3o Louren\u00e7o"},"content":{"rendered":"<div id=\"attachment_2360\" style=\"width: 447px\" class=\"wp-caption aligncenter\"><img decoding=\"async\" aria-describedby=\"caption-attachment-2360\" class=\" wp-image-2360\" src=\"https:\/\/emasaitabuna.com.br\/new\/wp-content\/uploads\/2024\/12\/IMG-20240617-WA0006-281x500.jpg\" alt=\"\" width=\"437\" height=\"778\" srcset=\"https:\/\/emasaitabuna.com.br\/new\/wp-content\/uploads\/2024\/12\/IMG-20240617-WA0006-169x300.jpg 169w, https:\/\/emasaitabuna.com.br\/new\/wp-content\/uploads\/2024\/12\/IMG-20240617-WA0006-200x356.jpg 200w, https:\/\/emasaitabuna.com.br\/new\/wp-content\/uploads\/2024\/12\/IMG-20240617-WA0006-281x500.jpg 281w, https:\/\/emasaitabuna.com.br\/new\/wp-content\/uploads\/2024\/12\/IMG-20240617-WA0006-400x711.jpg 400w, https:\/\/emasaitabuna.com.br\/new\/wp-content\/uploads\/2024\/12\/IMG-20240617-WA0006-600x1067.jpg 600w, https:\/\/emasaitabuna.com.br\/new\/wp-content\/uploads\/2024\/12\/IMG-20240617-WA0006-675x1200.jpg 675w, https:\/\/emasaitabuna.com.br\/new\/wp-content\/uploads\/2024\/12\/IMG-20240617-WA0006.jpg 720w\" sizes=\"(max-width: 437px) 100vw, 437px\" \/><p id=\"caption-attachment-2360\" class=\"wp-caption-text\">A expans\u00e3o da rede de abastecimento de \u00e1gua, no Novo S\u00e3o Louren\u00e7o, ir\u00e1 atender cerca de 800 pessoas.<\/p><\/div>\n<p>A Ger\u00eancia T\u00e9cnica da Empresa Municipal de \u00c1guas e Saneamento (EMASA) concluiu no s\u00e1bado, dia 15, o servi\u00e7o de expans\u00e3o de rede de \u00e1gua no Novo S\u00e3o Louren\u00e7o, beneficiando aproximadamente 800 pessoas que moram na zona oeste da cidade.<\/p>\n<p>De acordo com o presidente da EMASA, Raymundo Mendes Filho, foram implantados cerca de meio quil\u00f4metro de rede para uma localidade que n\u00e3o contava com o abastecimento de \u00e1gua.<\/p>\n<p>\u201cA principal bandeira da gest\u00e3o do prefeito Augusto Castro (PSD) \u00e9 o cuidar das pessoas. Quando a EMASA realiza esse tipo de interven\u00e7\u00e3o, est\u00e1 melhorando a qualidade de vida da gente de Itabuna\u201d, declarou o presidente da EMASA.<\/p>\n<p>Ainda segundo Mendes Filho, a EMASA trabalha para atender o que determina o Novo Marco Legal do Saneamento B\u00e1sico que \u00e9 universalizar o abastecimento de \u00e1gua e o tratamento de esgoto at\u00e9 2033.<\/p>\n<p>\u201cCom o Projeto Mais \u00c1gua para a Cidade, a atual administra\u00e7\u00e3o municipal estar\u00e1 resolvendo em mais de 80% o problema do fornecimento intermitente de \u00e1gua. J\u00e1 temos pronto o projeto de amplia\u00e7\u00e3o para a zona norte, na regi\u00e3o do Calif\u00f3rnia\u201d afirmou.<\/p>\n<p>\u201cNeste segundo semestre vamos dar in\u00edcio \u00e0 implanta\u00e7\u00e3o do sistema de capta\u00e7\u00e3o de esgoto em tempo seco, que vai amenizar a carga dos dejetos lan\u00e7ados in natura no Rio Cachoeira, melhorando suas caracter\u00edsticas naturais\u201d, previu o presidente da EMASA, Raymundo Mendes Filho.<\/p>\n<p>&#8212;&#8211;<\/p>\n<p>Assessoria de Comunica\u00e7\u00e3o Social da EMASA<br \/>\nPrefeitura de Itabuna<br \/>\nTexto: Joel Filho<br \/>\n17\/junho\/2023<\/p>\n","protected":false},"excerpt":{"rendered":"<p>A Ger\u00eancia T\u00e9cnica da Empresa Municipal de \u00c1guas e Saneamento (EMASA) concluiu no s\u00e1bado, dia 15, o servi\u00e7o de expans\u00e3o [&hellip;]<\/p>\n","protected":false},"author":1,"featured_media":2360,"comment_status":"open","ping_status":"open","sticky":false,"template":"","format":"standard","meta":{"nf_dc_page":"","footnotes":""},"categories":[9],"tags":[],"class_list":["post-2359","post","type-post","status-publish","format-standard","has-post-thumbnail","hentry","category-noticias"],"_links":{"self":[{"href":"https:\/\/emasaitabuna.com.br\/new\/wp-json\/wp\/v2\/posts\/2359","targetHints":{"allow":["GET"]}}],"collection":[{"href":"https:\/\/emasaitabuna.com.br\/new\/wp-json\/wp\/v2\/posts"}],"about":[{"href":"https:\/\/emasaitabuna.com.br\/new\/wp-json\/wp\/v2\/types\/post"}],"author":[{"embeddable":true,"href":"https:\/\/emasaitabuna.com.br\/new\/wp-json\/wp\/v2\/users\/1"}],"replies":[{"embeddable":true,"href":"https:\/\/emasaitabuna.com.br\/new\/wp-json\/wp\/v2\/comments?post=2359"}],"version-history":[{"count":1,"href":"https:\/\/emasaitabuna.com.br\/new\/wp-json\/wp\/v2\/posts\/2359\/revisions"}],"predecessor-version":[{"id":2361,"href":"https:\/\/emasaitabuna.com.br\/new\/wp-json\/wp\/v2\/posts\/2359\/revisions\/2361"}],"wp:featuredmedia":[{"embeddable":true,"href":"https:\/\/emasaitabuna.com.br\/new\/wp-json\/wp\/v2\/media\/2360"}],"wp:attachment":[{"href":"https:\/\/emasaitabuna.com.br\/new\/wp-json\/wp\/v2\/media?parent=2359"}],"wp:term":[{"taxonomy":"category","embeddable":true,"href":"https:\/\/emasaitabuna.com.br\/new\/wp-json\/wp\/v2\/categories?post=2359"},{"taxonomy":"post_tag","embeddable":true,"href":"https:\/\/emasaitabuna.com.br\/new\/wp-json\/wp\/v2\/tags?post=2359"}],"curies":[{"name":"wp","href":"https:\/\/api.w.org\/{rel}","templated":true}]}}