{"id":2612,"date":"2025-01-03T19:34:20","date_gmt":"2025-01-03T22:34:20","guid":{"rendered":"https:\/\/emasaitabuna.com.br\/new\/?p=2612"},"modified":"2026-02-06T13:37:53","modified_gmt":"2026-02-06T16:37:53","slug":"idente-ivan-maia-e-secretaria-sonia-fontes-discutem-a-ampliacao-da-parceria-entre-emasa-e-siurb","status":"publish","type":"post","link":"https:\/\/emasaitabuna.com.br\/new\/idente-ivan-maia-e-secretaria-sonia-fontes-discutem-a-ampliacao-da-parceria-entre-emasa-e-siurb\/","title":{"rendered":"Presidente Ivan Maia e secret\u00e1ria S\u00f4nia Fontes discutem a amplia\u00e7\u00e3o da parceria entre EMASA e SIURB"},"content":{"rendered":"<div id=\"attachment_2613\" style=\"width: 1290px\" class=\"wp-caption alignnone\"><img decoding=\"async\" aria-describedby=\"caption-attachment-2613\" class=\"wp-image-2613 size-full\" src=\"https:\/\/emasaitabuna.com.br\/new\/wp-content\/uploads\/2025\/01\/IMG-20250103-WA0027.jpg\" alt=\"Na reuni\u00e3o foram diacutidas a\u00e7\u00f5es que ir\u00e3o aperfei\u00e7oar a administra\u00e7\u00e3o da EMASA.\" width=\"1280\" height=\"960\" srcset=\"https:\/\/emasaitabuna.com.br\/new\/wp-content\/uploads\/2025\/01\/IMG-20250103-WA0027-200x150.jpg 200w, https:\/\/emasaitabuna.com.br\/new\/wp-content\/uploads\/2025\/01\/IMG-20250103-WA0027-300x225.jpg 300w, https:\/\/emasaitabuna.com.br\/new\/wp-content\/uploads\/2025\/01\/IMG-20250103-WA0027-400x300.jpg 400w, https:\/\/emasaitabuna.com.br\/new\/wp-content\/uploads\/2025\/01\/IMG-20250103-WA0027-500x375.jpg 500w, https:\/\/emasaitabuna.com.br\/new\/wp-content\/uploads\/2025\/01\/IMG-20250103-WA0027-600x450.jpg 600w, https:\/\/emasaitabuna.com.br\/new\/wp-content\/uploads\/2025\/01\/IMG-20250103-WA0027-768x576.jpg 768w, https:\/\/emasaitabuna.com.br\/new\/wp-content\/uploads\/2025\/01\/IMG-20250103-WA0027-800x600.jpg 800w, https:\/\/emasaitabuna.com.br\/new\/wp-content\/uploads\/2025\/01\/IMG-20250103-WA0027-1200x900.jpg 1200w, https:\/\/emasaitabuna.com.br\/new\/wp-content\/uploads\/2025\/01\/IMG-20250103-WA0027.jpg 1280w\" sizes=\"(max-width: 1280px) 100vw, 1280px\" \/><p id=\"caption-attachment-2613\" class=\"wp-caption-text\"><em>Na reuni\u00e3o foram diacutidas a\u00e7\u00f5es que ir\u00e3o aperfei\u00e7oar a administra\u00e7\u00e3o da EMASA.<\/em><\/p><\/div>\n<p>O presidente da Empresa Municipal de \u00c1guas e Saneamento (EMASA), Ivan Maia, acompanhado do gerente T\u00e9cnico Jo\u00e3o Bitencourt, teve um encontro na manh\u00e3 de hoje, dia 3, com a secret\u00e1ria de Infraestrutura e Urbanismo, S\u00f4nia Fontes, que tamb\u00e9m preside o Conselho de Administra\u00e7\u00e3o da EMASA.<\/p>\n<p>No encontro, foi discutida a amplia\u00e7\u00e3o da parceria entre a EMASA e a SIURB para a melhoria dos servi\u00e7os realizados em conjunto pelos dois \u00f3rg\u00e3os.<\/p>\n<p>Ivan Maia tamb\u00e9m levou \u00e0 secret\u00e1ria a necessidade de modernizar a concession\u00e1ria de \u00e1gua e esgoto, renovando a governan\u00e7a corporativa e a estrutura tecnol\u00f3gica da empresa, por exemplo.<\/p>\n<p>\u201cDesde que assumi a presid\u00eancia da EMASA, tenho dialogado com os t\u00e9cnicos para entender profundamente a empresa. A parceria com a SIURB \u00e9 essencial, pois existem obras em andamento que envolvem ambas entidades, al\u00e9m de novos projetos que pretendemos desenvolver. \u00c9 fundamental que a secret\u00e1ria S\u00f4nia Fontes, enquanto presidente do Conselho de Administra\u00e7\u00e3o, esteja alinhada \u00e0s nossas propostas para viabilizar as mudan\u00e7as que planejamos\u201d, afirmou Ivan Maia.<\/p>\n<p>Para a secret\u00e1ria S\u00f4nia Fontes a SIURB e a EMASA s\u00e3o a cara da cidade e t\u00eam demandas di\u00e1rias da popula\u00e7\u00e3o. Por isso, a import\u00e2ncia de estarem alinhadas para a realiza\u00e7\u00e3o de uma boa presta\u00e7\u00e3o de servi\u00e7os a toda comunidade.<\/p>\n<p>\u201cO governo do prefeito Augusto Castro (PSD) vem realizado um pacote de obras estruturantes que dar\u00e3o uma nova din\u00e2mica \u00e0 cidade. Por\u00e9m, n\u00e3o podemos ficar alheios com as a\u00e7\u00f5es do dia a dia como: fornecimento de \u00e1gua, o esgoto entupido, o tapa-buracos, a ilumina\u00e7\u00e3o p\u00fablica e a poda de \u00e1rvores. S\u00e3o demandas cotidianas da SIURB e da EMASA\u201d, atesta a secret\u00e1ria S\u00f4nia Fontes.<\/p>\n<p>Ao final da reuni\u00e3o, ficou definido que ser\u00e3o desenvolvidas propostas para modernizar processos e implementar iniciativas que aprimorem a gest\u00e3o da EMASA, alinhando-a \u00e0s melhores pr\u00e1ticas do setor de saneamento b\u00e1sico e \u00e0s diretrizes da administra\u00e7\u00e3o municipal.<\/p>\n<p>&#8212;&#8211;<\/p>\n<p>Assessoria de Comunica\u00e7\u00e3o Social da EMASA<\/p>\n<p>03\/janeiro\/2023<\/p>\n","protected":false},"excerpt":{"rendered":"<p>O presidente da Empresa Municipal de \u00c1guas e Saneamento (EMASA), Ivan Maia, acompanhado do gerente T\u00e9cnico Jo\u00e3o Bitencourt, teve um [&hellip;]<\/p>\n","protected":false},"author":1,"featured_media":2613,"comment_status":"open","ping_status":"open","sticky":false,"template":"","format":"standard","meta":{"nf_dc_page":"","footnotes":""},"categories":[9],"tags":[],"class_list":["post-2612","post","type-post","status-publish","format-standard","has-post-thumbnail","hentry","category-noticias"],"_links":{"self":[{"href":"https:\/\/emasaitabuna.com.br\/new\/wp-json\/wp\/v2\/posts\/2612","targetHints":{"allow":["GET"]}}],"collection":[{"href":"https:\/\/emasaitabuna.com.br\/new\/wp-json\/wp\/v2\/posts"}],"about":[{"href":"https:\/\/emasaitabuna.com.br\/new\/wp-json\/wp\/v2\/types\/post"}],"author":[{"embeddable":true,"href":"https:\/\/emasaitabuna.com.br\/new\/wp-json\/wp\/v2\/users\/1"}],"replies":[{"embeddable":true,"href":"https:\/\/emasaitabuna.com.br\/new\/wp-json\/wp\/v2\/comments?post=2612"}],"version-history":[{"count":4,"href":"https:\/\/emasaitabuna.com.br\/new\/wp-json\/wp\/v2\/posts\/2612\/revisions"}],"predecessor-version":[{"id":4286,"href":"https:\/\/emasaitabuna.com.br\/new\/wp-json\/wp\/v2\/posts\/2612\/revisions\/4286"}],"wp:featuredmedia":[{"embeddable":true,"href":"https:\/\/emasaitabuna.com.br\/new\/wp-json\/wp\/v2\/media\/2613"}],"wp:attachment":[{"href":"https:\/\/emasaitabuna.com.br\/new\/wp-json\/wp\/v2\/media?parent=2612"}],"wp:term":[{"taxonomy":"category","embeddable":true,"href":"https:\/\/emasaitabuna.com.br\/new\/wp-json\/wp\/v2\/categories?post=2612"},{"taxonomy":"post_tag","embeddable":true,"href":"https:\/\/emasaitabuna.com.br\/new\/wp-json\/wp\/v2\/tags?post=2612"}],"curies":[{"name":"wp","href":"https:\/\/api.w.org\/{rel}","templated":true}]}}