{"id":2629,"date":"2025-01-06T22:08:06","date_gmt":"2025-01-07T01:08:06","guid":{"rendered":"https:\/\/emasaitabuna.com.br\/new\/?p=2629"},"modified":"2025-01-06T22:08:06","modified_gmt":"2025-01-07T01:08:06","slug":"augusto-castro-assina-termo-de-compromisso-para-o-mais-agua-iii-e-no-final-de-fevereiro-entregara-as-duas-primeiras-etapas","status":"publish","type":"post","link":"https:\/\/emasaitabuna.com.br\/new\/augusto-castro-assina-termo-de-compromisso-para-o-mais-agua-iii-e-no-final-de-fevereiro-entregara-as-duas-primeiras-etapas\/","title":{"rendered":"Augusto Castro assina Termo de Compromisso para o Mais \u00c1gua III e no final de fevereiro entregar\u00e1 as duas primeiras etapas"},"content":{"rendered":"<p><img decoding=\"async\" class=\"aligncenter size-full wp-image-2630\" src=\"https:\/\/emasaitabuna.com.br\/new\/wp-content\/uploads\/2025\/01\/Com-o-Mais-Agua-III-Itabuna-tera-a-universalizacao-do-abastecimento-de-agua.jpg\" alt=\"\" width=\"1600\" height=\"1066\" srcset=\"https:\/\/emasaitabuna.com.br\/new\/wp-content\/uploads\/2025\/01\/Com-o-Mais-Agua-III-Itabuna-tera-a-universalizacao-do-abastecimento-de-agua-200x133.jpg 200w, https:\/\/emasaitabuna.com.br\/new\/wp-content\/uploads\/2025\/01\/Com-o-Mais-Agua-III-Itabuna-tera-a-universalizacao-do-abastecimento-de-agua-300x200.jpg 300w, https:\/\/emasaitabuna.com.br\/new\/wp-content\/uploads\/2025\/01\/Com-o-Mais-Agua-III-Itabuna-tera-a-universalizacao-do-abastecimento-de-agua-400x267.jpg 400w, https:\/\/emasaitabuna.com.br\/new\/wp-content\/uploads\/2025\/01\/Com-o-Mais-Agua-III-Itabuna-tera-a-universalizacao-do-abastecimento-de-agua-500x333.jpg 500w, https:\/\/emasaitabuna.com.br\/new\/wp-content\/uploads\/2025\/01\/Com-o-Mais-Agua-III-Itabuna-tera-a-universalizacao-do-abastecimento-de-agua-600x400.jpg 600w, https:\/\/emasaitabuna.com.br\/new\/wp-content\/uploads\/2025\/01\/Com-o-Mais-Agua-III-Itabuna-tera-a-universalizacao-do-abastecimento-de-agua-768x512.jpg 768w, https:\/\/emasaitabuna.com.br\/new\/wp-content\/uploads\/2025\/01\/Com-o-Mais-Agua-III-Itabuna-tera-a-universalizacao-do-abastecimento-de-agua-800x533.jpg 800w, https:\/\/emasaitabuna.com.br\/new\/wp-content\/uploads\/2025\/01\/Com-o-Mais-Agua-III-Itabuna-tera-a-universalizacao-do-abastecimento-de-agua-1200x800.jpg 1200w, https:\/\/emasaitabuna.com.br\/new\/wp-content\/uploads\/2025\/01\/Com-o-Mais-Agua-III-Itabuna-tera-a-universalizacao-do-abastecimento-de-agua-1536x1023.jpg 1536w, https:\/\/emasaitabuna.com.br\/new\/wp-content\/uploads\/2025\/01\/Com-o-Mais-Agua-III-Itabuna-tera-a-universalizacao-do-abastecimento-de-agua.jpg 1600w\" sizes=\"(max-width: 1600px) 100vw, 1600px\" \/><\/p>\n<p>No final da tarde de hoje, dia 6, em uma solenidade bastante concorrida em seu Gabinete, o prefeito de Itabuna, Augusto Castro (PSD), acompanhado da Primeira-dama Andr\u00e9a Castro, do presidente da Empresa Municipal de \u00c1guas e Saneamento (EMASA), Ivan Maia, da secret\u00e1ria de Infraestrutura e Urbanismo, S\u00f4nia Fontes, e do superintende executivo de varejo da Caixa Econ\u00f4mica Federal (CEF), Lucas Ribeiro, assinou o Termo de Compromisso para a execu\u00e7\u00e3o do Projeto Mais \u00c1gua para a Cidade III.<\/p>\n<p>O Projeto Mais \u00c1gua para a Cidade III atender\u00e1 os bairros da zona norte da cidade, a exemplo do Calif\u00f3rnia, Nova Calif\u00f3rnia, Santa In\u00eas, F\u00e1tima, Parques Boa Vista, Loteamento Para\u00edso, Jo\u00e3o Soares, condom\u00ednios residenciais Jardim Am\u00e9rica I e II e Vida Nova e Parque Verde.<\/p>\n<p>Para isso, ser\u00e1 constru\u00edda uma nova Esta\u00e7\u00e3o de Tratamento de \u00c1gua (ETA), um reservat\u00f3rio apoiado, uma esta\u00e7\u00e3o elevat\u00f3ria e um reservat\u00f3rio principal de distribui\u00e7\u00e3o.<\/p>\n<p>O prefeito Augusto Castro disse que a cidade vive um momento hist\u00f3rico, fez um agradecimento especial a toda a diretoria da EMASA e ressaltou o papel do ex-Presidente Raymundo Mendes Filho, que iniciou o Projeto Mais \u00c1gua para a Cidade.<\/p>\n<p>\u201c\u00c9 um momento hist\u00f3rico para Itabuna. H\u00e1 dois anos, iniciamos o Mais \u00c1gua com muita coragem. N\u00e3o havia dinheiro, pedi para licitar e disse que ir\u00edamos correr atr\u00e1s dos recursos. Assim, tocamos e estamos com o novo sistema pronto. At\u00e9 o final de fevereiro, vamos entregar o Mais \u00c1gua I e II\u201d, garantiu o prefeito.<\/p>\n<p>\u201cAgrade\u00e7o ao ex-presidente Raymundo Mendes Filho e a diretoria da EMASA e a equipe da Caixa Econ\u00f4mica Federal, na pessoa do superintendente Lucas Ribeiro. Agora, come\u00e7a uma nova etapa desse projeto para atender a regi\u00e3o do Calif\u00f3rnia e F\u00e1tima. Estamos universalizando o abastecimento de \u00e1gua em Itabuna, com \u00e1gua todos os dias nas torneiras, e levando dignidade \u00e0s pessoas, melhorando a qualidade de vida de nossa gente\u201d, disse Castro.<\/p>\n<p>O novo presidente da EMASA, Ivan Maia, agradeceu a receptividade e destacou o compromisso de tocar essa nova etapa do Mais \u00c1gua e modernizar o saneamento b\u00e1sico de Itabuna.<\/p>\n<p>\u201cEssa \u00e9 uma obra important\u00edssima para a cidade, porque o Mais \u00c1gua III atender\u00e1 mais de 55 mil pessoas. Estou comprometido com o prefeito Augusto Castro em tornar a EMASA mais moderna no tocante ao saneamento\u201d, assegurou Maia.<\/p>\n<p>Para a secret\u00e1ria de Infraestrutura e Urbanismo, S\u00f4nia Fontes, e presidente do Conselho de Administra\u00e7\u00e3o da EMASA, o Projeto Mais \u00c1gua para a Cidade \u00e9 fruto de um sonho do prefeito Augusto Castro.<\/p>\n<p>\u201cNesta sala aqui, na gest\u00e3o passada, em uma reuni\u00e3o com os colegas secret\u00e1rios, presenciei sair um sonho e um desejo do prefeito: o maior programa que esse munic\u00edpio tem em sua hist\u00f3ria. H\u00e1 muitas obras hoje em Itabuna. Mas, nada \u00e9 t\u00e3o importante quanto o Mais \u00c1gua. Pelo simples fato que \u00e1gua \u00e9 tudo na vida. N\u00e3o poder\u00edamos pensar no futuro e no desenvolvimento econ\u00f4mico sem \u00e1gua\u201d, lembrou a secret\u00e1ria.<\/p>\n<p>O superintendente de varejo da CEF, Lucas Ribeiro destacou as idas e vindas para chegar at\u00e9 o ato de assinatura do Termo de Compromisso.<\/p>\n<p>\u201cGest\u00e3o eficiente \u00e9 importante e salutar. Mas, como disse a secret\u00e1ria S\u00f4nia, o que nos move \u00e9 o sonho. Para chegar at\u00e9 aqui, ocorreram muitas idas e vindas. Se voc\u00ea quer construir uma arca, n\u00e3o junte pessoas para viabilizar o material, mas ensine a desejar a imensid\u00e3o do oceano. A Prefeitura de Itabuna e a Caixa desejam a imensid\u00e3o do oceano, o Mais \u00c1gua III \u00e9 a prova disso\u201d, profetizou o superintendente da CEF, Lucas Ribeiro.<\/p>\n<p>O Projeto Mais \u00c1gua para a Cidade III conta com aporte de recursos da Uni\u00e3o, atrav\u00e9s do Novo PAC da ordem de R$ 21.425.716,00 e contrapartida de R$ 3.016.431,11 do munic\u00edpio.<\/p>\n<p>Estiveram presentes \u00e0 solenidade os secret\u00e1rios Davi Dultra (Fazenda e Or\u00e7amento), Jos\u00e9 Carlos Trindade (Promo\u00e7\u00e3o Social e Combate \u00e0 Pobreza), L\u00edvia Mendes Aguiar (Sa\u00fade), Ant\u00f4nio Calhau (Gest\u00e3o e Inova\u00e7\u00e3o), Jo\u00e3o Carlos Oliveira (Agricultura e Meio Ambiente), Rosivaldo Pinheiro (Governo), Humberto Mattos (Seguran\u00e7a e Ordem P\u00fablica) e os presidentes da FICC, Aldo Rebou\u00e7as, e da FASI, Jo\u00e3o Omar Galv\u00e3o.<\/p>\n<p>Ainda os diretores da EMASA Ronaldo Simas (Finan\u00e7as), Fernando Duarte (T\u00e9cnico), Mois\u00e9s Figueiredo (Administrativo) e Fabiana Rocha (Coordenadora Jur\u00eddica). Pela CEF prestigiaram a solenidade Rodrigo Rabelo (Coordenador da Filial), Isralso J\u00fanior (superintendente da Filial), Thais Almeida (Gerente), Murilo Dias (gerente geral Ag\u00eancia Itabuna) e Bruno Moura (gerente geral Ag\u00eancia Rio Cachoeira).<\/p>\n<p>Al\u00e9m dos vereadores Erasmo Avilia (PSD), Eldon Almeida (Avante), Bab\u00e1 Cearense (PP), Ronaldo Geraldo (Republicano), Silas Santos (PSD), Ricardo Xavier (Cidadania), Bruno Bileco (PSB), Thales Silva (Republicano), Denilton Santos (Avante), Jos\u00e9 Carlos (SD) e Ad\u00edlson Borges \u2013 Z\u00f3i (Avante).<br \/>\n____<br \/>\nAssessoria de Comunica\u00e7\u00e3o Social da EMASA<br \/>\nDepartamento de Comunica\u00e7\u00e3o da Prefeitura de Itabuna<br \/>\n06\/janeiro\/2025<\/p>\n","protected":false},"excerpt":{"rendered":"<p>No final da tarde de hoje, dia 6, em uma solenidade bastante concorrida em seu Gabinete, o prefeito de Itabuna, [&hellip;]<\/p>\n","protected":false},"author":1,"featured_media":2630,"comment_status":"open","ping_status":"open","sticky":false,"template":"","format":"standard","meta":{"nf_dc_page":"","footnotes":""},"categories":[9],"tags":[],"class_list":["post-2629","post","type-post","status-publish","format-standard","has-post-thumbnail","hentry","category-noticias"],"_links":{"self":[{"href":"https:\/\/emasaitabuna.com.br\/new\/wp-json\/wp\/v2\/posts\/2629","targetHints":{"allow":["GET"]}}],"collection":[{"href":"https:\/\/emasaitabuna.com.br\/new\/wp-json\/wp\/v2\/posts"}],"about":[{"href":"https:\/\/emasaitabuna.com.br\/new\/wp-json\/wp\/v2\/types\/post"}],"author":[{"embeddable":true,"href":"https:\/\/emasaitabuna.com.br\/new\/wp-json\/wp\/v2\/users\/1"}],"replies":[{"embeddable":true,"href":"https:\/\/emasaitabuna.com.br\/new\/wp-json\/wp\/v2\/comments?post=2629"}],"version-history":[{"count":1,"href":"https:\/\/emasaitabuna.com.br\/new\/wp-json\/wp\/v2\/posts\/2629\/revisions"}],"predecessor-version":[{"id":2631,"href":"https:\/\/emasaitabuna.com.br\/new\/wp-json\/wp\/v2\/posts\/2629\/revisions\/2631"}],"wp:featuredmedia":[{"embeddable":true,"href":"https:\/\/emasaitabuna.com.br\/new\/wp-json\/wp\/v2\/media\/2630"}],"wp:attachment":[{"href":"https:\/\/emasaitabuna.com.br\/new\/wp-json\/wp\/v2\/media?parent=2629"}],"wp:term":[{"taxonomy":"category","embeddable":true,"href":"https:\/\/emasaitabuna.com.br\/new\/wp-json\/wp\/v2\/categories?post=2629"},{"taxonomy":"post_tag","embeddable":true,"href":"https:\/\/emasaitabuna.com.br\/new\/wp-json\/wp\/v2\/tags?post=2629"}],"curies":[{"name":"wp","href":"https:\/\/api.w.org\/{rel}","templated":true}]}}