{"id":2632,"date":"2025-01-08T13:23:42","date_gmt":"2025-01-08T16:23:42","guid":{"rendered":"https:\/\/emasaitabuna.com.br\/new\/?p=2632"},"modified":"2025-01-08T15:14:48","modified_gmt":"2025-01-08T18:14:48","slug":"emasa-e-uesc-firmam-dialogo-para-parcerias-que-beneficiarao-a-comunidade-de-itabuna","status":"publish","type":"post","link":"https:\/\/emasaitabuna.com.br\/new\/emasa-e-uesc-firmam-dialogo-para-parcerias-que-beneficiarao-a-comunidade-de-itabuna\/","title":{"rendered":"EMASA e UESC firmam di\u00e1logo para parcerias que beneficiar\u00e3o a comunidade de Itabuna"},"content":{"rendered":"<div id=\"attachment_2633\" style=\"width: 1610px\" class=\"wp-caption aligncenter\"><img decoding=\"async\" aria-describedby=\"caption-attachment-2633\" class=\"size-full wp-image-2633\" src=\"https:\/\/emasaitabuna.com.br\/new\/wp-content\/uploads\/2025\/01\/Parceria-entre-EMASA-e-UESC-busca-desenvolver-acoes-sociais-e-ambientais-em-Itabuna.jpg\" alt=\"\" width=\"1600\" height=\"1066\" srcset=\"https:\/\/emasaitabuna.com.br\/new\/wp-content\/uploads\/2025\/01\/Parceria-entre-EMASA-e-UESC-busca-desenvolver-acoes-sociais-e-ambientais-em-Itabuna-200x133.jpg 200w, https:\/\/emasaitabuna.com.br\/new\/wp-content\/uploads\/2025\/01\/Parceria-entre-EMASA-e-UESC-busca-desenvolver-acoes-sociais-e-ambientais-em-Itabuna-300x200.jpg 300w, https:\/\/emasaitabuna.com.br\/new\/wp-content\/uploads\/2025\/01\/Parceria-entre-EMASA-e-UESC-busca-desenvolver-acoes-sociais-e-ambientais-em-Itabuna-400x267.jpg 400w, https:\/\/emasaitabuna.com.br\/new\/wp-content\/uploads\/2025\/01\/Parceria-entre-EMASA-e-UESC-busca-desenvolver-acoes-sociais-e-ambientais-em-Itabuna-500x333.jpg 500w, https:\/\/emasaitabuna.com.br\/new\/wp-content\/uploads\/2025\/01\/Parceria-entre-EMASA-e-UESC-busca-desenvolver-acoes-sociais-e-ambientais-em-Itabuna-600x400.jpg 600w, https:\/\/emasaitabuna.com.br\/new\/wp-content\/uploads\/2025\/01\/Parceria-entre-EMASA-e-UESC-busca-desenvolver-acoes-sociais-e-ambientais-em-Itabuna-768x512.jpg 768w, https:\/\/emasaitabuna.com.br\/new\/wp-content\/uploads\/2025\/01\/Parceria-entre-EMASA-e-UESC-busca-desenvolver-acoes-sociais-e-ambientais-em-Itabuna-800x533.jpg 800w, https:\/\/emasaitabuna.com.br\/new\/wp-content\/uploads\/2025\/01\/Parceria-entre-EMASA-e-UESC-busca-desenvolver-acoes-sociais-e-ambientais-em-Itabuna-1200x800.jpg 1200w, https:\/\/emasaitabuna.com.br\/new\/wp-content\/uploads\/2025\/01\/Parceria-entre-EMASA-e-UESC-busca-desenvolver-acoes-sociais-e-ambientais-em-Itabuna-1536x1023.jpg 1536w, https:\/\/emasaitabuna.com.br\/new\/wp-content\/uploads\/2025\/01\/Parceria-entre-EMASA-e-UESC-busca-desenvolver-acoes-sociais-e-ambientais-em-Itabuna.jpg 1600w\" sizes=\"(max-width: 1600px) 100vw, 1600px\" \/><p id=\"caption-attachment-2633\" class=\"wp-caption-text\">Parceria entre EMASA e UESC, busca desenvolver a\u00e7\u00f5es sociais e ambientais em Itabuna<\/p><\/div>\n<p>O presidente da Empresa Municipal de \u00c1guas e Saneamento (EMASA), Ivan Maia, acompanhado do diretor t\u00e9cnico Fernando Duarte e do assessor t\u00e9cnico Agnaldo Ferreira, foi recebido na manh\u00e3 de ontem, dia 7, na Reitoria da Universidade Estadual de Santa Cruz (UESC), pelo reitor Alessandro Fernandes, o vice-reitor Maur\u00edcio Moreau e pela Chefe de Gabinete professora Ac\u00e1cia Pinho.<\/p>\n<p>O objetivo do encontro foi discutir parcerias de integra\u00e7\u00e3o entre a institui\u00e7\u00e3o de ensino superior e a EMASA que tragam benef\u00edcios \u00e0 comunidade de Itabuna. O reitor Alessandro Fernandes ressaltou a satisfa\u00e7\u00e3o em receber o corpo t\u00e9cnico da EMASA e colocou a UESC \u00e0 disposi\u00e7\u00e3o para desenvolver a\u00e7\u00f5es e projetos em conjunto.<\/p>\n<p>\u201c\u00c9 um prazer receb\u00ea-los, pois temos excelentes refer\u00eancias do novo presidente da EMASA que est\u00e1 chegando em um momento importante. A UESC est\u00e1 de bra\u00e7os abertos\u201d, disse o reitor Alessandro Fernandes.<\/p>\n<p>O presidente Ivan Maia refor\u00e7ou o compromisso da EMASA em fortalecer os la\u00e7os com a comunidade e destacou a relev\u00e2ncia da integra\u00e7\u00e3o com a academia.<\/p>\n<div id=\"attachment_2634\" style=\"width: 1610px\" class=\"wp-caption aligncenter\"><img decoding=\"async\" aria-describedby=\"caption-attachment-2634\" class=\"size-full wp-image-2634\" src=\"https:\/\/emasaitabuna.com.br\/new\/wp-content\/uploads\/2025\/01\/Encontro-discutiu-futura-parceria-entre-EMASA-e-UESC.jpg\" alt=\"\" width=\"1600\" height=\"1066\" srcset=\"https:\/\/emasaitabuna.com.br\/new\/wp-content\/uploads\/2025\/01\/Encontro-discutiu-futura-parceria-entre-EMASA-e-UESC-200x133.jpg 200w, https:\/\/emasaitabuna.com.br\/new\/wp-content\/uploads\/2025\/01\/Encontro-discutiu-futura-parceria-entre-EMASA-e-UESC-300x200.jpg 300w, https:\/\/emasaitabuna.com.br\/new\/wp-content\/uploads\/2025\/01\/Encontro-discutiu-futura-parceria-entre-EMASA-e-UESC-400x267.jpg 400w, https:\/\/emasaitabuna.com.br\/new\/wp-content\/uploads\/2025\/01\/Encontro-discutiu-futura-parceria-entre-EMASA-e-UESC-500x333.jpg 500w, https:\/\/emasaitabuna.com.br\/new\/wp-content\/uploads\/2025\/01\/Encontro-discutiu-futura-parceria-entre-EMASA-e-UESC-600x400.jpg 600w, https:\/\/emasaitabuna.com.br\/new\/wp-content\/uploads\/2025\/01\/Encontro-discutiu-futura-parceria-entre-EMASA-e-UESC-768x512.jpg 768w, https:\/\/emasaitabuna.com.br\/new\/wp-content\/uploads\/2025\/01\/Encontro-discutiu-futura-parceria-entre-EMASA-e-UESC-800x533.jpg 800w, https:\/\/emasaitabuna.com.br\/new\/wp-content\/uploads\/2025\/01\/Encontro-discutiu-futura-parceria-entre-EMASA-e-UESC-1200x800.jpg 1200w, https:\/\/emasaitabuna.com.br\/new\/wp-content\/uploads\/2025\/01\/Encontro-discutiu-futura-parceria-entre-EMASA-e-UESC-1536x1023.jpg 1536w, https:\/\/emasaitabuna.com.br\/new\/wp-content\/uploads\/2025\/01\/Encontro-discutiu-futura-parceria-entre-EMASA-e-UESC.jpg 1600w\" sizes=\"(max-width: 1600px) 100vw, 1600px\" \/><p id=\"caption-attachment-2634\" class=\"wp-caption-text\">Encontro discutiu futura parceria entre EMASA e UESC<\/p><\/div>\n<p>\u201cFalo comunidade de uma forma ampla, envolvendo todos os segmentos da sociedade e a popula\u00e7\u00e3o em geral. Precisamos da parceria e do apoio da UESC enquanto institui\u00e7\u00e3o de ensino superior, nas \u00e1reas operacional, ambiental e no acesso \u00e0s comunidades\u201d, salientou Maia.<\/p>\n<p>Entusiasta da colabora\u00e7\u00e3o com universidades, Ivan Maia enfatizou o potencial transformador dessa parceria: \u201cPenso que podemos desenvolver a\u00e7\u00f5es que possam fortalecer a EMASA e a UESC, com ganhos para toda a sociedade de Itabuna\u201d, afirmou Ivan Maia.<\/p>\n<p>O reitor sugeriu que seja feito minuta de um projeto com o objetivo de promover transforma\u00e7\u00f5es sociais e ambientais na comunidade, come\u00e7ando pela \u00e1rea de ensino.<\/p>\n<p>\u201cCom esse projeto, a EMASA poder\u00e1 nos demandar o que desejar enquanto a UESC buscar\u00e1 atender com nosso corpo acad\u00eamico\u201d, ressaltou o reitor Alessandro Fernandes.<\/p>\n<p>O diretor e o assessor t\u00e9cnico da EMASA, Fernando Duarte e Agnaldo Pereira, respectivamente, ficaram com a tarefa de estruturar a minuta do projeto e os documentos necess\u00e1rios para formalizar a parceria.<\/p>\n<p>Com essa parceria, a EMASA e a UESC reafirmam o compromisso em unir esfor\u00e7os para impulsionar o desenvolvimento sustent\u00e1vel e contribuir significativamente para a qualidade de vida da popula\u00e7\u00e3o de Itabuna.<\/p>\n<p>&#8212;&#8211;<br \/>\nAssessoria de Comunica\u00e7\u00e3o Social da EMASA<br \/>\n08\/janeiro\/2025<\/p>\n","protected":false},"excerpt":{"rendered":"<p>O presidente da Empresa Municipal de \u00c1guas e Saneamento (EMASA), Ivan Maia, acompanhado do diretor t\u00e9cnico Fernando Duarte e do [&hellip;]<\/p>\n","protected":false},"author":1,"featured_media":2634,"comment_status":"open","ping_status":"open","sticky":false,"template":"","format":"standard","meta":{"nf_dc_page":"","footnotes":""},"categories":[9],"tags":[],"class_list":["post-2632","post","type-post","status-publish","format-standard","has-post-thumbnail","hentry","category-noticias"],"_links":{"self":[{"href":"https:\/\/emasaitabuna.com.br\/new\/wp-json\/wp\/v2\/posts\/2632","targetHints":{"allow":["GET"]}}],"collection":[{"href":"https:\/\/emasaitabuna.com.br\/new\/wp-json\/wp\/v2\/posts"}],"about":[{"href":"https:\/\/emasaitabuna.com.br\/new\/wp-json\/wp\/v2\/types\/post"}],"author":[{"embeddable":true,"href":"https:\/\/emasaitabuna.com.br\/new\/wp-json\/wp\/v2\/users\/1"}],"replies":[{"embeddable":true,"href":"https:\/\/emasaitabuna.com.br\/new\/wp-json\/wp\/v2\/comments?post=2632"}],"version-history":[{"count":2,"href":"https:\/\/emasaitabuna.com.br\/new\/wp-json\/wp\/v2\/posts\/2632\/revisions"}],"predecessor-version":[{"id":2636,"href":"https:\/\/emasaitabuna.com.br\/new\/wp-json\/wp\/v2\/posts\/2632\/revisions\/2636"}],"wp:featuredmedia":[{"embeddable":true,"href":"https:\/\/emasaitabuna.com.br\/new\/wp-json\/wp\/v2\/media\/2634"}],"wp:attachment":[{"href":"https:\/\/emasaitabuna.com.br\/new\/wp-json\/wp\/v2\/media?parent=2632"}],"wp:term":[{"taxonomy":"category","embeddable":true,"href":"https:\/\/emasaitabuna.com.br\/new\/wp-json\/wp\/v2\/categories?post=2632"},{"taxonomy":"post_tag","embeddable":true,"href":"https:\/\/emasaitabuna.com.br\/new\/wp-json\/wp\/v2\/tags?post=2632"}],"curies":[{"name":"wp","href":"https:\/\/api.w.org\/{rel}","templated":true}]}}