{"id":2655,"date":"2025-01-10T18:59:25","date_gmt":"2025-01-10T21:59:25","guid":{"rendered":"https:\/\/emasaitabuna.com.br\/new\/?p=2655"},"modified":"2025-01-10T19:02:08","modified_gmt":"2025-01-10T22:02:08","slug":"nova-diretoria-aponta-desafios-e-objetivos-para-os-proximos-anos-em-encontro-virtual-com-colaboradores-da-emasa","status":"publish","type":"post","link":"https:\/\/emasaitabuna.com.br\/new\/nova-diretoria-aponta-desafios-e-objetivos-para-os-proximos-anos-em-encontro-virtual-com-colaboradores-da-emasa\/","title":{"rendered":"Nova diretoria aponta desafios e objetivos para os pr\u00f3ximos anos em encontro virtual com colaboradores da EMASA"},"content":{"rendered":"<p><img decoding=\"async\" class=\"aligncenter wp-image-2656 size-full\" src=\"https:\/\/emasaitabuna.com.br\/new\/wp-content\/uploads\/2025\/01\/IMG-20250110-WA0006.jpg\" alt=\"Nova dire\u00e7\u00e3o da EMASA, exp\u00f4s as novas propostas para os funcion\u00e1rios da empresa durante encontro vitual.\" width=\"1600\" height=\"1066\" srcset=\"https:\/\/emasaitabuna.com.br\/new\/wp-content\/uploads\/2025\/01\/IMG-20250110-WA0006-200x133.jpg 200w, https:\/\/emasaitabuna.com.br\/new\/wp-content\/uploads\/2025\/01\/IMG-20250110-WA0006-300x200.jpg 300w, https:\/\/emasaitabuna.com.br\/new\/wp-content\/uploads\/2025\/01\/IMG-20250110-WA0006-400x267.jpg 400w, https:\/\/emasaitabuna.com.br\/new\/wp-content\/uploads\/2025\/01\/IMG-20250110-WA0006-500x333.jpg 500w, https:\/\/emasaitabuna.com.br\/new\/wp-content\/uploads\/2025\/01\/IMG-20250110-WA0006-600x400.jpg 600w, https:\/\/emasaitabuna.com.br\/new\/wp-content\/uploads\/2025\/01\/IMG-20250110-WA0006-768x512.jpg 768w, https:\/\/emasaitabuna.com.br\/new\/wp-content\/uploads\/2025\/01\/IMG-20250110-WA0006-800x533.jpg 800w, https:\/\/emasaitabuna.com.br\/new\/wp-content\/uploads\/2025\/01\/IMG-20250110-WA0006-1200x800.jpg 1200w, https:\/\/emasaitabuna.com.br\/new\/wp-content\/uploads\/2025\/01\/IMG-20250110-WA0006-1536x1023.jpg 1536w, https:\/\/emasaitabuna.com.br\/new\/wp-content\/uploads\/2025\/01\/IMG-20250110-WA0006.jpg 1600w\" sizes=\"(max-width: 1600px) 100vw, 1600px\" \/><\/p>\n<h5 style=\"text-align: center;\"><em>A nova diretoria da Empresa Municipal de \u00c1guas e Saneamento (EMASA) realizou encontro virtual com os colaboradores na manh\u00e3 de hoje, dia 10. O encontro, in\u00e9dito na empresa, teve a finalidade de apresentar aos colaboradores da empresa, os novos gestores e expor algumas propostas de trabalho.<\/em><\/h5>\n<p>O novo presidente da EMASA, Ivan Maia, abriu as falas apresentando os diretores e em seguida passou a palavra para a cada um deles.<\/p>\n<p>A procuradora jur\u00eddica Fabiana Rocha, por exemplo, falou da import\u00e2ncia dessa intera\u00e7\u00e3o e se colocou \u00e0 disposi\u00e7\u00e3o de cada colaborador da empresa. \u201cO jur\u00eddico da EMASA est\u00e1 de portas abertas para atender aos nossos colegas de trabalho e sempre pronta para servir dentro do poss\u00edvel\u201d disse.<\/p>\n<p>O diretor Administrativo, Mois\u00e9s Figueiredo, que em 2021 passou pela procuradoria jur\u00eddica da empresa, destacou a necessidade de trabalhar a valoriza\u00e7\u00e3o dos colaboradores. \u201cTemos um vasto campo de trabalho e temos com prop\u00f3sito, sempre estar \u00e0 disposi\u00e7\u00e3o de cada um\u201d, afirmou.<\/p>\n<p>O diretor Financeiro, Ronaldo J\u00fanior, ressaltou o desafio de fortalecer a \u00e1rea comercial da EMASA, reconhecendo-a como um pilar essencial para a sustentabilidade da empresa. Al\u00e9m disso, citou o Projeto Mais \u00c1gua, e sua import\u00e2ncia social, que ir\u00e1 melhorar a qualidade de vida das pessoas com o fim do fornecimento de \u00e1gua intermitente.<\/p>\n<p>\u201cO Mais \u00c1gua \u00e9 um marco para Itabuna, que dar\u00e1 fim ao servi\u00e7o de manobras, isso \u00e9 muito importante levar \u00e1gua para localidades que ficam at\u00e9 15 dias sem o abastecimento. Al\u00e9m disso, vamos melhorar o relacionamento com os nossos clientes, que \u00e9 a figura central e mais relevante para a EMASA\u201d, assegurou Ronaldo Junior.<\/p>\n<p>O diretor T\u00e9cnico, Fernando Duarte, saudou a iniciativa do presidente Ivan Maia em realizar um evento para que os funcion\u00e1rios tomassem conhecimento das propostas da nova administra\u00e7\u00e3o da EMASA.<\/p>\n<p>\u201c\u00c9 importante buscar essa proximidade com os colaboradores, colaboradores que est\u00e3o nos ajudando a materializar os projetos estruturantes e no dia a dia temos colegas que s\u00e3o verdadeiros baluartes, como Jo\u00e3o Bitencourt, um exemplo para todos que comp\u00f5em o quadro da EMASA\u201d, afirmou Duarte.<\/p>\n<p>Um dos respons\u00e1veis pelo processo de municipaliza\u00e7\u00e3o do sistema de \u00e1gua e esgoto de Itabuna h\u00e1 35 anos, o diretor de Planejamento da EMASA, Jos\u00e9 Silva, salientou a import\u00e2ncia dos colaboradores da empresa.<\/p>\n<p>\u201cA EMASA \u00e9 formada por pessoas que trabalham com afinco. Colaboradores que n\u00e3o medem esfor\u00e7os em atender nosso p\u00fablico consumidor. Com os projetos que est\u00e3o sendo finalizados e os que ser\u00e3o implantados daremos um salto na qualidade do servi\u00e7o prestado a popula\u00e7\u00e3o\u201d, garantiu Silva.<\/p>\n<p>O novo presidente Ivan Maia exp\u00f4s sobre sua carreira profissional, desde quando entrou na EMBASA como menor aprendiz aos 14 anos. \u201cTenho muito orgulho de minha trajet\u00f3ria. Por isso, quando o prefeito Augusto Castro (PSD) nos convidou para presidir a EMASA, sabia dos desafios\u201d, disse.<\/p>\n<p>\u201cEstamos diretores, isso aqui \u00e9 uma passagem e no per\u00edodo que aqui estivermos, vamos fazer o melhor na nossa fun\u00e7\u00e3o como l\u00edder, que \u00e9 dar condi\u00e7\u00f5es para que os liderados consigam executar as tarefas da melhor forma poss\u00edvel\u201d, disse Maia, que tamb\u00e9m se comprometeu em modernizar a EMASA.<\/p>\n<p>\u201cVamos buscar parcerias e criar novas formas de trabalho para reaproximar a empresa da comunidade, e do corpo diretivo aos colaboradores. E s\u00f3 conseguiremos com o envolvimento de todos. J\u00e1 conhecia a realidade de Itabuna em rela\u00e7\u00e3o ao saneamento, mas n\u00e3o tinha ideia da riqueza que voc\u00eas s\u00e3o. Conhecer a EMASA por dentro e identificar pessoas altamente capazes e ver todo esse potencial torna as coisas mais f\u00e1ceis para alcan\u00e7ar nossos objetivos\u201d, finalizou o presidente.<\/p>\n<p>&#8212;&#8212;<\/p>\n<p>Assessoria de Comunica\u00e7\u00e3o Social da EMASA<\/p>\n<p>10\/janeiro\/2025<\/p>\n","protected":false},"excerpt":{"rendered":"<p>A nova diretoria da Empresa Municipal de \u00c1guas e Saneamento (EMASA) realizou encontro virtual com os colaboradores na manh\u00e3 de [&hellip;]<\/p>\n","protected":false},"author":1,"featured_media":2656,"comment_status":"open","ping_status":"open","sticky":false,"template":"","format":"standard","meta":{"nf_dc_page":"","footnotes":""},"categories":[9],"tags":[],"class_list":["post-2655","post","type-post","status-publish","format-standard","has-post-thumbnail","hentry","category-noticias"],"_links":{"self":[{"href":"https:\/\/emasaitabuna.com.br\/new\/wp-json\/wp\/v2\/posts\/2655","targetHints":{"allow":["GET"]}}],"collection":[{"href":"https:\/\/emasaitabuna.com.br\/new\/wp-json\/wp\/v2\/posts"}],"about":[{"href":"https:\/\/emasaitabuna.com.br\/new\/wp-json\/wp\/v2\/types\/post"}],"author":[{"embeddable":true,"href":"https:\/\/emasaitabuna.com.br\/new\/wp-json\/wp\/v2\/users\/1"}],"replies":[{"embeddable":true,"href":"https:\/\/emasaitabuna.com.br\/new\/wp-json\/wp\/v2\/comments?post=2655"}],"version-history":[{"count":4,"href":"https:\/\/emasaitabuna.com.br\/new\/wp-json\/wp\/v2\/posts\/2655\/revisions"}],"predecessor-version":[{"id":2660,"href":"https:\/\/emasaitabuna.com.br\/new\/wp-json\/wp\/v2\/posts\/2655\/revisions\/2660"}],"wp:featuredmedia":[{"embeddable":true,"href":"https:\/\/emasaitabuna.com.br\/new\/wp-json\/wp\/v2\/media\/2656"}],"wp:attachment":[{"href":"https:\/\/emasaitabuna.com.br\/new\/wp-json\/wp\/v2\/media?parent=2655"}],"wp:term":[{"taxonomy":"category","embeddable":true,"href":"https:\/\/emasaitabuna.com.br\/new\/wp-json\/wp\/v2\/categories?post=2655"},{"taxonomy":"post_tag","embeddable":true,"href":"https:\/\/emasaitabuna.com.br\/new\/wp-json\/wp\/v2\/tags?post=2655"}],"curies":[{"name":"wp","href":"https:\/\/api.w.org\/{rel}","templated":true}]}}