{"id":2663,"date":"2025-01-10T19:22:58","date_gmt":"2025-01-10T22:22:58","guid":{"rendered":"https:\/\/emasaitabuna.com.br\/new\/?p=2663"},"modified":"2025-01-10T19:23:42","modified_gmt":"2025-01-10T22:23:42","slug":"prefeito-augusto-castro-quer-o-mais-agua-em-operacao-com-a-maxima-brevidade","status":"publish","type":"post","link":"https:\/\/emasaitabuna.com.br\/new\/prefeito-augusto-castro-quer-o-mais-agua-em-operacao-com-a-maxima-brevidade\/","title":{"rendered":"Prefeito Augusto Castro quer o Mais \u00c1gua em opera\u00e7\u00e3o com a m\u00e1xima brevidade"},"content":{"rendered":"<p><img decoding=\"async\" class=\"aligncenter wp-image-2664 size-full\" src=\"https:\/\/emasaitabuna.com.br\/new\/wp-content\/uploads\/2025\/01\/IMG-20250110-WA0007.jpg\" alt=\"Prefeito quer finaliza\u00e7\u00e3o das obras do Mais \u00c1gua com celeridade.\" width=\"1355\" height=\"1063\" srcset=\"https:\/\/emasaitabuna.com.br\/new\/wp-content\/uploads\/2025\/01\/IMG-20250110-WA0007-200x157.jpg 200w, https:\/\/emasaitabuna.com.br\/new\/wp-content\/uploads\/2025\/01\/IMG-20250110-WA0007-300x235.jpg 300w, https:\/\/emasaitabuna.com.br\/new\/wp-content\/uploads\/2025\/01\/IMG-20250110-WA0007-400x314.jpg 400w, https:\/\/emasaitabuna.com.br\/new\/wp-content\/uploads\/2025\/01\/IMG-20250110-WA0007-500x392.jpg 500w, https:\/\/emasaitabuna.com.br\/new\/wp-content\/uploads\/2025\/01\/IMG-20250110-WA0007-600x471.jpg 600w, https:\/\/emasaitabuna.com.br\/new\/wp-content\/uploads\/2025\/01\/IMG-20250110-WA0007-768x602.jpg 768w, https:\/\/emasaitabuna.com.br\/new\/wp-content\/uploads\/2025\/01\/IMG-20250110-WA0007-800x628.jpg 800w, https:\/\/emasaitabuna.com.br\/new\/wp-content\/uploads\/2025\/01\/IMG-20250110-WA0007-1200x941.jpg 1200w, https:\/\/emasaitabuna.com.br\/new\/wp-content\/uploads\/2025\/01\/IMG-20250110-WA0007.jpg 1355w\" sizes=\"(max-width: 1355px) 100vw, 1355px\" \/><\/p>\n<p>Comprometido em entregar o Mais \u00c1gua para a Cidade o mais r\u00e1pido poss\u00edvel, o prefeito de Itabuna, Augusto Castro (PSD), e o presidente da Empresa Municipal de \u00c1guas e Saneamento (EMASA), Ivan Maia, estiveram visitando o reservat\u00f3rio do projeto, com capacidade de armazenar 3 milh\u00f5es de litros de \u00e1gua instalado no Bairro Novo Lomanto.<\/p>\n<p>O presidente Ivan Maia e o gerente t\u00e9cnico da EMASA, Jo\u00e3o Bitencourt, explicaram ao prefeito Augusto Castro, o pouco que ainda falta para o sistema entrar em opera\u00e7\u00e3o. O prefeito ouviu atentamente o que precisa ser feito e afirmou que ir\u00e1 buscar meios para que o novo sistema seja entregue \u00e0 popula\u00e7\u00e3o com maior brevidade.<\/p>\n<p>\u201cPelo que nos foi passado, ainda falta realizar algumas conex\u00f5es e testes. O presidente Ivan Maia e sua equipe v\u00e3o se empenhar para finalizar o que ainda resta para fazer com que o sistema comece a operar para dar fim a falta de \u00e1gua em Itabuna\u201d, declarou o prefeito Augusto Castro.<\/p>\n<p>De acordo com o presidente Ivan Maia, um cronograma ser\u00e1 elaborado com os t\u00e9cnicos da EMASA e da empresa respons\u00e1vel pela execu\u00e7\u00e3o das obras com o intuito de finalizar tudo para o Mais \u00c1gua entrar em opera\u00e7\u00e3o em cumprimento \u00e0 determina\u00e7\u00e3o do Chefe do Executivo itabunense.<\/p>\n<p>\u201cVamos trabalhar para concluir o projeto como determinou o prefeito Augusto Castro. Finalizar o Projeto Mais \u00c1gua \u00e9 a prioridade do in\u00edcio de nossa gest\u00e3o \u00e0 frente da empresa\u201d, assegurou o novo presidente da EMASA.<\/p>\n<p>Al\u00e9m do presidente e do gerente t\u00e9cnico, acompanharam a visita do prefeito ao reservat\u00f3rio do Novo Lomanto, os diretores Fernando Duarte (T\u00e9cnico), Ronaldo J\u00fanior (Financeiro), Jos\u00e9 Silva (Planejamento), Mois\u00e9s Figueiredo (Administrativo) e a procuradora jur\u00eddica Fabiana Rocha. Al\u00e9m deles, a secret\u00e1ria municipal de Infraestrutura e Urbanismo, S\u00f4nia Fontes.<\/p>\n<p>O reservat\u00f3rio instalado no Novo Lomanto atender\u00e1 parte da \u00e1rea central e os bairros Zildol\u00e2ndia, Santa Catarina, Teclo Conrado, Odilon, Lomanto, Novo Lomanto, Nova Mangabinha, Mangabinha, Bananeira e o condom\u00ednio residencial VOG Grapi\u00fana.<\/p>\n<p>&#8212;&#8212;<\/p>\n<p>Assessoria de Comunica\u00e7\u00e3o Social da EMASA<\/p>\n<p>10\/janeiro\/2025.<\/p>\n","protected":false},"excerpt":{"rendered":"<p>Comprometido em entregar o Mais \u00c1gua para a Cidade o mais r\u00e1pido poss\u00edvel, o prefeito de Itabuna, Augusto Castro (PSD), [&hellip;]<\/p>\n","protected":false},"author":1,"featured_media":2664,"comment_status":"open","ping_status":"open","sticky":false,"template":"","format":"standard","meta":{"nf_dc_page":"","footnotes":""},"categories":[9],"tags":[],"class_list":["post-2663","post","type-post","status-publish","format-standard","has-post-thumbnail","hentry","category-noticias"],"_links":{"self":[{"href":"https:\/\/emasaitabuna.com.br\/new\/wp-json\/wp\/v2\/posts\/2663","targetHints":{"allow":["GET"]}}],"collection":[{"href":"https:\/\/emasaitabuna.com.br\/new\/wp-json\/wp\/v2\/posts"}],"about":[{"href":"https:\/\/emasaitabuna.com.br\/new\/wp-json\/wp\/v2\/types\/post"}],"author":[{"embeddable":true,"href":"https:\/\/emasaitabuna.com.br\/new\/wp-json\/wp\/v2\/users\/1"}],"replies":[{"embeddable":true,"href":"https:\/\/emasaitabuna.com.br\/new\/wp-json\/wp\/v2\/comments?post=2663"}],"version-history":[{"count":2,"href":"https:\/\/emasaitabuna.com.br\/new\/wp-json\/wp\/v2\/posts\/2663\/revisions"}],"predecessor-version":[{"id":2666,"href":"https:\/\/emasaitabuna.com.br\/new\/wp-json\/wp\/v2\/posts\/2663\/revisions\/2666"}],"wp:featuredmedia":[{"embeddable":true,"href":"https:\/\/emasaitabuna.com.br\/new\/wp-json\/wp\/v2\/media\/2664"}],"wp:attachment":[{"href":"https:\/\/emasaitabuna.com.br\/new\/wp-json\/wp\/v2\/media?parent=2663"}],"wp:term":[{"taxonomy":"category","embeddable":true,"href":"https:\/\/emasaitabuna.com.br\/new\/wp-json\/wp\/v2\/categories?post=2663"},{"taxonomy":"post_tag","embeddable":true,"href":"https:\/\/emasaitabuna.com.br\/new\/wp-json\/wp\/v2\/tags?post=2663"}],"curies":[{"name":"wp","href":"https:\/\/api.w.org\/{rel}","templated":true}]}}