{"id":2668,"date":"2025-01-11T08:21:21","date_gmt":"2025-01-11T11:21:21","guid":{"rendered":"https:\/\/emasaitabuna.com.br\/new\/?p=2668"},"modified":"2025-01-11T08:21:21","modified_gmt":"2025-01-11T11:21:21","slug":"falta-de-energia-nas-estacoes-da-emasa-paralisa-a-producao-e-distribuicao-de-agua-em-itabuna","status":"publish","type":"post","link":"https:\/\/emasaitabuna.com.br\/new\/falta-de-energia-nas-estacoes-da-emasa-paralisa-a-producao-e-distribuicao-de-agua-em-itabuna\/","title":{"rendered":"Falta de energia nas esta\u00e7\u00f5es da EMASA paralisa a produ\u00e7\u00e3o e distribui\u00e7\u00e3o de \u00e1gua em Itabuna"},"content":{"rendered":"<div id=\"attachment_2669\" style=\"width: 1290px\" class=\"wp-caption aligncenter\"><img decoding=\"async\" aria-describedby=\"caption-attachment-2669\" class=\"size-full wp-image-2669\" src=\"https:\/\/emasaitabuna.com.br\/new\/wp-content\/uploads\/2025\/01\/Alem-da-Estacao-de-Captacao-de-Agua-Bruto-em-Rio-do-Braco-a-Estacao-Elevatoria-de-Agua-em-Mutuns-tambem-esta-sem-energia-eletrica-desde-as-primeiras-horas-de-hoje.jpg\" alt=\"\" width=\"1280\" height=\"576\" srcset=\"https:\/\/emasaitabuna.com.br\/new\/wp-content\/uploads\/2025\/01\/Alem-da-Estacao-de-Captacao-de-Agua-Bruto-em-Rio-do-Braco-a-Estacao-Elevatoria-de-Agua-em-Mutuns-tambem-esta-sem-energia-eletrica-desde-as-primeiras-horas-de-hoje-200x90.jpg 200w, https:\/\/emasaitabuna.com.br\/new\/wp-content\/uploads\/2025\/01\/Alem-da-Estacao-de-Captacao-de-Agua-Bruto-em-Rio-do-Braco-a-Estacao-Elevatoria-de-Agua-em-Mutuns-tambem-esta-sem-energia-eletrica-desde-as-primeiras-horas-de-hoje-300x135.jpg 300w, https:\/\/emasaitabuna.com.br\/new\/wp-content\/uploads\/2025\/01\/Alem-da-Estacao-de-Captacao-de-Agua-Bruto-em-Rio-do-Braco-a-Estacao-Elevatoria-de-Agua-em-Mutuns-tambem-esta-sem-energia-eletrica-desde-as-primeiras-horas-de-hoje-400x180.jpg 400w, https:\/\/emasaitabuna.com.br\/new\/wp-content\/uploads\/2025\/01\/Alem-da-Estacao-de-Captacao-de-Agua-Bruto-em-Rio-do-Braco-a-Estacao-Elevatoria-de-Agua-em-Mutuns-tambem-esta-sem-energia-eletrica-desde-as-primeiras-horas-de-hoje-500x225.jpg 500w, https:\/\/emasaitabuna.com.br\/new\/wp-content\/uploads\/2025\/01\/Alem-da-Estacao-de-Captacao-de-Agua-Bruto-em-Rio-do-Braco-a-Estacao-Elevatoria-de-Agua-em-Mutuns-tambem-esta-sem-energia-eletrica-desde-as-primeiras-horas-de-hoje-600x270.jpg 600w, https:\/\/emasaitabuna.com.br\/new\/wp-content\/uploads\/2025\/01\/Alem-da-Estacao-de-Captacao-de-Agua-Bruto-em-Rio-do-Braco-a-Estacao-Elevatoria-de-Agua-em-Mutuns-tambem-esta-sem-energia-eletrica-desde-as-primeiras-horas-de-hoje-768x346.jpg 768w, https:\/\/emasaitabuna.com.br\/new\/wp-content\/uploads\/2025\/01\/Alem-da-Estacao-de-Captacao-de-Agua-Bruto-em-Rio-do-Braco-a-Estacao-Elevatoria-de-Agua-em-Mutuns-tambem-esta-sem-energia-eletrica-desde-as-primeiras-horas-de-hoje-800x360.jpg 800w, https:\/\/emasaitabuna.com.br\/new\/wp-content\/uploads\/2025\/01\/Alem-da-Estacao-de-Captacao-de-Agua-Bruto-em-Rio-do-Braco-a-Estacao-Elevatoria-de-Agua-em-Mutuns-tambem-esta-sem-energia-eletrica-desde-as-primeiras-horas-de-hoje-1200x540.jpg 1200w, https:\/\/emasaitabuna.com.br\/new\/wp-content\/uploads\/2025\/01\/Alem-da-Estacao-de-Captacao-de-Agua-Bruto-em-Rio-do-Braco-a-Estacao-Elevatoria-de-Agua-em-Mutuns-tambem-esta-sem-energia-eletrica-desde-as-primeiras-horas-de-hoje.jpg 1280w\" sizes=\"(max-width: 1280px) 100vw, 1280px\" \/><p id=\"caption-attachment-2669\" class=\"wp-caption-text\">Al\u00e9m da Esta\u00e7\u00e3o de Capta\u00e7\u00e3o de \u00c1gua Bruto, em Rio do Bra\u00e7o, a Esta\u00e7\u00e3o Elevat\u00f3ria de \u00c1gua, em Mutuns, tamb\u00e9m est\u00e1 sem energia el\u00e9trica desde as primeiras horas de hoje.<\/p><\/div>\n<p>A Esta\u00e7\u00e3o de Capta\u00e7\u00e3o de \u00c1gua Bruta, no povoado de Rio do Bra\u00e7o, distrito de Banco do Pedro, em Ilh\u00e9us e a Esta\u00e7\u00e3o Elevat\u00f3ria de \u00c1gua, em Mutuns, distrito de Itabuna, est\u00e3o com suas opera\u00e7\u00f5es paralisadas desde a zero hora, de hoje, dia 11, devido \u00e0 falta de energia el\u00e9trica. A paralisa\u00e7\u00e3o ir\u00e1 afetar a produ\u00e7\u00e3o e distribui\u00e7\u00e3o de \u00e1gua tratada pela Empresa Municipal de \u00c1guas e Saneamento (EMASA) e atingir o abastecimento de \u00e1gua para a popula\u00e7\u00e3o de Itabuna.<\/p>\n<p>A Ger\u00eancia T\u00e9cnica da EMASA comunicou a falta de energia nas esta\u00e7\u00f5es ainda na madrugada e aguarda um posicionamento por parte Neoenergia Coelba. \u201cEstamos aguardando uma posi\u00e7\u00e3o da Coelba e o reestabelecimento da energia el\u00e9trica para retomar as opera\u00e7\u00f5es em nossas esta\u00e7\u00f5es. Essa paralisa\u00e7\u00e3o afeta o cronograma do sistema de manobras, atrasando toda programa\u00e7\u00e3o do fornecimento de \u00e1gua para a cidade de Itabuna\u201d, afirmou o gerente t\u00e9cnico da EMASA, Jo\u00e3o Bitencourt.<\/p>\n<p>O gerente t\u00e9cnico da EMASA pede que a popula\u00e7\u00e3o fa\u00e7a o consumo racional da \u00e1gua, evitando o desperd\u00edcio. \u201cN\u00e3o sabemos quando teremos a energia de volta, por isso, \u00e9 importante que se evite o desperd\u00edcio, a recomenda\u00e7\u00e3o \u00e9 que a popula\u00e7\u00e3o economize \u00e1gua\u201d, apelou Jo\u00e3o Bitencourt.<\/p>\n<p>&#8212;&#8212;<br \/>\nAssessoria de Comunica\u00e7\u00e3o Social da EMASA<br \/>\n11\/janeiro\/2025<\/p>\n","protected":false},"excerpt":{"rendered":"<p>A Esta\u00e7\u00e3o de Capta\u00e7\u00e3o de \u00c1gua Bruta, no povoado de Rio do Bra\u00e7o, distrito de Banco do Pedro, em Ilh\u00e9us [&hellip;]<\/p>\n","protected":false},"author":1,"featured_media":2669,"comment_status":"open","ping_status":"open","sticky":false,"template":"","format":"standard","meta":{"nf_dc_page":"","footnotes":""},"categories":[9],"tags":[],"class_list":["post-2668","post","type-post","status-publish","format-standard","has-post-thumbnail","hentry","category-noticias"],"_links":{"self":[{"href":"https:\/\/emasaitabuna.com.br\/new\/wp-json\/wp\/v2\/posts\/2668","targetHints":{"allow":["GET"]}}],"collection":[{"href":"https:\/\/emasaitabuna.com.br\/new\/wp-json\/wp\/v2\/posts"}],"about":[{"href":"https:\/\/emasaitabuna.com.br\/new\/wp-json\/wp\/v2\/types\/post"}],"author":[{"embeddable":true,"href":"https:\/\/emasaitabuna.com.br\/new\/wp-json\/wp\/v2\/users\/1"}],"replies":[{"embeddable":true,"href":"https:\/\/emasaitabuna.com.br\/new\/wp-json\/wp\/v2\/comments?post=2668"}],"version-history":[{"count":1,"href":"https:\/\/emasaitabuna.com.br\/new\/wp-json\/wp\/v2\/posts\/2668\/revisions"}],"predecessor-version":[{"id":2670,"href":"https:\/\/emasaitabuna.com.br\/new\/wp-json\/wp\/v2\/posts\/2668\/revisions\/2670"}],"wp:featuredmedia":[{"embeddable":true,"href":"https:\/\/emasaitabuna.com.br\/new\/wp-json\/wp\/v2\/media\/2669"}],"wp:attachment":[{"href":"https:\/\/emasaitabuna.com.br\/new\/wp-json\/wp\/v2\/media?parent=2668"}],"wp:term":[{"taxonomy":"category","embeddable":true,"href":"https:\/\/emasaitabuna.com.br\/new\/wp-json\/wp\/v2\/categories?post=2668"},{"taxonomy":"post_tag","embeddable":true,"href":"https:\/\/emasaitabuna.com.br\/new\/wp-json\/wp\/v2\/tags?post=2668"}],"curies":[{"name":"wp","href":"https:\/\/api.w.org\/{rel}","templated":true}]}}