{"id":2672,"date":"2025-01-12T09:20:37","date_gmt":"2025-01-12T12:20:37","guid":{"rendered":"https:\/\/emasaitabuna.com.br\/new\/?p=2672"},"modified":"2025-01-12T09:20:37","modified_gmt":"2025-01-12T12:20:37","slug":"coelba-restabelece-a-energia-eletrica-para-as-estacoes-da-emasa-depois-de-15-horas","status":"publish","type":"post","link":"https:\/\/emasaitabuna.com.br\/new\/coelba-restabelece-a-energia-eletrica-para-as-estacoes-da-emasa-depois-de-15-horas\/","title":{"rendered":"Coelba restabelece a energia el\u00e9trica para as esta\u00e7\u00f5es da EMASA depois de 15 horas"},"content":{"rendered":"<div id=\"attachment_2673\" style=\"width: 1610px\" class=\"wp-caption aligncenter\"><img decoding=\"async\" aria-describedby=\"caption-attachment-2673\" src=\"https:\/\/emasaitabuna.com.br\/new\/wp-content\/uploads\/2025\/01\/A-interrupcao-no-fornecimento-de-energia-eletrica-em-funcao-das-chuvas-ira-atrasar-o-fornecimento-de-agua-para-a-cidade-de-Itabuna.jpg\" alt=\"\" width=\"1600\" height=\"1066\" class=\"size-full wp-image-2673\" srcset=\"https:\/\/emasaitabuna.com.br\/new\/wp-content\/uploads\/2025\/01\/A-interrupcao-no-fornecimento-de-energia-eletrica-em-funcao-das-chuvas-ira-atrasar-o-fornecimento-de-agua-para-a-cidade-de-Itabuna-200x133.jpg 200w, https:\/\/emasaitabuna.com.br\/new\/wp-content\/uploads\/2025\/01\/A-interrupcao-no-fornecimento-de-energia-eletrica-em-funcao-das-chuvas-ira-atrasar-o-fornecimento-de-agua-para-a-cidade-de-Itabuna-300x200.jpg 300w, https:\/\/emasaitabuna.com.br\/new\/wp-content\/uploads\/2025\/01\/A-interrupcao-no-fornecimento-de-energia-eletrica-em-funcao-das-chuvas-ira-atrasar-o-fornecimento-de-agua-para-a-cidade-de-Itabuna-400x267.jpg 400w, https:\/\/emasaitabuna.com.br\/new\/wp-content\/uploads\/2025\/01\/A-interrupcao-no-fornecimento-de-energia-eletrica-em-funcao-das-chuvas-ira-atrasar-o-fornecimento-de-agua-para-a-cidade-de-Itabuna-500x333.jpg 500w, https:\/\/emasaitabuna.com.br\/new\/wp-content\/uploads\/2025\/01\/A-interrupcao-no-fornecimento-de-energia-eletrica-em-funcao-das-chuvas-ira-atrasar-o-fornecimento-de-agua-para-a-cidade-de-Itabuna-600x400.jpg 600w, https:\/\/emasaitabuna.com.br\/new\/wp-content\/uploads\/2025\/01\/A-interrupcao-no-fornecimento-de-energia-eletrica-em-funcao-das-chuvas-ira-atrasar-o-fornecimento-de-agua-para-a-cidade-de-Itabuna-768x512.jpg 768w, https:\/\/emasaitabuna.com.br\/new\/wp-content\/uploads\/2025\/01\/A-interrupcao-no-fornecimento-de-energia-eletrica-em-funcao-das-chuvas-ira-atrasar-o-fornecimento-de-agua-para-a-cidade-de-Itabuna-800x533.jpg 800w, https:\/\/emasaitabuna.com.br\/new\/wp-content\/uploads\/2025\/01\/A-interrupcao-no-fornecimento-de-energia-eletrica-em-funcao-das-chuvas-ira-atrasar-o-fornecimento-de-agua-para-a-cidade-de-Itabuna-1200x800.jpg 1200w, https:\/\/emasaitabuna.com.br\/new\/wp-content\/uploads\/2025\/01\/A-interrupcao-no-fornecimento-de-energia-eletrica-em-funcao-das-chuvas-ira-atrasar-o-fornecimento-de-agua-para-a-cidade-de-Itabuna-1536x1023.jpg 1536w, https:\/\/emasaitabuna.com.br\/new\/wp-content\/uploads\/2025\/01\/A-interrupcao-no-fornecimento-de-energia-eletrica-em-funcao-das-chuvas-ira-atrasar-o-fornecimento-de-agua-para-a-cidade-de-Itabuna.jpg 1600w\" sizes=\"(max-width: 1600px) 100vw, 1600px\" \/><p id=\"caption-attachment-2673\" class=\"wp-caption-text\">A interrup\u00e7\u00e3o no fornecimento de energia el\u00e9trica em fun\u00e7\u00e3o das chuvas, ir\u00e1 atrasar o fornecimento de \u00e1gua para a cidade de Itabuna.<\/p><\/div>\n<p>A Empresa Municipal de \u00c1guas e Saneamento (EMASA) retomou a produ\u00e7\u00e3o de \u00e1gua tratada para os consumidores de Itabuna, depois  de uma paralisa\u00e7\u00e3o de pouco mais de 15 horas por falta de energia el\u00e9trica nas esta\u00e7\u00f5es de capta\u00e7\u00e3o de \u00c1gua Bruta, no povoado de Rio do Bra\u00e7o, distrito de Banco do Pedro, em Ilh\u00e9us, na elevat\u00f3ria de \u00c1gua, em Mutuns, distrito de Itabuna que voltaram a operar.<\/p>\n<p>Por volta das 15h30min, de ontem, dia 11, a Neoenergia Coelba  voltou a fornecer  energia el\u00e9trica nas duas esta\u00e7\u00f5es.<\/p>\n<p>A paralisa\u00e7\u00e3o no fornecimento de energia el\u00e9trica se deu em virtude da queda de \u00e1rvores sobre a fia\u00e7\u00e3o da rede da Neoenergia Coelba que, al\u00e9m de provocar o rompimento de cabos el\u00e9tricos, derrubou postes e interrompeu o abastecimento de energia para as esta\u00e7\u00f5es da EMASA.<\/p>\n<p>Segundo o gerente t\u00e9cnico da EMASA, Jo\u00e3o Bitencourt, essa interrup\u00e7\u00e3o da energia el\u00e9trica vai provocar um atraso de 36 horas no cronograma do sistema de manobras no abastecimento da cidade.<\/p>\n<p>\u201cA rede pr\u00f3pria da EMASA e a rede da Neoenergia Coelba cortam a mata fechada. Com as chuvas na regi\u00e3o nos \u00faltimos dias, a probabilidade de queda de \u00e1rvores \u00e9 uma constante. Esse incidente provocar\u00e1 atraso de aproximadamente 36 horas em nossas manobras. Vamos trabalhar para diminuir ao m\u00e1ximo esse tempo\u201d, disse o gerente t\u00e9cnico da EMASA, Jo\u00e3o Bitencourt.<\/p>\n<p>Ainda de acordo com Bitencourt, a presteza das equipes da Neoenergia Coelba em identificar e solucionar o problema, foi preponderante no restabelecimento da energia el\u00e9trica nos sistemas da EMASA.<\/p>\n<p>\u201c\u00c9 importante destacar a presteza das equipes da Neoenergia Coelba, que atuaram para recuperar a rede el\u00e9trica danificada e possibilitar a gente voltar a operar\u201d, reconheceu Bitencourt.<\/p>\n<p>&#8212;-<br \/>\nAssessoria de Comunica\u00e7\u00e3o Social da EMASA<br \/>\n12\/janeiro\/2025<\/p>\n","protected":false},"excerpt":{"rendered":"<p>A Empresa Municipal de \u00c1guas e Saneamento (EMASA) retomou a produ\u00e7\u00e3o de \u00e1gua tratada para os consumidores de Itabuna, depois [&hellip;]<\/p>\n","protected":false},"author":1,"featured_media":2673,"comment_status":"open","ping_status":"open","sticky":false,"template":"","format":"standard","meta":{"nf_dc_page":"","footnotes":""},"categories":[9],"tags":[],"class_list":["post-2672","post","type-post","status-publish","format-standard","has-post-thumbnail","hentry","category-noticias"],"_links":{"self":[{"href":"https:\/\/emasaitabuna.com.br\/new\/wp-json\/wp\/v2\/posts\/2672","targetHints":{"allow":["GET"]}}],"collection":[{"href":"https:\/\/emasaitabuna.com.br\/new\/wp-json\/wp\/v2\/posts"}],"about":[{"href":"https:\/\/emasaitabuna.com.br\/new\/wp-json\/wp\/v2\/types\/post"}],"author":[{"embeddable":true,"href":"https:\/\/emasaitabuna.com.br\/new\/wp-json\/wp\/v2\/users\/1"}],"replies":[{"embeddable":true,"href":"https:\/\/emasaitabuna.com.br\/new\/wp-json\/wp\/v2\/comments?post=2672"}],"version-history":[{"count":1,"href":"https:\/\/emasaitabuna.com.br\/new\/wp-json\/wp\/v2\/posts\/2672\/revisions"}],"predecessor-version":[{"id":2674,"href":"https:\/\/emasaitabuna.com.br\/new\/wp-json\/wp\/v2\/posts\/2672\/revisions\/2674"}],"wp:featuredmedia":[{"embeddable":true,"href":"https:\/\/emasaitabuna.com.br\/new\/wp-json\/wp\/v2\/media\/2673"}],"wp:attachment":[{"href":"https:\/\/emasaitabuna.com.br\/new\/wp-json\/wp\/v2\/media?parent=2672"}],"wp:term":[{"taxonomy":"category","embeddable":true,"href":"https:\/\/emasaitabuna.com.br\/new\/wp-json\/wp\/v2\/categories?post=2672"},{"taxonomy":"post_tag","embeddable":true,"href":"https:\/\/emasaitabuna.com.br\/new\/wp-json\/wp\/v2\/tags?post=2672"}],"curies":[{"name":"wp","href":"https:\/\/api.w.org\/{rel}","templated":true}]}}