{"id":2706,"date":"2025-01-17T12:41:51","date_gmt":"2025-01-17T15:41:51","guid":{"rendered":"https:\/\/emasaitabuna.com.br\/new\/?p=2706"},"modified":"2025-01-17T12:48:22","modified_gmt":"2025-01-17T15:48:22","slug":"emasa-amplia-redes-de-agua-e-esgoto-no-bairro-mangabinha","status":"publish","type":"post","link":"https:\/\/emasaitabuna.com.br\/new\/emasa-amplia-redes-de-agua-e-esgoto-no-bairro-mangabinha\/","title":{"rendered":"EMASA amplia redes de \u00e1gua e esgoto no Bairro Mangabinha"},"content":{"rendered":"<div id=\"attachment_2708\" style=\"width: 1106px\" class=\"wp-caption aligncenter\"><img decoding=\"async\" aria-describedby=\"caption-attachment-2708\" class=\"size-full wp-image-2708\" src=\"https:\/\/emasaitabuna.com.br\/new\/wp-content\/uploads\/2025\/01\/IMG-20250117-WA0000.jpg\" alt=\"\" width=\"1096\" height=\"867\" srcset=\"https:\/\/emasaitabuna.com.br\/new\/wp-content\/uploads\/2025\/01\/IMG-20250117-WA0000-200x158.jpg 200w, https:\/\/emasaitabuna.com.br\/new\/wp-content\/uploads\/2025\/01\/IMG-20250117-WA0000-300x237.jpg 300w, https:\/\/emasaitabuna.com.br\/new\/wp-content\/uploads\/2025\/01\/IMG-20250117-WA0000-400x316.jpg 400w, https:\/\/emasaitabuna.com.br\/new\/wp-content\/uploads\/2025\/01\/IMG-20250117-WA0000-500x396.jpg 500w, https:\/\/emasaitabuna.com.br\/new\/wp-content\/uploads\/2025\/01\/IMG-20250117-WA0000-600x475.jpg 600w, https:\/\/emasaitabuna.com.br\/new\/wp-content\/uploads\/2025\/01\/IMG-20250117-WA0000-768x608.jpg 768w, https:\/\/emasaitabuna.com.br\/new\/wp-content\/uploads\/2025\/01\/IMG-20250117-WA0000-800x633.jpg 800w, https:\/\/emasaitabuna.com.br\/new\/wp-content\/uploads\/2025\/01\/IMG-20250117-WA0000.jpg 1096w\" sizes=\"(max-width: 1096px) 100vw, 1096px\" \/><p id=\"caption-attachment-2708\" class=\"wp-caption-text\"><em>O presidente da EMASA, Ivan Maia, acompanhou o in\u00edcio das obras nas ruas Ubaldino Brand\u00e3o e Nossa Senhora das Gra\u00e7as, no Mangabinha.<\/em><\/p><\/div>\n<p>A Empresa Municipal de \u00c1guas e Saneamento (EMASA) iniciou na manh\u00e3 de quinta-feira, dia 16, as obras de amplia\u00e7\u00e3o das redes de \u00e1gua e de esgoto nas ruas Ubaldino Brand\u00e3o e Nossa Senhora das Gra\u00e7as, no Bairro Mangabinha.<\/p>\n<p>Est\u00e3o sendo implantados pouco mais de 350 metros de redes, com tubula\u00e7\u00e3o de 60 mil\u00edmetros para \u00e1gua e 150 mil\u00edmetros para esgotamento sanit\u00e1rio. As vias est\u00e3o pr\u00f3ximas a um dos reservat\u00f3rios do Projeto Mais \u00c1gua para a Cidade, com capacidade de armazenar tr\u00eas milh\u00f5es de litros.<\/p>\n<p>De acordo com o presidente da EMASA, Ivan Maia, essa amplia\u00e7\u00e3o das redes atendem a uma determina\u00e7\u00e3o do prefeito Augusto Castro (PSD) que em visita ao reservat\u00f3rio do Mais \u00c1gua na sexta-feira passada, dia 10, foi abordado por uma comiss\u00e3o de moradores do Mangabinha que pediram a implanta\u00e7\u00e3o das redes de \u00e1gua e esgoto, cujo projeto estava no planejamento da empresa.<\/p>\n<p>\u201cO prefeito Augusto Castro foi muito cordial e atencioso ao pedido dos moradores das duas ruas. Como a EMASA j\u00e1 tinha o projeto de amplia\u00e7\u00e3o das redes para as duas vias, nos comprometemos com o prefeito e com a comiss\u00e3o em iniciar a obra com a m\u00e1xima brevidade\u201d, afirmou Ivan Maia.<\/p>\n<p>Ainda segundo Maia, que visitou o in\u00edcio dos trabalhos na companhia do diretor e do gerente t\u00e9cnico da EMASA, Fernando Duarte e Jo\u00e3o Bitencourt, respectivamente, al\u00e9m da amplia\u00e7\u00e3o das redes, ser\u00e3o realizadas 50 liga\u00e7\u00f5es residenciais de \u00e1gua e esgoto.<\/p>\n<p>\u201cEsses moradores ser\u00e3o atendidos diretamente pelo reservat\u00f3rio da Mais \u00c1gua. Os im\u00f3veis ser\u00e3o cadastrados e hidrometrados, com o objetivo de ter um consumo consciente da \u00e1gua, evitando o desperd\u00edcio\u201d, disse o presidente Ivan Maia.<\/p>\n<p>Morador da Rua Ubaldino Brand\u00e3o, h\u00e1 23 anos, o aposentado Gilberto Cruz lembrou do per\u00edodo em que descia pr\u00f3ximo as margens do Rio cachoeira para obter para casa.<\/p>\n<p>\u201cQuando n\u00f3s chegamos aqui, a gente descia para pegar \u00e1gua nos bra\u00e7os. Depois puxamos um \u2018gatinho\u2019, a \u00e1gua veio para mais perto. Com o passar do tempo, nos juntamos e fizemos o esgoto, que corria a c\u00e9u aberto. Cada morador colaborou com um cano e assim foi feito, inclusive colocando uma caixinha coletora\u201d, recordou o aposentado.<\/p>\n<p>Ele acredita que agora com os servi\u00e7os de amplia\u00e7\u00e3o das redes de \u00e1gua e esgoto pela EMASA, tudo vai melhorar. \u201cAgora est\u00e1 sendo feito o trabalho de verdade, pois o prefeito garantiu e cumpriu. S\u00f3 temos que agradecer\u201d, reconheceu o senhor Gilberto Cruz.<\/p>\n<div id=\"attachment_2710\" style=\"width: 1610px\" class=\"wp-caption aligncenter\"><img decoding=\"async\" aria-describedby=\"caption-attachment-2710\" class=\"size-full wp-image-2710\" src=\"https:\/\/emasaitabuna.com.br\/new\/wp-content\/uploads\/2025\/01\/IMG-20250117-WA0001.jpg\" alt=\"\" width=\"1600\" height=\"1066\" srcset=\"https:\/\/emasaitabuna.com.br\/new\/wp-content\/uploads\/2025\/01\/IMG-20250117-WA0001-200x133.jpg 200w, https:\/\/emasaitabuna.com.br\/new\/wp-content\/uploads\/2025\/01\/IMG-20250117-WA0001-300x200.jpg 300w, https:\/\/emasaitabuna.com.br\/new\/wp-content\/uploads\/2025\/01\/IMG-20250117-WA0001-400x267.jpg 400w, https:\/\/emasaitabuna.com.br\/new\/wp-content\/uploads\/2025\/01\/IMG-20250117-WA0001-500x333.jpg 500w, https:\/\/emasaitabuna.com.br\/new\/wp-content\/uploads\/2025\/01\/IMG-20250117-WA0001-600x400.jpg 600w, https:\/\/emasaitabuna.com.br\/new\/wp-content\/uploads\/2025\/01\/IMG-20250117-WA0001-768x512.jpg 768w, https:\/\/emasaitabuna.com.br\/new\/wp-content\/uploads\/2025\/01\/IMG-20250117-WA0001-800x533.jpg 800w, https:\/\/emasaitabuna.com.br\/new\/wp-content\/uploads\/2025\/01\/IMG-20250117-WA0001-1200x800.jpg 1200w, https:\/\/emasaitabuna.com.br\/new\/wp-content\/uploads\/2025\/01\/IMG-20250117-WA0001-1536x1023.jpg 1536w, https:\/\/emasaitabuna.com.br\/new\/wp-content\/uploads\/2025\/01\/IMG-20250117-WA0001.jpg 1600w\" sizes=\"(max-width: 1600px) 100vw, 1600px\" \/><p id=\"caption-attachment-2710\" class=\"wp-caption-text\"><em>O aposentado Gilberto Cruz, acredita que com a implanta\u00e7\u00e3o das redes de \u00e1gua e esgoto tudo ir\u00e1 melhorar.<\/em><\/p><\/div>\n<div id=\"attachment_2713\" style=\"width: 1610px\" class=\"wp-caption aligncenter\"><img decoding=\"async\" aria-describedby=\"caption-attachment-2713\" class=\"wp-image-2713 size-full\" src=\"https:\/\/emasaitabuna.com.br\/new\/wp-content\/uploads\/2025\/01\/IMG-20250117-WA0002.jpg\" alt=\"\" width=\"1600\" height=\"1066\" srcset=\"https:\/\/emasaitabuna.com.br\/new\/wp-content\/uploads\/2025\/01\/IMG-20250117-WA0002-200x133.jpg 200w, https:\/\/emasaitabuna.com.br\/new\/wp-content\/uploads\/2025\/01\/IMG-20250117-WA0002-300x200.jpg 300w, https:\/\/emasaitabuna.com.br\/new\/wp-content\/uploads\/2025\/01\/IMG-20250117-WA0002-400x267.jpg 400w, https:\/\/emasaitabuna.com.br\/new\/wp-content\/uploads\/2025\/01\/IMG-20250117-WA0002-500x333.jpg 500w, https:\/\/emasaitabuna.com.br\/new\/wp-content\/uploads\/2025\/01\/IMG-20250117-WA0002-600x400.jpg 600w, https:\/\/emasaitabuna.com.br\/new\/wp-content\/uploads\/2025\/01\/IMG-20250117-WA0002-768x512.jpg 768w, https:\/\/emasaitabuna.com.br\/new\/wp-content\/uploads\/2025\/01\/IMG-20250117-WA0002-800x533.jpg 800w, https:\/\/emasaitabuna.com.br\/new\/wp-content\/uploads\/2025\/01\/IMG-20250117-WA0002-1200x800.jpg 1200w, https:\/\/emasaitabuna.com.br\/new\/wp-content\/uploads\/2025\/01\/IMG-20250117-WA0002-1536x1023.jpg 1536w, https:\/\/emasaitabuna.com.br\/new\/wp-content\/uploads\/2025\/01\/IMG-20250117-WA0002.jpg 1600w\" sizes=\"(max-width: 1600px) 100vw, 1600px\" \/><p id=\"caption-attachment-2713\" class=\"wp-caption-text\"><em>O prefeito Augusto Castro (PSD) atendeu as reivindica\u00e7\u00f5es dos moradores das ruas Ubaldino Brand\u00e3o e Nossa Senhora das Gra\u00e7as.<\/em><\/p><\/div>\n<hr \/>\n<p>&nbsp;<\/p>\n<p>Assessoria de Comunica\u00e7\u00e3o Social da EMASA<\/p>\n<p>17\/janeiro\/2025<\/p>\n","protected":false},"excerpt":{"rendered":"<p>A Empresa Municipal de \u00c1guas e Saneamento (EMASA) iniciou na manh\u00e3 de quinta-feira, dia 16, as obras de amplia\u00e7\u00e3o das [&hellip;]<\/p>\n","protected":false},"author":1,"featured_media":2708,"comment_status":"open","ping_status":"open","sticky":false,"template":"","format":"standard","meta":{"nf_dc_page":"","footnotes":""},"categories":[9],"tags":[],"class_list":["post-2706","post","type-post","status-publish","format-standard","has-post-thumbnail","hentry","category-noticias"],"_links":{"self":[{"href":"https:\/\/emasaitabuna.com.br\/new\/wp-json\/wp\/v2\/posts\/2706","targetHints":{"allow":["GET"]}}],"collection":[{"href":"https:\/\/emasaitabuna.com.br\/new\/wp-json\/wp\/v2\/posts"}],"about":[{"href":"https:\/\/emasaitabuna.com.br\/new\/wp-json\/wp\/v2\/types\/post"}],"author":[{"embeddable":true,"href":"https:\/\/emasaitabuna.com.br\/new\/wp-json\/wp\/v2\/users\/1"}],"replies":[{"embeddable":true,"href":"https:\/\/emasaitabuna.com.br\/new\/wp-json\/wp\/v2\/comments?post=2706"}],"version-history":[{"count":5,"href":"https:\/\/emasaitabuna.com.br\/new\/wp-json\/wp\/v2\/posts\/2706\/revisions"}],"predecessor-version":[{"id":2715,"href":"https:\/\/emasaitabuna.com.br\/new\/wp-json\/wp\/v2\/posts\/2706\/revisions\/2715"}],"wp:featuredmedia":[{"embeddable":true,"href":"https:\/\/emasaitabuna.com.br\/new\/wp-json\/wp\/v2\/media\/2708"}],"wp:attachment":[{"href":"https:\/\/emasaitabuna.com.br\/new\/wp-json\/wp\/v2\/media?parent=2706"}],"wp:term":[{"taxonomy":"category","embeddable":true,"href":"https:\/\/emasaitabuna.com.br\/new\/wp-json\/wp\/v2\/categories?post=2706"},{"taxonomy":"post_tag","embeddable":true,"href":"https:\/\/emasaitabuna.com.br\/new\/wp-json\/wp\/v2\/tags?post=2706"}],"curies":[{"name":"wp","href":"https:\/\/api.w.org\/{rel}","templated":true}]}}