{"id":2916,"date":"2025-01-22T21:24:14","date_gmt":"2025-01-23T00:24:14","guid":{"rendered":"https:\/\/emasaitabuna.com.br\/new\/?p=2916"},"modified":"2025-01-22T21:24:14","modified_gmt":"2025-01-23T00:24:14","slug":"vazamento-nao-aparente-de-agua-afeta-abastecimento-em-bairros-da-zona-norte-de-itabuna","status":"publish","type":"post","link":"https:\/\/emasaitabuna.com.br\/new\/vazamento-nao-aparente-de-agua-afeta-abastecimento-em-bairros-da-zona-norte-de-itabuna\/","title":{"rendered":"Vazamento n\u00e3o aparente de \u00e1gua afeta abastecimento em bairros da zona norte de Itabuna"},"content":{"rendered":"<div id=\"attachment_2917\" style=\"width: 1610px\" class=\"wp-caption aligncenter\"><img decoding=\"async\" aria-describedby=\"caption-attachment-2917\" class=\"size-full wp-image-2917\" src=\"https:\/\/emasaitabuna.com.br\/new\/wp-content\/uploads\/2025\/01\/Depois-do-reparo-na-rede-o-abastecimento-sera-normalizado-gradativamente.jpg\" alt=\"\" width=\"1600\" height=\"1200\" srcset=\"https:\/\/emasaitabuna.com.br\/new\/wp-content\/uploads\/2025\/01\/Depois-do-reparo-na-rede-o-abastecimento-sera-normalizado-gradativamente-200x150.jpg 200w, https:\/\/emasaitabuna.com.br\/new\/wp-content\/uploads\/2025\/01\/Depois-do-reparo-na-rede-o-abastecimento-sera-normalizado-gradativamente-300x225.jpg 300w, https:\/\/emasaitabuna.com.br\/new\/wp-content\/uploads\/2025\/01\/Depois-do-reparo-na-rede-o-abastecimento-sera-normalizado-gradativamente-400x300.jpg 400w, https:\/\/emasaitabuna.com.br\/new\/wp-content\/uploads\/2025\/01\/Depois-do-reparo-na-rede-o-abastecimento-sera-normalizado-gradativamente-500x375.jpg 500w, https:\/\/emasaitabuna.com.br\/new\/wp-content\/uploads\/2025\/01\/Depois-do-reparo-na-rede-o-abastecimento-sera-normalizado-gradativamente-600x450.jpg 600w, https:\/\/emasaitabuna.com.br\/new\/wp-content\/uploads\/2025\/01\/Depois-do-reparo-na-rede-o-abastecimento-sera-normalizado-gradativamente-768x576.jpg 768w, https:\/\/emasaitabuna.com.br\/new\/wp-content\/uploads\/2025\/01\/Depois-do-reparo-na-rede-o-abastecimento-sera-normalizado-gradativamente-800x600.jpg 800w, https:\/\/emasaitabuna.com.br\/new\/wp-content\/uploads\/2025\/01\/Depois-do-reparo-na-rede-o-abastecimento-sera-normalizado-gradativamente-1200x900.jpg 1200w, https:\/\/emasaitabuna.com.br\/new\/wp-content\/uploads\/2025\/01\/Depois-do-reparo-na-rede-o-abastecimento-sera-normalizado-gradativamente-1536x1152.jpg 1536w, https:\/\/emasaitabuna.com.br\/new\/wp-content\/uploads\/2025\/01\/Depois-do-reparo-na-rede-o-abastecimento-sera-normalizado-gradativamente.jpg 1600w\" sizes=\"(max-width: 1600px) 100vw, 1600px\" \/><p id=\"caption-attachment-2917\" class=\"wp-caption-text\">Depois do reparo na rede, o abastecimento ser\u00e1 normalizado gradativamente.<\/p><\/div>\n<p>A descoberta de um vazamento n\u00e3o aparente de \u00e1gua na Rua Castro Alves, no Calif\u00f3rnia, por parte de uma equipe de campo da Empresa Municipal de \u00c1guas e Saneamento (EMASA) foi sanado no in\u00edcio da noite de hoje, dia 22. O problema estava prejudicando o fornecimento de \u00e1gua para alguns bairros da zona norte de Itabuna.<\/p>\n<p>Segundo o gerente de distribui\u00e7\u00e3o de \u00c1gua da EMASA, Mois\u00e9s Ferreira, foi realizada uma detalhada inspe\u00e7\u00e3o, inclusive com o a utiliza\u00e7\u00e3o de geofone para a localizado do ponto exato do vazamento.<\/p>\n<p>\u201cHavia a suspeita da fuga de \u00e1gua. Por isso, fizemos uma avalia\u00e7\u00e3o com o uso do equipamento, tendo sido encontrado o ponto danificado na rede de 160 mil\u00edmetros e realizado a substitui\u00e7\u00e3o da tubula\u00e7\u00e3o\u201d, explicou Mois\u00e9s Ferreira.<\/p>\n<p>A rede onde ocorreu o quebramento atende a praticamente toda parte alta do Calif\u00f3rnia. Tamb\u00e9m os bairros Parque Verde, Parque Boa Vista e F\u00e1tima.<\/p>\n<p>Com o reparo, o fornecimento de \u00e1gua ser\u00e1 normalizado de forma gradativa. \u201cA nossa expectativa \u00e9 que por volta da meia-noite o abastecimento de \u00e1gua seja iniciado para toda a regi\u00e3o afetada\u201d, informou o gerente.<\/p>\n<p>\u201cDiante da ocorr\u00eancia, \u00e9 necess\u00e1rio que a popula\u00e7\u00e3o das \u00e1reas afetadas fa\u00e7am o uso racional de \u00e1gua, evitando problemas, at\u00e9 que o abastecimento esteja normalizado\u201d, finalizou o gerente de distribui\u00e7\u00e3o da EMASA, Mois\u00e9s Ferreira.<\/p>\n<p>&#8212;&#8212;-<br \/>\nAssessoria de Comunica\u00e7\u00e3o Social da EMASA.<br \/>\n22\/janeiro\/2025.<\/p>\n","protected":false},"excerpt":{"rendered":"<p>A descoberta de um vazamento n\u00e3o aparente de \u00e1gua na Rua Castro Alves, no Calif\u00f3rnia, por parte de uma equipe [&hellip;]<\/p>\n","protected":false},"author":1,"featured_media":2917,"comment_status":"open","ping_status":"open","sticky":false,"template":"","format":"standard","meta":{"nf_dc_page":"","footnotes":""},"categories":[9],"tags":[],"class_list":["post-2916","post","type-post","status-publish","format-standard","has-post-thumbnail","hentry","category-noticias"],"_links":{"self":[{"href":"https:\/\/emasaitabuna.com.br\/new\/wp-json\/wp\/v2\/posts\/2916","targetHints":{"allow":["GET"]}}],"collection":[{"href":"https:\/\/emasaitabuna.com.br\/new\/wp-json\/wp\/v2\/posts"}],"about":[{"href":"https:\/\/emasaitabuna.com.br\/new\/wp-json\/wp\/v2\/types\/post"}],"author":[{"embeddable":true,"href":"https:\/\/emasaitabuna.com.br\/new\/wp-json\/wp\/v2\/users\/1"}],"replies":[{"embeddable":true,"href":"https:\/\/emasaitabuna.com.br\/new\/wp-json\/wp\/v2\/comments?post=2916"}],"version-history":[{"count":1,"href":"https:\/\/emasaitabuna.com.br\/new\/wp-json\/wp\/v2\/posts\/2916\/revisions"}],"predecessor-version":[{"id":2918,"href":"https:\/\/emasaitabuna.com.br\/new\/wp-json\/wp\/v2\/posts\/2916\/revisions\/2918"}],"wp:featuredmedia":[{"embeddable":true,"href":"https:\/\/emasaitabuna.com.br\/new\/wp-json\/wp\/v2\/media\/2917"}],"wp:attachment":[{"href":"https:\/\/emasaitabuna.com.br\/new\/wp-json\/wp\/v2\/media?parent=2916"}],"wp:term":[{"taxonomy":"category","embeddable":true,"href":"https:\/\/emasaitabuna.com.br\/new\/wp-json\/wp\/v2\/categories?post=2916"},{"taxonomy":"post_tag","embeddable":true,"href":"https:\/\/emasaitabuna.com.br\/new\/wp-json\/wp\/v2\/tags?post=2916"}],"curies":[{"name":"wp","href":"https:\/\/api.w.org\/{rel}","templated":true}]}}