{"id":2932,"date":"2025-01-27T09:51:14","date_gmt":"2025-01-27T12:51:14","guid":{"rendered":"https:\/\/emasaitabuna.com.br\/new\/?p=2932"},"modified":"2025-01-27T09:51:14","modified_gmt":"2025-01-27T12:51:14","slug":"mocao-de-pesar","status":"publish","type":"post","link":"https:\/\/emasaitabuna.com.br\/new\/mocao-de-pesar\/","title":{"rendered":"Mo\u00e7\u00e3o de Pesar"},"content":{"rendered":"<p><img decoding=\"async\" class=\"aligncenter size-full wp-image-2933\" src=\"https:\/\/emasaitabuna.com.br\/new\/wp-content\/uploads\/2025\/01\/IMG-20250127-WA0015.jpg\" alt=\"\" width=\"780\" height=\"844\" srcset=\"https:\/\/emasaitabuna.com.br\/new\/wp-content\/uploads\/2025\/01\/IMG-20250127-WA0015-200x216.jpg 200w, https:\/\/emasaitabuna.com.br\/new\/wp-content\/uploads\/2025\/01\/IMG-20250127-WA0015-277x300.jpg 277w, https:\/\/emasaitabuna.com.br\/new\/wp-content\/uploads\/2025\/01\/IMG-20250127-WA0015-400x433.jpg 400w, https:\/\/emasaitabuna.com.br\/new\/wp-content\/uploads\/2025\/01\/IMG-20250127-WA0015-462x500.jpg 462w, https:\/\/emasaitabuna.com.br\/new\/wp-content\/uploads\/2025\/01\/IMG-20250127-WA0015-600x649.jpg 600w, https:\/\/emasaitabuna.com.br\/new\/wp-content\/uploads\/2025\/01\/IMG-20250127-WA0015-768x831.jpg 768w, https:\/\/emasaitabuna.com.br\/new\/wp-content\/uploads\/2025\/01\/IMG-20250127-WA0015.jpg 780w\" sizes=\"(max-width: 780px) 100vw, 780px\" \/><\/p>\n<p>Lamentamos profundamente o falecimento do colaborador da EMASA, Alan Jos\u00e9 Pereira Santos, cariosamente tratado pelos colegas como \u201cMeu Tio\u201d, operador de sistema, h\u00e1 30 anos. Foi v\u00edtima de afogamento em uma represa, no distrito de Oliven\u00e7a, em Ilh\u00e9us.<\/p>\n<p>Em nosso nome, da diretoria e dos funcion\u00e1rios da EMASA, hipoteco solidariedade e rogo ao Deus Pai, que conforte os cora\u00e7\u00f5es de familiares e amigos, e que sua boa alma seja recebida em luz.<\/p>\n<p>&nbsp;<\/p>\n<p>Itabuna, Bahia, 27 de janeiro de 2025<\/p>\n<p>&nbsp;<\/p>\n<p>Ivan Maia<\/p>\n<p>Presidente da EMASA.<\/p>\n","protected":false},"excerpt":{"rendered":"<p>Lamentamos profundamente o falecimento do colaborador da EMASA, Alan Jos\u00e9 Pereira Santos, cariosamente tratado pelos colegas como \u201cMeu Tio\u201d, operador [&hellip;]<\/p>\n","protected":false},"author":1,"featured_media":2933,"comment_status":"open","ping_status":"open","sticky":false,"template":"","format":"standard","meta":{"nf_dc_page":"","footnotes":""},"categories":[9],"tags":[],"class_list":["post-2932","post","type-post","status-publish","format-standard","has-post-thumbnail","hentry","category-noticias"],"_links":{"self":[{"href":"https:\/\/emasaitabuna.com.br\/new\/wp-json\/wp\/v2\/posts\/2932","targetHints":{"allow":["GET"]}}],"collection":[{"href":"https:\/\/emasaitabuna.com.br\/new\/wp-json\/wp\/v2\/posts"}],"about":[{"href":"https:\/\/emasaitabuna.com.br\/new\/wp-json\/wp\/v2\/types\/post"}],"author":[{"embeddable":true,"href":"https:\/\/emasaitabuna.com.br\/new\/wp-json\/wp\/v2\/users\/1"}],"replies":[{"embeddable":true,"href":"https:\/\/emasaitabuna.com.br\/new\/wp-json\/wp\/v2\/comments?post=2932"}],"version-history":[{"count":1,"href":"https:\/\/emasaitabuna.com.br\/new\/wp-json\/wp\/v2\/posts\/2932\/revisions"}],"predecessor-version":[{"id":2934,"href":"https:\/\/emasaitabuna.com.br\/new\/wp-json\/wp\/v2\/posts\/2932\/revisions\/2934"}],"wp:featuredmedia":[{"embeddable":true,"href":"https:\/\/emasaitabuna.com.br\/new\/wp-json\/wp\/v2\/media\/2933"}],"wp:attachment":[{"href":"https:\/\/emasaitabuna.com.br\/new\/wp-json\/wp\/v2\/media?parent=2932"}],"wp:term":[{"taxonomy":"category","embeddable":true,"href":"https:\/\/emasaitabuna.com.br\/new\/wp-json\/wp\/v2\/categories?post=2932"},{"taxonomy":"post_tag","embeddable":true,"href":"https:\/\/emasaitabuna.com.br\/new\/wp-json\/wp\/v2\/tags?post=2932"}],"curies":[{"name":"wp","href":"https:\/\/api.w.org\/{rel}","templated":true}]}}