{"id":2963,"date":"2025-02-06T06:34:16","date_gmt":"2025-02-06T09:34:16","guid":{"rendered":"https:\/\/emasaitabuna.com.br\/new\/?p=2963"},"modified":"2025-02-06T06:35:42","modified_gmt":"2025-02-06T09:35:42","slug":"presidente-da-emasa-participa-de-sessao-na-camara-municipal-e-apresenta-projetos-em-execucao","status":"publish","type":"post","link":"https:\/\/emasaitabuna.com.br\/new\/presidente-da-emasa-participa-de-sessao-na-camara-municipal-e-apresenta-projetos-em-execucao\/","title":{"rendered":"Presidente da EMASA participa de sess\u00e3o na C\u00e2mara Municipal e apresenta projetos em execu\u00e7\u00e3o"},"content":{"rendered":"<div id=\"attachment_2964\" style=\"width: 2570px\" class=\"wp-caption aligncenter\"><img decoding=\"async\" aria-describedby=\"caption-attachment-2964\" class=\"wp-image-2964 size-full\" src=\"https:\/\/emasaitabuna.com.br\/new\/wp-content\/uploads\/2025\/02\/IMG-20250206-WA0000-scaled.jpg\" alt=\"\" width=\"2560\" height=\"1441\" srcset=\"https:\/\/emasaitabuna.com.br\/new\/wp-content\/uploads\/2025\/02\/IMG-20250206-WA0000-200x113.jpg 200w, https:\/\/emasaitabuna.com.br\/new\/wp-content\/uploads\/2025\/02\/IMG-20250206-WA0000-300x169.jpg 300w, https:\/\/emasaitabuna.com.br\/new\/wp-content\/uploads\/2025\/02\/IMG-20250206-WA0000-400x225.jpg 400w, https:\/\/emasaitabuna.com.br\/new\/wp-content\/uploads\/2025\/02\/IMG-20250206-WA0000-500x281.jpg 500w, https:\/\/emasaitabuna.com.br\/new\/wp-content\/uploads\/2025\/02\/IMG-20250206-WA0000-600x338.jpg 600w, https:\/\/emasaitabuna.com.br\/new\/wp-content\/uploads\/2025\/02\/IMG-20250206-WA0000-768x432.jpg 768w, https:\/\/emasaitabuna.com.br\/new\/wp-content\/uploads\/2025\/02\/IMG-20250206-WA0000-800x450.jpg 800w, https:\/\/emasaitabuna.com.br\/new\/wp-content\/uploads\/2025\/02\/IMG-20250206-WA0000-1200x675.jpg 1200w, https:\/\/emasaitabuna.com.br\/new\/wp-content\/uploads\/2025\/02\/IMG-20250206-WA0000-1536x864.jpg 1536w, https:\/\/emasaitabuna.com.br\/new\/wp-content\/uploads\/2025\/02\/IMG-20250206-WA0000-scaled.jpg 2560w\" sizes=\"(max-width: 2560px) 100vw, 2560px\" \/><p id=\"caption-attachment-2964\" class=\"wp-caption-text\">Presidente da EMASA, Ivan Maia, apresentou para os vereadores e populares os projetos da empresa.<\/p><\/div>\n<p>Durante a sess\u00e3o plen\u00e1ria ordin\u00e1ria da C\u00e2mara Municipal de Vereadore, na tarde de quarta-feira, dia 5, o presidente da Empresa Municipal de \u00c1guas e Saneamento (EMASA), Ivan Maia, apresentou os avan\u00e7os no abastecimento de \u00e1gua de Itabuna, com o Projeto Mais \u00c1gua para a Cidade e as propostas de moderniza\u00e7\u00e3o da empresa.<\/p>\n<p>De acordo com Ivan Maia, nos seus 35 anos de exist\u00eancia a EMASA est\u00e1 passando por um momento \u00edmpar. \u201cSaneamento s\u00f3 se faz com solidariedade e coopera\u00e7\u00e3o. Com a coragem e determina\u00e7\u00e3o do prefeito Augusto Castro (PSD), estamos gerindo o maior programa em saneamento do Norte e Nordeste do Pa\u00eds\u201d, afirmou.<\/p>\n<p>\u201cO Projeto Mais \u00c1gua para a Cidade I, II e III conta com investimentos de pouco mais de R$ 55 milh\u00f5es, com recursos da Uni\u00e3o, Estado e munic\u00edpio. A curto e m\u00e9dio prazos atender\u00e1 \u00e0 universaliza\u00e7\u00e3o do abastecimento de \u00e1gua tratada, como determina o Marco Legal do Saneamento B\u00e1sico\u201d, garantiu Maia.<\/p>\n<p>Ainda segundo o presidente da EMASA, quando se leva o saneamento b\u00e1sico a s\u00e9rio, n\u00e3o se leva somente cano e \u00e1gua. \u201cTamb\u00e9m se leva sa\u00fade, emprego e qualidade de vida a toda popula\u00e7\u00e3o\u201d, assegurou.<\/p>\n<p><strong>MODERNIZA\u00c7\u00c3O DA EMASA<\/strong><\/p>\n<p>Ivan Maia falou aos vereadores e o p\u00fablico presente ao Plen\u00e1rio Raymundo Lima sobre o processo de moderniza\u00e7\u00e3o e eficientiza\u00e7\u00e3o que foi iniciado na EMASA.<\/p>\n<p>\u201cCome\u00e7amos a discutir a migra\u00e7\u00e3o para o mercado livre de energia para reduzir os custos com a concession\u00e1ria de energia el\u00e9trica que det\u00e9m a opera\u00e7\u00e3o dos servi\u00e7os no Estado. Vamos adquirir a energia sem intermedi\u00e1rio, o que pode gerar uma economia de mais de R$ 4 milh\u00f5es ao ano\u201d, disse o diretor-presidente da EMASA.<\/p>\n<p>Na \u00e1rea comercial, a EMASA vem implementando novas formas de pagamento das contas de consumo para facilitar a vida do cliente, com a implanta\u00e7\u00e3o do recebimento via PIX e cart\u00e3o de cr\u00e9dito, al\u00e9m de instituir nova ferramentas de intera\u00e7\u00e3o com o p\u00fablico consumidor.<\/p>\n<p>\u201cEm breve a EMASA passa a receber pagamentos atrav\u00e9s do PIX e cart\u00e3o de cr\u00e9dito e ser\u00e1 implantanda automa\u00e7\u00e3o no atendimento por WhatsApp, Call Center e um novo portal. Al\u00e9m disso, foi iniciado o Programa de Hidrometra\u00e7\u00e3o que visa reduzir o desperd\u00edcio de \u00e1gua, fazendo com que cada im\u00f3vel pague o equivalente ao seu consumo\u201d, destacou o presidente Ivan Maia.<\/p>\n<p>Acompanharam a visita do presidente da EMASA \u00e0 Casa do Povo, os diretores da empresa Mois\u00e9s Figueiredo (Administrativo), Ronaldo J\u00fanior (Financeiro e Relacionamento com o Cliente), Jos\u00e9 Silva (Planejamento) e Fernando Duarte (T\u00e9cnico).<\/p>\n<p><img decoding=\"async\" class=\"aligncenter size-full wp-image-2965\" src=\"https:\/\/emasaitabuna.com.br\/new\/wp-content\/uploads\/2025\/02\/IMG-20250206-WA0001.jpg\" alt=\"\" width=\"1500\" height=\"663\" srcset=\"https:\/\/emasaitabuna.com.br\/new\/wp-content\/uploads\/2025\/02\/IMG-20250206-WA0001-200x88.jpg 200w, https:\/\/emasaitabuna.com.br\/new\/wp-content\/uploads\/2025\/02\/IMG-20250206-WA0001-300x133.jpg 300w, https:\/\/emasaitabuna.com.br\/new\/wp-content\/uploads\/2025\/02\/IMG-20250206-WA0001-400x177.jpg 400w, https:\/\/emasaitabuna.com.br\/new\/wp-content\/uploads\/2025\/02\/IMG-20250206-WA0001-500x221.jpg 500w, https:\/\/emasaitabuna.com.br\/new\/wp-content\/uploads\/2025\/02\/IMG-20250206-WA0001-600x265.jpg 600w, https:\/\/emasaitabuna.com.br\/new\/wp-content\/uploads\/2025\/02\/IMG-20250206-WA0001-768x339.jpg 768w, https:\/\/emasaitabuna.com.br\/new\/wp-content\/uploads\/2025\/02\/IMG-20250206-WA0001-800x354.jpg 800w, https:\/\/emasaitabuna.com.br\/new\/wp-content\/uploads\/2025\/02\/IMG-20250206-WA0001-1200x530.jpg 1200w, https:\/\/emasaitabuna.com.br\/new\/wp-content\/uploads\/2025\/02\/IMG-20250206-WA0001.jpg 1500w\" sizes=\"(max-width: 1500px) 100vw, 1500px\" \/><\/p>\n<p>\u2014&#8211;<\/p>\n<p>Assessoria de Comunica\u00e7\u00e3o Social da EMASA.<\/p>\n<p>05\/fevereiro\/2025.<\/p>\n","protected":false},"excerpt":{"rendered":"<p>Durante a sess\u00e3o plen\u00e1ria ordin\u00e1ria da C\u00e2mara Municipal de Vereadore, na tarde de quarta-feira, dia 5, o presidente da Empresa [&hellip;]<\/p>\n","protected":false},"author":1,"featured_media":2964,"comment_status":"open","ping_status":"open","sticky":false,"template":"","format":"standard","meta":{"nf_dc_page":"","footnotes":""},"categories":[9],"tags":[],"class_list":["post-2963","post","type-post","status-publish","format-standard","has-post-thumbnail","hentry","category-noticias"],"_links":{"self":[{"href":"https:\/\/emasaitabuna.com.br\/new\/wp-json\/wp\/v2\/posts\/2963","targetHints":{"allow":["GET"]}}],"collection":[{"href":"https:\/\/emasaitabuna.com.br\/new\/wp-json\/wp\/v2\/posts"}],"about":[{"href":"https:\/\/emasaitabuna.com.br\/new\/wp-json\/wp\/v2\/types\/post"}],"author":[{"embeddable":true,"href":"https:\/\/emasaitabuna.com.br\/new\/wp-json\/wp\/v2\/users\/1"}],"replies":[{"embeddable":true,"href":"https:\/\/emasaitabuna.com.br\/new\/wp-json\/wp\/v2\/comments?post=2963"}],"version-history":[{"count":3,"href":"https:\/\/emasaitabuna.com.br\/new\/wp-json\/wp\/v2\/posts\/2963\/revisions"}],"predecessor-version":[{"id":2968,"href":"https:\/\/emasaitabuna.com.br\/new\/wp-json\/wp\/v2\/posts\/2963\/revisions\/2968"}],"wp:featuredmedia":[{"embeddable":true,"href":"https:\/\/emasaitabuna.com.br\/new\/wp-json\/wp\/v2\/media\/2964"}],"wp:attachment":[{"href":"https:\/\/emasaitabuna.com.br\/new\/wp-json\/wp\/v2\/media?parent=2963"}],"wp:term":[{"taxonomy":"category","embeddable":true,"href":"https:\/\/emasaitabuna.com.br\/new\/wp-json\/wp\/v2\/categories?post=2963"},{"taxonomy":"post_tag","embeddable":true,"href":"https:\/\/emasaitabuna.com.br\/new\/wp-json\/wp\/v2\/tags?post=2963"}],"curies":[{"name":"wp","href":"https:\/\/api.w.org\/{rel}","templated":true}]}}