{"id":2969,"date":"2025-02-11T12:56:03","date_gmt":"2025-02-11T15:56:03","guid":{"rendered":"https:\/\/emasaitabuna.com.br\/new\/?p=2969"},"modified":"2025-02-11T12:56:47","modified_gmt":"2025-02-11T15:56:47","slug":"parceria-com-a-secretaria-municipal-de-saude-garante-a-vacinacao-em-itabuna-para-funcionarios-da-emasa","status":"publish","type":"post","link":"https:\/\/emasaitabuna.com.br\/new\/parceria-com-a-secretaria-municipal-de-saude-garante-a-vacinacao-em-itabuna-para-funcionarios-da-emasa\/","title":{"rendered":"Parceria com a Secretaria Municipal de Sa\u00fade garante a vacina\u00e7\u00e3o em Itabuna para funcion\u00e1rios da EMASA"},"content":{"rendered":"<div id=\"attachment_2970\" style=\"width: 1290px\" class=\"wp-caption aligncenter\"><img decoding=\"async\" aria-describedby=\"caption-attachment-2970\" class=\"wp-image-2970 size-full\" src=\"https:\/\/emasaitabuna.com.br\/new\/wp-content\/uploads\/2025\/02\/IMG-20250211-WA0014.jpg\" alt=\"\" width=\"1280\" height=\"960\" srcset=\"https:\/\/emasaitabuna.com.br\/new\/wp-content\/uploads\/2025\/02\/IMG-20250211-WA0014-200x150.jpg 200w, https:\/\/emasaitabuna.com.br\/new\/wp-content\/uploads\/2025\/02\/IMG-20250211-WA0014-300x225.jpg 300w, https:\/\/emasaitabuna.com.br\/new\/wp-content\/uploads\/2025\/02\/IMG-20250211-WA0014-400x300.jpg 400w, https:\/\/emasaitabuna.com.br\/new\/wp-content\/uploads\/2025\/02\/IMG-20250211-WA0014-500x375.jpg 500w, https:\/\/emasaitabuna.com.br\/new\/wp-content\/uploads\/2025\/02\/IMG-20250211-WA0014-600x450.jpg 600w, https:\/\/emasaitabuna.com.br\/new\/wp-content\/uploads\/2025\/02\/IMG-20250211-WA0014-768x576.jpg 768w, https:\/\/emasaitabuna.com.br\/new\/wp-content\/uploads\/2025\/02\/IMG-20250211-WA0014-800x600.jpg 800w, https:\/\/emasaitabuna.com.br\/new\/wp-content\/uploads\/2025\/02\/IMG-20250211-WA0014-1200x900.jpg 1200w, https:\/\/emasaitabuna.com.br\/new\/wp-content\/uploads\/2025\/02\/IMG-20250211-WA0014.jpg 1280w\" sizes=\"(max-width: 1280px) 100vw, 1280px\" \/><p id=\"caption-attachment-2970\" class=\"wp-caption-text\">Campanha de vacina\u00e7\u00e3o atende os colaboradores da EMASA.<\/p><\/div>\n<p>O Setor Psicossocial da Empresa Municipal de \u00c1guas e Saneamento (EMASA), em parceria com a Rede de Frio da Secretaria Municipal de Sa\u00fade, iniciou na manh\u00e3 de hoje, dia 11, a campanha de vacina\u00e7\u00e3o para os funcion\u00e1rios da concession\u00e1ria.<\/p>\n<p>&nbsp;<\/p>\n<p>Os colaboradores da empresa de saneamento est\u00e3o sendo imunizados contra Hepatite B, Febre Amarela, Tr\u00edplice Viral (sarampo, rub\u00e9ola e caxumba), Difteria e T\u00e9tano.<\/p>\n<p>&nbsp;<\/p>\n<p>De acordo com a psic\u00f3loga da EMASA Erilania de Melo \u00e9 muito importante a imuniza\u00e7\u00e3o dos colaboradores para evitar doen\u00e7as futuras.<\/p>\n<p>&nbsp;<\/p>\n<p>\u201cEsse trabalho de imuniza\u00e7\u00e3o \u00e9 fundamental para a sa\u00fade do trabalhador. A dire\u00e7\u00e3o da EMASA tem essa preocupa\u00e7\u00e3o e cuidado constantes\u201d, afirma a psic\u00f3loga.<\/p>\n<p>&nbsp;<\/p>\n<p>A enfermeira J\u00e9ssica Braga, respons\u00e1vel pela aplica\u00e7\u00e3o dos imunizantes junto com o colega M\u00e1rcio Leite, disse que todas as vacinas s\u00e3o importantes. Mas, no caso dos trabalhadores da \u00e1rea de saneamento, a prote\u00e7\u00e3o contra a Hepatite B e T\u00e9tano \u00e9 imprescind\u00edvel.<\/p>\n<p>&nbsp;<\/p>\n<p>\u201cOs trabalhadores que atuam no saneamento b\u00e1sico trabalham com m\u00e1quinas e equipamentos que podem provocar acidentes e tamb\u00e9m tem contato com a rede de esgotamento sanit\u00e1rio. Por isso, \u00e9 necess\u00e1rio estar imunizado contra o T\u00e9tano e a Hepatite B, al\u00e9m das outras patologias\u201d, aconselha a enfermeira J\u00e9ssica Braga.<\/p>\n<p>O presidente da EMASA, Ivan Maia, aproveitou a campanha para colocar sua caderneta de vacina\u00e7\u00e3o em dia. Ele afirmou que o cuidado com a sa\u00fade do trabalhador vem sempre em primeiro lugar.<\/p>\n<p>&nbsp;<\/p>\n<p>\u201cOs colaboradores da EMASA s\u00e3o patrim\u00f4nio da empresa. Portanto, \u00e9 prioridade da dire\u00e7\u00e3o zelar pela sa\u00fade e bem-estar de todos. Por isso, buscamos essa parceria com a Secretaria Municipal de Sa\u00fade, atrav\u00e9s da Rede de Frio, para que todos possam ser imunizados\u201d, garantiu Maia.<\/p>\n<p>&nbsp;<\/p>\n<p>A campanha de vacina\u00e7\u00e3o para os funcion\u00e1rios da EMASA ter\u00e1 prosseguimento amanh\u00e3, dia 12, para os colaboradores que trabalham na Esta\u00e7\u00e3o de Tratamento de \u00c1gua (ETA), no Bairro S\u00e3o Louren\u00e7o.<\/p>\n<p>&nbsp;<\/p>\n<p>\u201cHoje est\u00e3o sendo vacinados os colegas que trabalham na sede e no Escrit\u00f3rio de Atendimento ao Cliente. Amanh\u00e3, ser\u00e1 imunizado o pessoal que atua no campo e na ETA. Tamb\u00e9m j\u00e1 estamos programando as doses de refor\u00e7o para o segundo semestre deste ano\u201d, completou Erilania de Melo.<\/p>\n<p>&nbsp;<\/p>\n<p>___________<\/p>\n<p>Assessoria de Comunica\u00e7\u00e3o Social da EMASA<\/p>\n<p>11\/fevereiro\/2025<\/p>\n","protected":false},"excerpt":{"rendered":"<p>O Setor Psicossocial da Empresa Municipal de \u00c1guas e Saneamento (EMASA), em parceria com a Rede de Frio da Secretaria [&hellip;]<\/p>\n","protected":false},"author":1,"featured_media":2970,"comment_status":"open","ping_status":"open","sticky":false,"template":"","format":"standard","meta":{"nf_dc_page":"","footnotes":""},"categories":[9],"tags":[],"class_list":["post-2969","post","type-post","status-publish","format-standard","has-post-thumbnail","hentry","category-noticias"],"_links":{"self":[{"href":"https:\/\/emasaitabuna.com.br\/new\/wp-json\/wp\/v2\/posts\/2969","targetHints":{"allow":["GET"]}}],"collection":[{"href":"https:\/\/emasaitabuna.com.br\/new\/wp-json\/wp\/v2\/posts"}],"about":[{"href":"https:\/\/emasaitabuna.com.br\/new\/wp-json\/wp\/v2\/types\/post"}],"author":[{"embeddable":true,"href":"https:\/\/emasaitabuna.com.br\/new\/wp-json\/wp\/v2\/users\/1"}],"replies":[{"embeddable":true,"href":"https:\/\/emasaitabuna.com.br\/new\/wp-json\/wp\/v2\/comments?post=2969"}],"version-history":[{"count":2,"href":"https:\/\/emasaitabuna.com.br\/new\/wp-json\/wp\/v2\/posts\/2969\/revisions"}],"predecessor-version":[{"id":2972,"href":"https:\/\/emasaitabuna.com.br\/new\/wp-json\/wp\/v2\/posts\/2969\/revisions\/2972"}],"wp:featuredmedia":[{"embeddable":true,"href":"https:\/\/emasaitabuna.com.br\/new\/wp-json\/wp\/v2\/media\/2970"}],"wp:attachment":[{"href":"https:\/\/emasaitabuna.com.br\/new\/wp-json\/wp\/v2\/media?parent=2969"}],"wp:term":[{"taxonomy":"category","embeddable":true,"href":"https:\/\/emasaitabuna.com.br\/new\/wp-json\/wp\/v2\/categories?post=2969"},{"taxonomy":"post_tag","embeddable":true,"href":"https:\/\/emasaitabuna.com.br\/new\/wp-json\/wp\/v2\/tags?post=2969"}],"curies":[{"name":"wp","href":"https:\/\/api.w.org\/{rel}","templated":true}]}}