{"id":2974,"date":"2025-02-14T15:52:15","date_gmt":"2025-02-14T18:52:15","guid":{"rendered":"https:\/\/emasaitabuna.com.br\/new\/?p=2974"},"modified":"2025-02-14T15:52:15","modified_gmt":"2025-02-14T18:52:15","slug":"emasa-retorna-a-assemae-comprometida-em-aprimorar-os-servicos-de-saneamento-basico-para-os-itabunenses","status":"publish","type":"post","link":"https:\/\/emasaitabuna.com.br\/new\/emasa-retorna-a-assemae-comprometida-em-aprimorar-os-servicos-de-saneamento-basico-para-os-itabunenses\/","title":{"rendered":"EMASA retorna a ASSEMAE comprometida em aprimorar os servi\u00e7os de saneamento b\u00e1sico para os itabunenses"},"content":{"rendered":"<div id=\"attachment_2975\" style=\"width: 1610px\" class=\"wp-caption aligncenter\"><img decoding=\"async\" aria-describedby=\"caption-attachment-2975\" class=\"size-full wp-image-2975\" src=\"https:\/\/emasaitabuna.com.br\/new\/wp-content\/uploads\/2025\/02\/O-presidente-da-EMASA-Ivan-Maia-e-os-dirigentes-da-ASSEMAE-comemoraram-o-retorno-da-empresa-itabunense-a-instituicao-nacional-de-saneamento.jpg\" alt=\"\" width=\"1600\" height=\"1200\" srcset=\"https:\/\/emasaitabuna.com.br\/new\/wp-content\/uploads\/2025\/02\/O-presidente-da-EMASA-Ivan-Maia-e-os-dirigentes-da-ASSEMAE-comemoraram-o-retorno-da-empresa-itabunense-a-instituicao-nacional-de-saneamento-200x150.jpg 200w, https:\/\/emasaitabuna.com.br\/new\/wp-content\/uploads\/2025\/02\/O-presidente-da-EMASA-Ivan-Maia-e-os-dirigentes-da-ASSEMAE-comemoraram-o-retorno-da-empresa-itabunense-a-instituicao-nacional-de-saneamento-300x225.jpg 300w, https:\/\/emasaitabuna.com.br\/new\/wp-content\/uploads\/2025\/02\/O-presidente-da-EMASA-Ivan-Maia-e-os-dirigentes-da-ASSEMAE-comemoraram-o-retorno-da-empresa-itabunense-a-instituicao-nacional-de-saneamento-400x300.jpg 400w, https:\/\/emasaitabuna.com.br\/new\/wp-content\/uploads\/2025\/02\/O-presidente-da-EMASA-Ivan-Maia-e-os-dirigentes-da-ASSEMAE-comemoraram-o-retorno-da-empresa-itabunense-a-instituicao-nacional-de-saneamento-500x375.jpg 500w, https:\/\/emasaitabuna.com.br\/new\/wp-content\/uploads\/2025\/02\/O-presidente-da-EMASA-Ivan-Maia-e-os-dirigentes-da-ASSEMAE-comemoraram-o-retorno-da-empresa-itabunense-a-instituicao-nacional-de-saneamento-600x450.jpg 600w, https:\/\/emasaitabuna.com.br\/new\/wp-content\/uploads\/2025\/02\/O-presidente-da-EMASA-Ivan-Maia-e-os-dirigentes-da-ASSEMAE-comemoraram-o-retorno-da-empresa-itabunense-a-instituicao-nacional-de-saneamento-768x576.jpg 768w, https:\/\/emasaitabuna.com.br\/new\/wp-content\/uploads\/2025\/02\/O-presidente-da-EMASA-Ivan-Maia-e-os-dirigentes-da-ASSEMAE-comemoraram-o-retorno-da-empresa-itabunense-a-instituicao-nacional-de-saneamento-800x600.jpg 800w, https:\/\/emasaitabuna.com.br\/new\/wp-content\/uploads\/2025\/02\/O-presidente-da-EMASA-Ivan-Maia-e-os-dirigentes-da-ASSEMAE-comemoraram-o-retorno-da-empresa-itabunense-a-instituicao-nacional-de-saneamento-1200x900.jpg 1200w, https:\/\/emasaitabuna.com.br\/new\/wp-content\/uploads\/2025\/02\/O-presidente-da-EMASA-Ivan-Maia-e-os-dirigentes-da-ASSEMAE-comemoraram-o-retorno-da-empresa-itabunense-a-instituicao-nacional-de-saneamento-1536x1152.jpg 1536w, https:\/\/emasaitabuna.com.br\/new\/wp-content\/uploads\/2025\/02\/O-presidente-da-EMASA-Ivan-Maia-e-os-dirigentes-da-ASSEMAE-comemoraram-o-retorno-da-empresa-itabunense-a-instituicao-nacional-de-saneamento.jpg 1600w\" sizes=\"(max-width: 1600px) 100vw, 1600px\" \/><p id=\"caption-attachment-2975\" class=\"wp-caption-text\">O presidente da EMASA, Ivan Maia e os dirigentes da ASSEMAE, comemoraram o retorno da empresa itabunense \u00e0 institui\u00e7\u00e3o nacional de saneamento.<\/p><\/div>\n<p>A Empresa Municipal de \u00c1guas e Saneamento (EMASA) retornou \u00e0 Associa\u00e7\u00e3o Nacional dos Servi\u00e7os Municipais de Saneamento (ASSEMAE). Ap\u00f3s alguns anos afastada, a reintegra\u00e7\u00e3o simboliza o compromisso renovado da empresa com a melhoria cont\u00ednua dos servi\u00e7os prestados \u00e0 popula\u00e7\u00e3o de Itabuna.<\/p>\n<p>Durante uma reuni\u00e3o, na quinta-feira, dia 13, em Bras\u00edlia. entre o presidente da EMASA, Ivan Maia, o secret\u00e1rio-executivo e o diretor de comunica\u00e7\u00e3o da ASSEMAE, Francisco Lopes e Esmeraldino Pereira, respectivamente, foi definida a volta da empresa respons\u00e1vel pelos servi\u00e7os de \u00e1gua e esgoto de Itabuna \u00e0 institui\u00e7\u00e3o.<\/p>\n<p>Segundo Ivan Maia, a reintegra\u00e7\u00e3o simboliza o compromisso renovado da empresa com a melhoria cont\u00ednua dos servi\u00e7os prestados \u00e0 popula\u00e7\u00e3o.<\/p>\n<p>\u201cEsse \u00e9 um marco importante para o futuro do saneamento no munic\u00edpio de Itabuna. O retorno da EMASA \u00e0 ASSEMAE vai trazer benef\u00edcios diretos \u00e0 popula\u00e7\u00e3o, como maior efici\u00eancia operacional e o desenvolvimento de novas tecnologias e pr\u00e1ticas sustent\u00e1veis\u201d, garantiu o presidente Ivan Maia.<\/p>\n<p>O presidente da EMASA tamb\u00e9m destacou a import\u00e2ncia do apoio t\u00e9cnico e da troca de experi\u00eancias proporcionadas pela ASSEMAE. \u201cEstar associado \u00e0 ASSEMAE nos permite caminhar junto com outras cidades, trocando aprendizados e buscando solu\u00e7\u00f5es para os desafios do saneamento b\u00e1sico\u201d, disse Maia.<\/p>\n<p>\u201cEste \u00e9 um passo fundamental para Itabuna alcan\u00e7ar mais qualidade e seguran\u00e7a no fornecimento de \u00e1gua e no tratamento de esgoto\u201d, assegurou.<\/p>\n<p>Reconhecida como uma das principais instru\u00e7\u00f5es de fomento ao saneamento no Brasil, a ASSEMAE tem desempenhado papel crucial na promo\u00e7\u00e3o de boas pr\u00e1ticas e no fortalecimento da gest\u00e3o p\u00fablica de servi\u00e7os essenciais.<\/p>\n<p>Com o retorno da EMASA ao seu quadro de associados, a expectativa \u00e9 de um futuro de grandes conquistas para Itabuna, que desenvolve o maior programa de universaliza\u00e7\u00e3o do saneamento b\u00e1sico desde sua funda\u00e7\u00e3o, com o Projeto Mais \u00c1gua para a Cidade.<\/p>\n<p>Para Ivan Maia, a popula\u00e7\u00e3o de Itabuna pode esperar que, a partir desta uni\u00e3o, haja avan\u00e7os em \u00e1reas cruciais, como o combate ao desperd\u00edcio de \u00e1gua, a amplia\u00e7\u00e3o da cobertura de esgotamento sanit\u00e1rio e a busca constante por um ambiente mais saud\u00e1vel para todos.<\/p>\n<p>\u201cO retorno \u00e0 ASSEMAE n\u00e3o \u00e9 apenas um compromisso t\u00e9cnico, mas um gesto de respeito e cuidado com cada cidad\u00e3o e cidad\u00e3 itabunense\u201d, concluiu Maia.<\/p>\n<p>__<br \/>\nAssessoria de Comunica\u00e7\u00e3o Social da EMASA<br \/>\n14\/fevereiro\/2025<\/p>\n","protected":false},"excerpt":{"rendered":"<p>A Empresa Municipal de \u00c1guas e Saneamento (EMASA) retornou \u00e0 Associa\u00e7\u00e3o Nacional dos Servi\u00e7os Municipais de Saneamento (ASSEMAE). Ap\u00f3s alguns [&hellip;]<\/p>\n","protected":false},"author":1,"featured_media":2975,"comment_status":"open","ping_status":"open","sticky":false,"template":"","format":"standard","meta":{"nf_dc_page":"","footnotes":""},"categories":[9],"tags":[],"class_list":["post-2974","post","type-post","status-publish","format-standard","has-post-thumbnail","hentry","category-noticias"],"_links":{"self":[{"href":"https:\/\/emasaitabuna.com.br\/new\/wp-json\/wp\/v2\/posts\/2974","targetHints":{"allow":["GET"]}}],"collection":[{"href":"https:\/\/emasaitabuna.com.br\/new\/wp-json\/wp\/v2\/posts"}],"about":[{"href":"https:\/\/emasaitabuna.com.br\/new\/wp-json\/wp\/v2\/types\/post"}],"author":[{"embeddable":true,"href":"https:\/\/emasaitabuna.com.br\/new\/wp-json\/wp\/v2\/users\/1"}],"replies":[{"embeddable":true,"href":"https:\/\/emasaitabuna.com.br\/new\/wp-json\/wp\/v2\/comments?post=2974"}],"version-history":[{"count":1,"href":"https:\/\/emasaitabuna.com.br\/new\/wp-json\/wp\/v2\/posts\/2974\/revisions"}],"predecessor-version":[{"id":2976,"href":"https:\/\/emasaitabuna.com.br\/new\/wp-json\/wp\/v2\/posts\/2974\/revisions\/2976"}],"wp:featuredmedia":[{"embeddable":true,"href":"https:\/\/emasaitabuna.com.br\/new\/wp-json\/wp\/v2\/media\/2975"}],"wp:attachment":[{"href":"https:\/\/emasaitabuna.com.br\/new\/wp-json\/wp\/v2\/media?parent=2974"}],"wp:term":[{"taxonomy":"category","embeddable":true,"href":"https:\/\/emasaitabuna.com.br\/new\/wp-json\/wp\/v2\/categories?post=2974"},{"taxonomy":"post_tag","embeddable":true,"href":"https:\/\/emasaitabuna.com.br\/new\/wp-json\/wp\/v2\/tags?post=2974"}],"curies":[{"name":"wp","href":"https:\/\/api.w.org\/{rel}","templated":true}]}}