{"id":2985,"date":"2025-02-20T13:36:03","date_gmt":"2025-02-20T16:36:03","guid":{"rendered":"https:\/\/emasaitabuna.com.br\/new\/?p=2985"},"modified":"2025-02-20T13:36:48","modified_gmt":"2025-02-20T16:36:48","slug":"emasa-realiza-acao-preventiva-para-a-44a-lavagem-do-beco-do-fuxico","status":"publish","type":"post","link":"https:\/\/emasaitabuna.com.br\/new\/emasa-realiza-acao-preventiva-para-a-44a-lavagem-do-beco-do-fuxico\/","title":{"rendered":"EMASA realiza a\u00e7\u00e3o preventiva para a 44\u00aa Lavagem do Beco do Fuxico"},"content":{"rendered":"<div id=\"attachment_2986\" style=\"width: 1610px\" class=\"wp-caption aligncenter\"><img decoding=\"async\" aria-describedby=\"caption-attachment-2986\" class=\"wp-image-2986 size-full\" src=\"https:\/\/emasaitabuna.com.br\/new\/wp-content\/uploads\/2025\/02\/IMG-20250220-WA0028.jpg\" alt=\"\" width=\"1600\" height=\"1066\" srcset=\"https:\/\/emasaitabuna.com.br\/new\/wp-content\/uploads\/2025\/02\/IMG-20250220-WA0028-200x133.jpg 200w, https:\/\/emasaitabuna.com.br\/new\/wp-content\/uploads\/2025\/02\/IMG-20250220-WA0028-300x200.jpg 300w, https:\/\/emasaitabuna.com.br\/new\/wp-content\/uploads\/2025\/02\/IMG-20250220-WA0028-400x267.jpg 400w, https:\/\/emasaitabuna.com.br\/new\/wp-content\/uploads\/2025\/02\/IMG-20250220-WA0028-500x333.jpg 500w, https:\/\/emasaitabuna.com.br\/new\/wp-content\/uploads\/2025\/02\/IMG-20250220-WA0028-600x400.jpg 600w, https:\/\/emasaitabuna.com.br\/new\/wp-content\/uploads\/2025\/02\/IMG-20250220-WA0028-768x512.jpg 768w, https:\/\/emasaitabuna.com.br\/new\/wp-content\/uploads\/2025\/02\/IMG-20250220-WA0028-800x533.jpg 800w, https:\/\/emasaitabuna.com.br\/new\/wp-content\/uploads\/2025\/02\/IMG-20250220-WA0028-1200x800.jpg 1200w, https:\/\/emasaitabuna.com.br\/new\/wp-content\/uploads\/2025\/02\/IMG-20250220-WA0028-1536x1023.jpg 1536w, https:\/\/emasaitabuna.com.br\/new\/wp-content\/uploads\/2025\/02\/IMG-20250220-WA0028.jpg 1600w\" sizes=\"(max-width: 1600px) 100vw, 1600px\" \/><p id=\"caption-attachment-2986\" class=\"wp-caption-text\"><em>O presidente Ivan Maia, rodeado da secret\u00e1ria da SIURB S\u00f4ania Fontes e de diretores e assessores da EMASA, acompanharam os servi\u00e7os preventivos realizado no Beco do Fuxico.<\/em><\/p><\/div>\n<p>Oper\u00e1rios da Empresa Municipal de \u00c1guas e Saneamento (EMASA) est\u00e3o realizando uma a\u00e7\u00e3o especial com a revis\u00e3o nas redes de \u00e1gua e esgoto na Travessa Adolfo Leite (Beco do Fuxico) e todo o entorno onde acontece a tradicional Lavagem do Beco do Fuxico.<\/p>\n<p>Na manh\u00e3 de hoje, dia 20, o presidente da EMASA, Ivan Maia, a secret\u00e1ria de Infraestrutura e Urbanismo, S\u00f4nia Fontes, al\u00e9m de diretores e assessores da concession\u00e1ria de \u00e1gua e esgoto, visitaram o Beco do Fuxico e acompanharam o trabalho de oper\u00e1rios da empresa.<\/p>\n<p>Segundo Ivan Maia, a realiza\u00e7\u00e3o desse trabalho \u00e9 uma opera\u00e7\u00e3o necess\u00e1ria para evitar imprevistos durante a realiza\u00e7\u00e3o do evento que acontece nesta sexta-feira e s\u00e1bado, dias 21 e 22.<\/p>\n<p>\u201cA Lavagem do Beco do Fuxico \u00e9 um patrim\u00f4nio de Itabuna e est\u00e1 em sua 44\u00aa edi\u00e7\u00e3o. Cabe \u00e0 EMASA fazer todo um trabalho preventivo para que a festa ocorra da melhor forma poss\u00edvel\u201d, disse Maia.<\/p>\n<p>Ele assegura que, al\u00e9m da opera\u00e7\u00e3o de revis\u00e3o das redes de \u00e1gua e esgotamento sanit\u00e1rio, haver\u00e1 equipes de plant\u00e3o para atender quaisquer emerg\u00eancias.<\/p>\n<p>\u201cCaso ocorra algum imprevisto relacionado a EMASA, teremos equipes de plant\u00e3o para solucionar o incidente\u201d, assegura o presidente da EMASA.<\/p>\n<p>ARRAST\u00c3O DA CRIAN\u00c7ADA<\/p>\n<p>A EMASA tamb\u00e9m vai participar na 44\u00aa Lavagem do Beco do Fuxico, no evento destinado \u00e0s crian\u00e7as. No s\u00e1bado, dia 22, haver\u00e1 o bloco das crian\u00e7as organizado pela FICC. A concession\u00e1ria de saneamento vai realizar a\u00e7\u00f5es l\u00fadicas com um carro-pipa especial para amenizar o calor dos pequenos que v\u00e3o se divertir e brincar com a anima\u00e7\u00e3o do palha\u00e7o Kalund\u00fa.<\/p>\n<p>\u201cEssa a\u00e7\u00e3o em parceria com a FICC busca aproximar a empresa da comunidade. A EMASA tamb\u00e9m \u00e9 um patrim\u00f4nio de Itabuna e tem que estar presente em eventos como a Lavagem do Beco do Fuxico. E, nada melhor do que uma a\u00e7\u00e3o que envolve as crian\u00e7as\u201d finaliza Ivan Maia.<\/p>\n<p>&#8212;-<\/p>\n<p>Assessoria de Comunica\u00e7\u00e3o Social da EMASA<\/p>\n<p>20\/fevereiro\/2024<\/p>\n","protected":false},"excerpt":{"rendered":"<p>Oper\u00e1rios da Empresa Municipal de \u00c1guas e Saneamento (EMASA) est\u00e3o realizando uma a\u00e7\u00e3o especial com a revis\u00e3o nas redes de [&hellip;]<\/p>\n","protected":false},"author":1,"featured_media":2986,"comment_status":"open","ping_status":"open","sticky":false,"template":"","format":"standard","meta":{"nf_dc_page":"","footnotes":""},"categories":[9],"tags":[],"class_list":["post-2985","post","type-post","status-publish","format-standard","has-post-thumbnail","hentry","category-noticias"],"_links":{"self":[{"href":"https:\/\/emasaitabuna.com.br\/new\/wp-json\/wp\/v2\/posts\/2985","targetHints":{"allow":["GET"]}}],"collection":[{"href":"https:\/\/emasaitabuna.com.br\/new\/wp-json\/wp\/v2\/posts"}],"about":[{"href":"https:\/\/emasaitabuna.com.br\/new\/wp-json\/wp\/v2\/types\/post"}],"author":[{"embeddable":true,"href":"https:\/\/emasaitabuna.com.br\/new\/wp-json\/wp\/v2\/users\/1"}],"replies":[{"embeddable":true,"href":"https:\/\/emasaitabuna.com.br\/new\/wp-json\/wp\/v2\/comments?post=2985"}],"version-history":[{"count":2,"href":"https:\/\/emasaitabuna.com.br\/new\/wp-json\/wp\/v2\/posts\/2985\/revisions"}],"predecessor-version":[{"id":2988,"href":"https:\/\/emasaitabuna.com.br\/new\/wp-json\/wp\/v2\/posts\/2985\/revisions\/2988"}],"wp:featuredmedia":[{"embeddable":true,"href":"https:\/\/emasaitabuna.com.br\/new\/wp-json\/wp\/v2\/media\/2986"}],"wp:attachment":[{"href":"https:\/\/emasaitabuna.com.br\/new\/wp-json\/wp\/v2\/media?parent=2985"}],"wp:term":[{"taxonomy":"category","embeddable":true,"href":"https:\/\/emasaitabuna.com.br\/new\/wp-json\/wp\/v2\/categories?post=2985"},{"taxonomy":"post_tag","embeddable":true,"href":"https:\/\/emasaitabuna.com.br\/new\/wp-json\/wp\/v2\/tags?post=2985"}],"curies":[{"name":"wp","href":"https:\/\/api.w.org\/{rel}","templated":true}]}}