{"id":2993,"date":"2025-02-23T14:50:10","date_gmt":"2025-02-23T17:50:10","guid":{"rendered":"https:\/\/emasaitabuna.com.br\/new\/?p=2993"},"modified":"2025-02-23T14:51:31","modified_gmt":"2025-02-23T17:51:31","slug":"emasa-e-ficc-fizeram-a-animacao-da-criancada-no-bloquinho-infantil-na-44a-lavagem-do-beco-do-fuxico","status":"publish","type":"post","link":"https:\/\/emasaitabuna.com.br\/new\/emasa-e-ficc-fizeram-a-animacao-da-criancada-no-bloquinho-infantil-na-44a-lavagem-do-beco-do-fuxico\/","title":{"rendered":"EMASA e FICC fizeram a anima\u00e7\u00e3o da crian\u00e7ada no Bloquinho Infantil na 44\u00aa Lavagem do Beco do Fuxico"},"content":{"rendered":"<div id=\"attachment_2994\" style=\"width: 1610px\" class=\"wp-caption aligncenter\"><img decoding=\"async\" aria-describedby=\"caption-attachment-2994\" class=\"wp-image-2994 size-full\" src=\"https:\/\/emasaitabuna.com.br\/new\/wp-content\/uploads\/2025\/02\/IMG-20250223-WA0031.jpg\" alt=\"\" width=\"1600\" height=\"1066\" srcset=\"https:\/\/emasaitabuna.com.br\/new\/wp-content\/uploads\/2025\/02\/IMG-20250223-WA0031-200x133.jpg 200w, https:\/\/emasaitabuna.com.br\/new\/wp-content\/uploads\/2025\/02\/IMG-20250223-WA0031-300x200.jpg 300w, https:\/\/emasaitabuna.com.br\/new\/wp-content\/uploads\/2025\/02\/IMG-20250223-WA0031-400x267.jpg 400w, https:\/\/emasaitabuna.com.br\/new\/wp-content\/uploads\/2025\/02\/IMG-20250223-WA0031-500x333.jpg 500w, https:\/\/emasaitabuna.com.br\/new\/wp-content\/uploads\/2025\/02\/IMG-20250223-WA0031-600x400.jpg 600w, https:\/\/emasaitabuna.com.br\/new\/wp-content\/uploads\/2025\/02\/IMG-20250223-WA0031-768x512.jpg 768w, https:\/\/emasaitabuna.com.br\/new\/wp-content\/uploads\/2025\/02\/IMG-20250223-WA0031-800x533.jpg 800w, https:\/\/emasaitabuna.com.br\/new\/wp-content\/uploads\/2025\/02\/IMG-20250223-WA0031-1200x800.jpg 1200w, https:\/\/emasaitabuna.com.br\/new\/wp-content\/uploads\/2025\/02\/IMG-20250223-WA0031-1536x1023.jpg 1536w, https:\/\/emasaitabuna.com.br\/new\/wp-content\/uploads\/2025\/02\/IMG-20250223-WA0031.jpg 1600w\" sizes=\"(max-width: 1600px) 100vw, 1600px\" \/><p id=\"caption-attachment-2994\" class=\"wp-caption-text\">A EMASA garatiu o banho para amenizar o calor e energizar a crian\u00e7ada na Lavagem do Beco do Fuxico.<\/p><\/div>\n<p>A parceria entre a Empresa Municipal de \u00c1guas e Saneamento (EMASA) e a Funda\u00e7\u00e3o Itabunense de Cultura e Cidadania (FICC) proporcionou na tarde de ontem, dia 22, muita alegria e anima\u00e7\u00e3o para a crian\u00e7ada que participou do \u201cBloquinho Infantil\u201d, que desfilou no \u00faltimo dia da 44\u00aa Lavagem do Beco do Fuxico.<\/p>\n<p>O Bloquinho se concentrou na Pra\u00e7a Laura Concei\u00e7\u00e3o e desfilou pela Rua Professor Alicio de Queiroz e parte da Avenida do Cinquenten\u00e1rio, animado pela dupla de palha\u00e7os Pirulito e Pa\u00e7oca. J\u00e1 na Pra\u00e7a Adami, a garotada foi recebida pelo grupo de anima\u00e7\u00e3o infantil Os Bananoides e o palha\u00e7o Kalundu, que interagiram e mantiveram a alegria dos pequenos.<\/p>\n<p>Para refrescar o calor dos vibrantes foli\u00f5es mirins, a EMASA proporcionou um banho com jato d&#8217;\u00e1gua, o que fez a festa ficar ainda mais energizada. O clima de carnaval para o \u201cBloquinho Infantil\u201d se encerrou no final da tarde.<\/p>\n<p>Para o presidente da EMASA, Ivan Maia, a participa\u00e7\u00e3o da empresa em eventos como a Lavagem do Beco do Fuxico passou a fazer parte da pol\u00edtica da concession\u00e1ria de saneamento b\u00e1sico de estar mais junta da comunidade.<\/p>\n<p>\u201cA EMASA n\u00e3o \u00e9 somente uma empresa essencial para Itabuna e os itabunenses pelos servi\u00e7os prestados. Ela tamb\u00e9m tem que estar presente nos momentos importantes da manifesta\u00e7\u00e3o popular, como a Lavagem do Beco do Fuxico\u201d, assegurou o presidente Ivan Maia.<\/p>\n<div id=\"attachment_2995\" style=\"width: 1610px\" class=\"wp-caption aligncenter\"><img decoding=\"async\" aria-describedby=\"caption-attachment-2995\" class=\"wp-image-2995 size-full\" src=\"https:\/\/emasaitabuna.com.br\/new\/wp-content\/uploads\/2025\/02\/IMG-20250223-WA0032.jpg\" alt=\"\" width=\"1600\" height=\"1066\" srcset=\"https:\/\/emasaitabuna.com.br\/new\/wp-content\/uploads\/2025\/02\/IMG-20250223-WA0032-200x133.jpg 200w, https:\/\/emasaitabuna.com.br\/new\/wp-content\/uploads\/2025\/02\/IMG-20250223-WA0032-300x200.jpg 300w, https:\/\/emasaitabuna.com.br\/new\/wp-content\/uploads\/2025\/02\/IMG-20250223-WA0032-400x267.jpg 400w, https:\/\/emasaitabuna.com.br\/new\/wp-content\/uploads\/2025\/02\/IMG-20250223-WA0032-500x333.jpg 500w, https:\/\/emasaitabuna.com.br\/new\/wp-content\/uploads\/2025\/02\/IMG-20250223-WA0032-600x400.jpg 600w, https:\/\/emasaitabuna.com.br\/new\/wp-content\/uploads\/2025\/02\/IMG-20250223-WA0032-768x512.jpg 768w, https:\/\/emasaitabuna.com.br\/new\/wp-content\/uploads\/2025\/02\/IMG-20250223-WA0032-800x533.jpg 800w, https:\/\/emasaitabuna.com.br\/new\/wp-content\/uploads\/2025\/02\/IMG-20250223-WA0032-1200x800.jpg 1200w, https:\/\/emasaitabuna.com.br\/new\/wp-content\/uploads\/2025\/02\/IMG-20250223-WA0032-1536x1023.jpg 1536w, https:\/\/emasaitabuna.com.br\/new\/wp-content\/uploads\/2025\/02\/IMG-20250223-WA0032.jpg 1600w\" sizes=\"(max-width: 1600px) 100vw, 1600px\" \/><p id=\"caption-attachment-2995\" class=\"wp-caption-text\">Os Bananoides cantou para os foli\u00f5es mirins na programa\u00e7\u00e3o infantil da 44\u00aa Lavagem do Beco do Fuxico.<\/p><\/div>\n<p>&#8212;&#8211;<\/p>\n<p>Assessoria de Comunica\u00e7\u00e3o Social da EMASA<\/p>\n<p>23\/fevereiro\/2025.<\/p>\n","protected":false},"excerpt":{"rendered":"<p>A parceria entre a Empresa Municipal de \u00c1guas e Saneamento (EMASA) e a Funda\u00e7\u00e3o Itabunense de Cultura e Cidadania (FICC) [&hellip;]<\/p>\n","protected":false},"author":1,"featured_media":2994,"comment_status":"open","ping_status":"open","sticky":false,"template":"","format":"standard","meta":{"nf_dc_page":"","footnotes":""},"categories":[9],"tags":[],"class_list":["post-2993","post","type-post","status-publish","format-standard","has-post-thumbnail","hentry","category-noticias"],"_links":{"self":[{"href":"https:\/\/emasaitabuna.com.br\/new\/wp-json\/wp\/v2\/posts\/2993","targetHints":{"allow":["GET"]}}],"collection":[{"href":"https:\/\/emasaitabuna.com.br\/new\/wp-json\/wp\/v2\/posts"}],"about":[{"href":"https:\/\/emasaitabuna.com.br\/new\/wp-json\/wp\/v2\/types\/post"}],"author":[{"embeddable":true,"href":"https:\/\/emasaitabuna.com.br\/new\/wp-json\/wp\/v2\/users\/1"}],"replies":[{"embeddable":true,"href":"https:\/\/emasaitabuna.com.br\/new\/wp-json\/wp\/v2\/comments?post=2993"}],"version-history":[{"count":2,"href":"https:\/\/emasaitabuna.com.br\/new\/wp-json\/wp\/v2\/posts\/2993\/revisions"}],"predecessor-version":[{"id":2997,"href":"https:\/\/emasaitabuna.com.br\/new\/wp-json\/wp\/v2\/posts\/2993\/revisions\/2997"}],"wp:featuredmedia":[{"embeddable":true,"href":"https:\/\/emasaitabuna.com.br\/new\/wp-json\/wp\/v2\/media\/2994"}],"wp:attachment":[{"href":"https:\/\/emasaitabuna.com.br\/new\/wp-json\/wp\/v2\/media?parent=2993"}],"wp:term":[{"taxonomy":"category","embeddable":true,"href":"https:\/\/emasaitabuna.com.br\/new\/wp-json\/wp\/v2\/categories?post=2993"},{"taxonomy":"post_tag","embeddable":true,"href":"https:\/\/emasaitabuna.com.br\/new\/wp-json\/wp\/v2\/tags?post=2993"}],"curies":[{"name":"wp","href":"https:\/\/api.w.org\/{rel}","templated":true}]}}