{"id":3013,"date":"2025-02-28T16:42:14","date_gmt":"2025-02-28T19:42:14","guid":{"rendered":"https:\/\/emasaitabuna.com.br\/new\/?p=3013"},"modified":"2025-02-28T16:43:04","modified_gmt":"2025-02-28T19:43:04","slug":"emasa-ampliara-a-rede-de-abastecimento-de-agua-do-bairro-manoel-leao-e-para-as-comunidades-sao-cristovao-e-agrovila-bela-flor","status":"publish","type":"post","link":"https:\/\/emasaitabuna.com.br\/new\/emasa-ampliara-a-rede-de-abastecimento-de-agua-do-bairro-manoel-leao-e-para-as-comunidades-sao-cristovao-e-agrovila-bela-flor\/","title":{"rendered":"EMASA ampliar\u00e1 a rede de abastecimento de \u00e1gua do Bairro Manoel Le\u00e3o e para as comunidades S\u00e3o Crist\u00f3v\u00e3o e Agrovila Bela Flor"},"content":{"rendered":"<div id=\"attachment_3014\" style=\"width: 1610px\" class=\"wp-caption aligncenter\"><img decoding=\"async\" aria-describedby=\"caption-attachment-3014\" class=\"wp-image-3014 size-full\" src=\"https:\/\/emasaitabuna.com.br\/new\/wp-content\/uploads\/2025\/02\/IMG-20250228-WA0009.jpg\" alt=\"\" width=\"1600\" height=\"1066\" srcset=\"https:\/\/emasaitabuna.com.br\/new\/wp-content\/uploads\/2025\/02\/IMG-20250228-WA0009-200x133.jpg 200w, https:\/\/emasaitabuna.com.br\/new\/wp-content\/uploads\/2025\/02\/IMG-20250228-WA0009-300x200.jpg 300w, https:\/\/emasaitabuna.com.br\/new\/wp-content\/uploads\/2025\/02\/IMG-20250228-WA0009-400x267.jpg 400w, https:\/\/emasaitabuna.com.br\/new\/wp-content\/uploads\/2025\/02\/IMG-20250228-WA0009-500x333.jpg 500w, https:\/\/emasaitabuna.com.br\/new\/wp-content\/uploads\/2025\/02\/IMG-20250228-WA0009-600x400.jpg 600w, https:\/\/emasaitabuna.com.br\/new\/wp-content\/uploads\/2025\/02\/IMG-20250228-WA0009-768x512.jpg 768w, https:\/\/emasaitabuna.com.br\/new\/wp-content\/uploads\/2025\/02\/IMG-20250228-WA0009-800x533.jpg 800w, https:\/\/emasaitabuna.com.br\/new\/wp-content\/uploads\/2025\/02\/IMG-20250228-WA0009-1200x800.jpg 1200w, https:\/\/emasaitabuna.com.br\/new\/wp-content\/uploads\/2025\/02\/IMG-20250228-WA0009-1536x1023.jpg 1536w, https:\/\/emasaitabuna.com.br\/new\/wp-content\/uploads\/2025\/02\/IMG-20250228-WA0009.jpg 1600w\" sizes=\"(max-width: 1600px) 100vw, 1600px\" \/><p id=\"caption-attachment-3014\" class=\"wp-caption-text\"><\/em> <em>A representante dos agricultores familiar da Agrovila Bela Flor, Rita C\u00e9lia, exp\u00f4s as dificuldades que a comunidade passa com a falta d\u2019\u00e1gua e disse esperan\u00e7osa com o projeto de amplia\u00e7\u00e3o do abastecimento de \u00e1gua, apresentado pelos dirigentes da EMASA.<\/em><\/p><\/div>\n<p>O presidente da Empresa Municipal de \u00c1guas e Saneamento (EMASA), Ivan Maia, o gerente t\u00e9cnico Jo\u00e3o Bitencourt e o assessor t\u00e9cnico Agnaldo Ferreira, acompanhados dos vereadores Bab\u00e1 Cearense (PP), Sivaldo Reis (PSD), Denilton Santos (Avante) e Jos\u00e9 Carlos da Sa\u00fade (SD), reuniram-se com moradores e lideran\u00e7as comunit\u00e1rias do Bairro Manoel Le\u00e3o, Agrovila Bela Flor e Comunidade S\u00e3o Crist\u00f3v\u00e3o, para discutir e apresentar o projeto de implanta\u00e7\u00e3o da rede de abastecimento de \u00e1gua para essas localidades.<\/p>\n<p>A rede atual n\u00e3o atende a parte alta do Manoel Le\u00e3o e tamb\u00e9m a Agrovila Bela Flor e a Comunidade S\u00e3o Crist\u00f3v\u00e3o. O projeto de expans\u00e3o da rede envolve investimentos de aproximadamente R$ 300 mil.<\/p>\n<p>Segundo Ivan Maia, o prefeito Augusto Castro (PSD) com o Projeto Mais \u00c1gua para a Cidade tem priorizado investimentos na expans\u00e3o do sistema de abastecimento de \u00e1gua de Itabuna, visando a universaliza\u00e7\u00e3o do fornecimento de \u00e1gua tratada para toda a popula\u00e7\u00e3o.<\/p>\n<p>\u201cO prefeito Augusto Castro est\u00e1 empenhado em levar para toda a cidade, todos os dias, garantindo dignidade e qualidade de vida. Asseguro que em pouco tempo esse problema estar\u00e1 resolvido e voc\u00eas ter\u00e3o \u00e1gua de qualidade em suas casas e estabelecimentos comerciais\u201d, garantiu o presidente da EMASA, Ivan Maia.<\/p>\n<p>O presidente da Associa\u00e7\u00e3o de Moradores do Bairro Manoel Le\u00e3o, Pedro Jorge Almeida, avaliou como positivo o encontro com os dirigentes da EMASA e os vereadores itabunenses.<\/p>\n<p>\u201cEsse encontro foi extremamente positivo, porque foi apresentado o projeto de expans\u00e3o da rede de \u00e1gua que vai atender ao nosso bairro e as duas comunidades vizinhas que est\u00e3o localizadas na parte mais alta. Sempre cobramos das antigas gest\u00f5es municipais. Agora, com a firme atua\u00e7\u00e3o do prefeito Augusto Castro, da EMASA e da C\u00e2mara de Vereadores esse sofrimento de d\u00e9cadas ter\u00e1 fim\u201d, disse Almeida.<\/p>\n<p>A representante do projeto de agricultura familiar Agrovila Bela Flor, Rita C\u00e9lia Benjamim, exp\u00f4s os problemas que os assentados enfrentam com a falta de \u00e1gua e se mostrou esperan\u00e7osa com o que foi apresentado.<\/p>\n<p>\u201cHoje nos foi apresentado pela EMASA um projeto que nos d\u00e1 esperan\u00e7a e perspectiva de ter \u00e1gua de qualidade. O presidente Ivan Maia e os vereadores, em nome do prefeito Augusto Castro, est\u00e3o comprometidos em resolver a dificuldade que a Bela Flor tem em rela\u00e7\u00e3o a \u00e1gua, tanto para o consumo humano como para desenvolver a nossa agricultura\u201d, observou.<\/p>\n<p>Ela disse estar confiante porque brevemente o abastecimento de \u00e1gua chegar\u00e1 \u00e0 sua comunidade e tamb\u00e9m as vizinhas. \u201cEstou muito confiante com o fornecimento de \u00e1gua atrav\u00e9s da EMASA. A participa\u00e7\u00e3o dos agricultores familiares da Agrovila no Programa de Aquisi\u00e7\u00e3o de Alimentos (PAA) tende a aumentar. Atualmente, a nossa produ\u00e7\u00e3o \u00e9 pequena, porque dependemos de \u00e1gua e n\u00e3o temos\u201d, afirmou a l\u00edder do projeto Agrovila Bela Flor.<\/p>\n<p>A EMASA vai iniciar o processo em mar\u00e7o e, depois de certame, o prefeito Augusto Castro e o presidente Ivan Maia dar\u00e3o a ordem de servi\u00e7o para que sejam iniciadas as obras de amplia\u00e7\u00e3o da rede de abastecimento de \u00e1gua para a parte alta do Manoel Le\u00e3o e as comunidades S\u00e3o Crist\u00f3v\u00e3o e Agrovila Bela For.<\/p>\n<p>&#8212;-<\/p>\n<p>Assessoria de Comunica\u00e7\u00e3o Social da EMASA<\/p>\n<p>28\/fevereiro\/2025.<\/p>\n","protected":false},"excerpt":{"rendered":"<p>O presidente da Empresa Municipal de \u00c1guas e Saneamento (EMASA), Ivan Maia, o gerente t\u00e9cnico Jo\u00e3o Bitencourt e o assessor [&hellip;]<\/p>\n","protected":false},"author":1,"featured_media":3014,"comment_status":"open","ping_status":"open","sticky":false,"template":"","format":"standard","meta":{"nf_dc_page":"","footnotes":""},"categories":[9],"tags":[],"class_list":["post-3013","post","type-post","status-publish","format-standard","has-post-thumbnail","hentry","category-noticias"],"_links":{"self":[{"href":"https:\/\/emasaitabuna.com.br\/new\/wp-json\/wp\/v2\/posts\/3013","targetHints":{"allow":["GET"]}}],"collection":[{"href":"https:\/\/emasaitabuna.com.br\/new\/wp-json\/wp\/v2\/posts"}],"about":[{"href":"https:\/\/emasaitabuna.com.br\/new\/wp-json\/wp\/v2\/types\/post"}],"author":[{"embeddable":true,"href":"https:\/\/emasaitabuna.com.br\/new\/wp-json\/wp\/v2\/users\/1"}],"replies":[{"embeddable":true,"href":"https:\/\/emasaitabuna.com.br\/new\/wp-json\/wp\/v2\/comments?post=3013"}],"version-history":[{"count":2,"href":"https:\/\/emasaitabuna.com.br\/new\/wp-json\/wp\/v2\/posts\/3013\/revisions"}],"predecessor-version":[{"id":3016,"href":"https:\/\/emasaitabuna.com.br\/new\/wp-json\/wp\/v2\/posts\/3013\/revisions\/3016"}],"wp:featuredmedia":[{"embeddable":true,"href":"https:\/\/emasaitabuna.com.br\/new\/wp-json\/wp\/v2\/media\/3014"}],"wp:attachment":[{"href":"https:\/\/emasaitabuna.com.br\/new\/wp-json\/wp\/v2\/media?parent=3013"}],"wp:term":[{"taxonomy":"category","embeddable":true,"href":"https:\/\/emasaitabuna.com.br\/new\/wp-json\/wp\/v2\/categories?post=3013"},{"taxonomy":"post_tag","embeddable":true,"href":"https:\/\/emasaitabuna.com.br\/new\/wp-json\/wp\/v2\/tags?post=3013"}],"curies":[{"name":"wp","href":"https:\/\/api.w.org\/{rel}","templated":true}]}}