{"id":3026,"date":"2025-03-07T11:27:36","date_gmt":"2025-03-07T14:27:36","guid":{"rendered":"https:\/\/emasaitabuna.com.br\/new\/?p=3026"},"modified":"2025-03-07T11:27:36","modified_gmt":"2025-03-07T14:27:36","slug":"dia-internacional-da-mulher-e-comemorado-na-emasa-com-cafe-da-manha-e-roda-de-conversas","status":"publish","type":"post","link":"https:\/\/emasaitabuna.com.br\/new\/dia-internacional-da-mulher-e-comemorado-na-emasa-com-cafe-da-manha-e-roda-de-conversas\/","title":{"rendered":"Dia Internacional da Mulher \u00e9 comemorado na EMASA com caf\u00e9 da manh\u00e3 e roda de conversas"},"content":{"rendered":"<div id=\"attachment_3027\" style=\"width: 1290px\" class=\"wp-caption aligncenter\"><img decoding=\"async\" aria-describedby=\"caption-attachment-3027\" class=\"size-full wp-image-3027\" src=\"https:\/\/emasaitabuna.com.br\/new\/wp-content\/uploads\/2025\/03\/Dia-Internacional-da-Mulher-para-as-funcionarias-da-EMASA-foi-marcado-por-muita-descontracao-e-roda-de-conversas.jpg\" alt=\"\" width=\"1280\" height=\"575\" srcset=\"https:\/\/emasaitabuna.com.br\/new\/wp-content\/uploads\/2025\/03\/Dia-Internacional-da-Mulher-para-as-funcionarias-da-EMASA-foi-marcado-por-muita-descontracao-e-roda-de-conversas-200x90.jpg 200w, https:\/\/emasaitabuna.com.br\/new\/wp-content\/uploads\/2025\/03\/Dia-Internacional-da-Mulher-para-as-funcionarias-da-EMASA-foi-marcado-por-muita-descontracao-e-roda-de-conversas-300x135.jpg 300w, https:\/\/emasaitabuna.com.br\/new\/wp-content\/uploads\/2025\/03\/Dia-Internacional-da-Mulher-para-as-funcionarias-da-EMASA-foi-marcado-por-muita-descontracao-e-roda-de-conversas-400x180.jpg 400w, https:\/\/emasaitabuna.com.br\/new\/wp-content\/uploads\/2025\/03\/Dia-Internacional-da-Mulher-para-as-funcionarias-da-EMASA-foi-marcado-por-muita-descontracao-e-roda-de-conversas-500x225.jpg 500w, https:\/\/emasaitabuna.com.br\/new\/wp-content\/uploads\/2025\/03\/Dia-Internacional-da-Mulher-para-as-funcionarias-da-EMASA-foi-marcado-por-muita-descontracao-e-roda-de-conversas-600x270.jpg 600w, https:\/\/emasaitabuna.com.br\/new\/wp-content\/uploads\/2025\/03\/Dia-Internacional-da-Mulher-para-as-funcionarias-da-EMASA-foi-marcado-por-muita-descontracao-e-roda-de-conversas-768x345.jpg 768w, https:\/\/emasaitabuna.com.br\/new\/wp-content\/uploads\/2025\/03\/Dia-Internacional-da-Mulher-para-as-funcionarias-da-EMASA-foi-marcado-por-muita-descontracao-e-roda-de-conversas-800x359.jpg 800w, https:\/\/emasaitabuna.com.br\/new\/wp-content\/uploads\/2025\/03\/Dia-Internacional-da-Mulher-para-as-funcionarias-da-EMASA-foi-marcado-por-muita-descontracao-e-roda-de-conversas-1200x539.jpg 1200w, https:\/\/emasaitabuna.com.br\/new\/wp-content\/uploads\/2025\/03\/Dia-Internacional-da-Mulher-para-as-funcionarias-da-EMASA-foi-marcado-por-muita-descontracao-e-roda-de-conversas.jpg 1280w\" sizes=\"(max-width: 1280px) 100vw, 1280px\" \/><p id=\"caption-attachment-3027\" class=\"wp-caption-text\">Dia Internacional da Mulher para as funcion\u00e1rias da EMASA, foi marcado por muita descontra\u00e7\u00e3o e roda de conversas.<\/p><\/div>\n<p>As comemora\u00e7\u00f5es do Dia Internacional da Mulher para as colaboradoras da Empresa Municipal de \u00c1guas e Saneamento (EMASA) foi antecipado e festejado com um caf\u00e9 da manh\u00e3 hoje, dia 7, no audit\u00f3rio da Esta\u00e7\u00e3o de Tratamento de \u00c1gua (ETA), no Bairro S\u00e3o Louren\u00e7o.<\/p>\n<p>O evento foi organizado pelo Setor Psicossocial da empresa, coordenador pela psic\u00f3loga Erilania de Melo e a assistente social Maria D\u2019Ajuda Nascimento, e reuniu dezenas de funcion\u00e1rias dos diversos departamentos da EMASA.<\/p>\n<p>Na abertura, a t\u00e9cnica em Seguran\u00e7a do Trabalho, Fabiana Soares, falou sobre o papel da mulher na quest\u00e3o religiosa, desmistificando o papel da submiss\u00e3o da mulher, como alguns, equivocadamente, interpretam a partir de textos da B\u00edblia.<\/p>\n<p>O diretor Administrativo Mois\u00e9s Figueiredo, representou o presidente Ivan Maia, felicitou as mulheres pela import\u00e2ncia de sua data, 8 de Mar\u00e7o.<\/p>\n<p>\u201cEsse encontro comprova que a EMASA \u00e9 feita por mulheres e o papel que voc\u00eas desenvolvem na empresa \u00e9 de vital import\u00e2ncia para o trabalho e servi\u00e7os que s\u00e3o prestados \u00e0 popula\u00e7\u00e3o de Itabuna. Parab\u00e9ns a todas pelo Dia Internacional da Mulher\u201d, felicitou Figueiredo.<\/p>\n<p>Tamb\u00e9m foi realizada uma roda de conversas sobre a sa\u00fade da mulher, coordenada pela enfermeira e agente sanit\u00e1ria da EMASA, Ver\u00f4nica Luz.<\/p>\n<p>A data dedicada ao Dia Internacional da Mulher foi criada em 1917 para a celebra\u00e7\u00e3o da luta pelos direitos das mulheres. Por isso, \u00e9 um marco essencial para o reconhecimento e fortalecimento do papel feminino nas rela\u00e7\u00f5es econ\u00f4micas e sociais.<\/p>\n<p>Al\u00e9m do diretor Administrativo Mois\u00e9s Figueiredo, tamb\u00e9m prestigiaram o evento, o diretor de Planejamento, Jos\u00e9 Silva, a Procuradora Jur\u00eddica, Fabiana Rocha, a subsecret\u00e1ria de Sa\u00fade e integrante do Conselho de Administra\u00e7\u00e3o da EMASA, L\u00e2nia Peixoto, e o vereador Bab\u00e1 Cearense (PP), que representou o Poder Legislativo.<\/p>\n<p>&#8212;-<br \/>\nAssessoria de Comunica\u00e7\u00e3o Social da EMASA<br \/>\nFoto: Hugo Argolo<br \/>\n07\/mar\u00e7o\/2025<\/p>\n","protected":false},"excerpt":{"rendered":"<p>As comemora\u00e7\u00f5es do Dia Internacional da Mulher para as colaboradoras da Empresa Municipal de \u00c1guas e Saneamento (EMASA) foi antecipado [&hellip;]<\/p>\n","protected":false},"author":1,"featured_media":3027,"comment_status":"open","ping_status":"open","sticky":false,"template":"","format":"standard","meta":{"nf_dc_page":"","footnotes":""},"categories":[9],"tags":[],"class_list":["post-3026","post","type-post","status-publish","format-standard","has-post-thumbnail","hentry","category-noticias"],"_links":{"self":[{"href":"https:\/\/emasaitabuna.com.br\/new\/wp-json\/wp\/v2\/posts\/3026","targetHints":{"allow":["GET"]}}],"collection":[{"href":"https:\/\/emasaitabuna.com.br\/new\/wp-json\/wp\/v2\/posts"}],"about":[{"href":"https:\/\/emasaitabuna.com.br\/new\/wp-json\/wp\/v2\/types\/post"}],"author":[{"embeddable":true,"href":"https:\/\/emasaitabuna.com.br\/new\/wp-json\/wp\/v2\/users\/1"}],"replies":[{"embeddable":true,"href":"https:\/\/emasaitabuna.com.br\/new\/wp-json\/wp\/v2\/comments?post=3026"}],"version-history":[{"count":1,"href":"https:\/\/emasaitabuna.com.br\/new\/wp-json\/wp\/v2\/posts\/3026\/revisions"}],"predecessor-version":[{"id":3028,"href":"https:\/\/emasaitabuna.com.br\/new\/wp-json\/wp\/v2\/posts\/3026\/revisions\/3028"}],"wp:featuredmedia":[{"embeddable":true,"href":"https:\/\/emasaitabuna.com.br\/new\/wp-json\/wp\/v2\/media\/3027"}],"wp:attachment":[{"href":"https:\/\/emasaitabuna.com.br\/new\/wp-json\/wp\/v2\/media?parent=3026"}],"wp:term":[{"taxonomy":"category","embeddable":true,"href":"https:\/\/emasaitabuna.com.br\/new\/wp-json\/wp\/v2\/categories?post=3026"},{"taxonomy":"post_tag","embeddable":true,"href":"https:\/\/emasaitabuna.com.br\/new\/wp-json\/wp\/v2\/tags?post=3026"}],"curies":[{"name":"wp","href":"https:\/\/api.w.org\/{rel}","templated":true}]}}