{"id":3046,"date":"2025-03-08T14:18:15","date_gmt":"2025-03-08T17:18:15","guid":{"rendered":"https:\/\/emasaitabuna.com.br\/new\/?p=3046"},"modified":"2025-03-08T14:18:15","modified_gmt":"2025-03-08T17:18:15","slug":"emasa-se-compromete-em-levar-agua-e-esgotamento-sanitario-para-o-jardim-cordier","status":"publish","type":"post","link":"https:\/\/emasaitabuna.com.br\/new\/emasa-se-compromete-em-levar-agua-e-esgotamento-sanitario-para-o-jardim-cordier\/","title":{"rendered":"EMASA se compromete em levar \u00e1gua e esgotamento sanit\u00e1rio para o Jardim Cordier"},"content":{"rendered":"<div id=\"attachment_3047\" style=\"width: 1610px\" class=\"wp-caption aligncenter\"><img decoding=\"async\" aria-describedby=\"caption-attachment-3047\" class=\"size-full wp-image-3047\" src=\"https:\/\/emasaitabuna.com.br\/new\/wp-content\/uploads\/2025\/03\/Representandes-da-EMASA-discutem-com-os-moradores-do-Loteamento-Jardim-Cordier-as-implantacoes-das-rede-de-agua-e-esgoto.jpg\" alt=\"\" width=\"1600\" height=\"1066\" srcset=\"https:\/\/emasaitabuna.com.br\/new\/wp-content\/uploads\/2025\/03\/Representandes-da-EMASA-discutem-com-os-moradores-do-Loteamento-Jardim-Cordier-as-implantacoes-das-rede-de-agua-e-esgoto-200x133.jpg 200w, https:\/\/emasaitabuna.com.br\/new\/wp-content\/uploads\/2025\/03\/Representandes-da-EMASA-discutem-com-os-moradores-do-Loteamento-Jardim-Cordier-as-implantacoes-das-rede-de-agua-e-esgoto-300x200.jpg 300w, https:\/\/emasaitabuna.com.br\/new\/wp-content\/uploads\/2025\/03\/Representandes-da-EMASA-discutem-com-os-moradores-do-Loteamento-Jardim-Cordier-as-implantacoes-das-rede-de-agua-e-esgoto-400x267.jpg 400w, https:\/\/emasaitabuna.com.br\/new\/wp-content\/uploads\/2025\/03\/Representandes-da-EMASA-discutem-com-os-moradores-do-Loteamento-Jardim-Cordier-as-implantacoes-das-rede-de-agua-e-esgoto-500x333.jpg 500w, https:\/\/emasaitabuna.com.br\/new\/wp-content\/uploads\/2025\/03\/Representandes-da-EMASA-discutem-com-os-moradores-do-Loteamento-Jardim-Cordier-as-implantacoes-das-rede-de-agua-e-esgoto-600x400.jpg 600w, https:\/\/emasaitabuna.com.br\/new\/wp-content\/uploads\/2025\/03\/Representandes-da-EMASA-discutem-com-os-moradores-do-Loteamento-Jardim-Cordier-as-implantacoes-das-rede-de-agua-e-esgoto-768x512.jpg 768w, https:\/\/emasaitabuna.com.br\/new\/wp-content\/uploads\/2025\/03\/Representandes-da-EMASA-discutem-com-os-moradores-do-Loteamento-Jardim-Cordier-as-implantacoes-das-rede-de-agua-e-esgoto-800x533.jpg 800w, https:\/\/emasaitabuna.com.br\/new\/wp-content\/uploads\/2025\/03\/Representandes-da-EMASA-discutem-com-os-moradores-do-Loteamento-Jardim-Cordier-as-implantacoes-das-rede-de-agua-e-esgoto-1200x800.jpg 1200w, https:\/\/emasaitabuna.com.br\/new\/wp-content\/uploads\/2025\/03\/Representandes-da-EMASA-discutem-com-os-moradores-do-Loteamento-Jardim-Cordier-as-implantacoes-das-rede-de-agua-e-esgoto-1536x1023.jpg 1536w, https:\/\/emasaitabuna.com.br\/new\/wp-content\/uploads\/2025\/03\/Representandes-da-EMASA-discutem-com-os-moradores-do-Loteamento-Jardim-Cordier-as-implantacoes-das-rede-de-agua-e-esgoto.jpg 1600w\" sizes=\"(max-width: 1600px) 100vw, 1600px\" \/><p id=\"caption-attachment-3047\" class=\"wp-caption-text\">Representandes da EMASA, discutem com os moradores do Loteamento Jardim Cordier as implanta\u00e7\u00f5es das rede de \u00e1gua e esgoto.<\/p><\/div>\n<p>O presidente da Empresa Municipal de \u00c1guas e Saneamento (EMASA), Ivan Maia, se reuniu na sexta-feira passada, dia 7, com um grupo de moradores do Loteamento Jardim Cordier para discutir a implanta\u00e7\u00e3o das redes de \u00e1gua e esgoto da localidade. Ele estava acompanhado do diretor de Planejamento, Jos\u00e9 Silva, e dos gerentes Jo\u00e3o Bitencourt (T\u00e9cnico) e Tauan Sampaio (Saneamento) e do vereador Bab\u00e1 Cearense (PP).<\/p>\n<p>O loteamento fica a poucos metros do reservat\u00f3rio do Projeto Mais \u00c1gua para a Cidade, com capacidade para acumular 5 milh\u00f5es de litros de \u00e1gua e que vai atender a toda zona sul de Itabuna.<\/p>\n<p>O presidente Ivan Maia afirmou que o objetivo da EMASA \u00e9 universalizar o saneamento b\u00e1sico para toda a cidade e se comprometeu em expandir as redes de \u00e1gua e esgoto para a localidade.<\/p>\n<p>\u201cO prefeito Augusto Castro (PSD) tem uma grande preocupa\u00e7\u00e3o com o bem-estar e a qualidade de vida dos moradores de Itabuna. O Projeto Mais \u00c1gua \u00e9 uma prova dessa preocupa\u00e7\u00e3o. Por isso, nos comprometemos que no pr\u00f3ximo dia 22, Dia Mundial da \u00c1gua, ele dar\u00e1 autoriza\u00e7\u00e3o para iniciarmos o processo de licita\u00e7\u00e3o das obras e servi\u00e7os que v\u00e3o trazer \u00e1gua e esgotamento sanit\u00e1rio para o Jardim Cordier\u201d, assegurou Ivan Maia.<\/p>\n<p>Moradora h\u00e1 10 anos, do Jardim Cordier, a policial militar Adriana Abreu disse que \u00e9 quase um desafio morar no loteamento e que agora carrega o sentimento de confian\u00e7a.<\/p>\n<p>\u201cAgora, com a palavra do presidente Ivan, em nome do prefeito Augusto Castro e o apoio do vereador Bab\u00e1 Cearense, o meu sentimento \u00e9 de confian\u00e7a. Sempre vivemos de promessas ao longo dos anos. Agora, com o tanque desse vizinho de casa, tenho a certeza de que a coisa vai acontecer\u201d, declarou a agente de seguran\u00e7a p\u00fablica.<\/p>\n<p>J\u00e1 a dona de casa e m\u00e3e de um rec\u00e9m-nascido Luiana Dias, relatou a dificuldade de cuidar de um beb\u00ea sem contar com o abastecimento de \u00e1gua permanente.<\/p>\n<p>\u201cImagine ter uma crian\u00e7a rec\u00e9m-nascido e n\u00e3o ter um bem t\u00e3o precioso como a \u00e1gua? A gente conta com a \u00e1gua da chuva e a compra em carros-pipa, sem saber a proced\u00eancia. Acredito que depois desse encontro, as cosas v\u00e3o acontecer para valer\u201d, disse com muita esperan\u00e7a a dona de casa.<\/p>\n<p>O vereador Bab\u00e1 Cearense acrescentou que o alinhamento com a EMASA e a gest\u00e3o do prefeito Augusto Castro, t\u00eam gerado bons frutos para a popula\u00e7\u00e3o de Itabuna.<\/p>\n<p>\u201cEsse encontro com voc\u00eas e os integrantes da EMASA \u00e9 a prova que nosso mandato e a gest\u00e3o do prefeito Augusto Castro est\u00e3o verdadeiramente comprometidos em fazer mais e mais por voc\u00eas e por toda Itabuna\u201d, finalizou o vereador do PP.<\/p>\n<p>&#8212;&#8211;<br \/>\nAssessoria de Comunica\u00e7\u00e3o Social da EMASA<br \/>\n08\/mar\u00e7o\/2025.<\/p>\n","protected":false},"excerpt":{"rendered":"<p>O presidente da Empresa Municipal de \u00c1guas e Saneamento (EMASA), Ivan Maia, se reuniu na sexta-feira passada, dia 7, com [&hellip;]<\/p>\n","protected":false},"author":1,"featured_media":3047,"comment_status":"open","ping_status":"open","sticky":false,"template":"","format":"standard","meta":{"nf_dc_page":"","footnotes":""},"categories":[9],"tags":[],"class_list":["post-3046","post","type-post","status-publish","format-standard","has-post-thumbnail","hentry","category-noticias"],"_links":{"self":[{"href":"https:\/\/emasaitabuna.com.br\/new\/wp-json\/wp\/v2\/posts\/3046","targetHints":{"allow":["GET"]}}],"collection":[{"href":"https:\/\/emasaitabuna.com.br\/new\/wp-json\/wp\/v2\/posts"}],"about":[{"href":"https:\/\/emasaitabuna.com.br\/new\/wp-json\/wp\/v2\/types\/post"}],"author":[{"embeddable":true,"href":"https:\/\/emasaitabuna.com.br\/new\/wp-json\/wp\/v2\/users\/1"}],"replies":[{"embeddable":true,"href":"https:\/\/emasaitabuna.com.br\/new\/wp-json\/wp\/v2\/comments?post=3046"}],"version-history":[{"count":1,"href":"https:\/\/emasaitabuna.com.br\/new\/wp-json\/wp\/v2\/posts\/3046\/revisions"}],"predecessor-version":[{"id":3048,"href":"https:\/\/emasaitabuna.com.br\/new\/wp-json\/wp\/v2\/posts\/3046\/revisions\/3048"}],"wp:featuredmedia":[{"embeddable":true,"href":"https:\/\/emasaitabuna.com.br\/new\/wp-json\/wp\/v2\/media\/3047"}],"wp:attachment":[{"href":"https:\/\/emasaitabuna.com.br\/new\/wp-json\/wp\/v2\/media?parent=3046"}],"wp:term":[{"taxonomy":"category","embeddable":true,"href":"https:\/\/emasaitabuna.com.br\/new\/wp-json\/wp\/v2\/categories?post=3046"},{"taxonomy":"post_tag","embeddable":true,"href":"https:\/\/emasaitabuna.com.br\/new\/wp-json\/wp\/v2\/tags?post=3046"}],"curies":[{"name":"wp","href":"https:\/\/api.w.org\/{rel}","templated":true}]}}