{"id":3061,"date":"2025-03-13T20:18:34","date_gmt":"2025-03-13T23:18:34","guid":{"rendered":"https:\/\/emasaitabuna.com.br\/new\/?p=3061"},"modified":"2025-03-14T05:43:03","modified_gmt":"2025-03-14T08:43:03","slug":"governador-jeronimo-rodrigues-e-prefeito-augusto-castro-entregam-em-itabuna-a-primeira-etapa-do-projeto-mais-agua-para-a-cidade","status":"publish","type":"post","link":"https:\/\/emasaitabuna.com.br\/new\/governador-jeronimo-rodrigues-e-prefeito-augusto-castro-entregam-em-itabuna-a-primeira-etapa-do-projeto-mais-agua-para-a-cidade\/","title":{"rendered":"Governador Jer\u00f4nimo Rodrigues e prefeito Augusto Castro entregam em Itabuna a primeira etapa do Projeto Mais \u00c1gua para a Cidade"},"content":{"rendered":"<div id=\"attachment_3062\" style=\"width: 810px\" class=\"wp-caption aligncenter\"><img decoding=\"async\" aria-describedby=\"caption-attachment-3062\" class=\"size-full wp-image-3062\" src=\"https:\/\/emasaitabuna.com.br\/new\/wp-content\/uploads\/2025\/03\/Em-nome-da-EMASA-Ivan-Maia-homenageia-com-placa-de-agradecimento-o-prefeito-Augusto-Castro-e-o-governador-Jeronimo-Rodrigues-pelo-Mais-Agua.jpg\" alt=\"\" width=\"800\" height=\"450\" srcset=\"https:\/\/emasaitabuna.com.br\/new\/wp-content\/uploads\/2025\/03\/Em-nome-da-EMASA-Ivan-Maia-homenageia-com-placa-de-agradecimento-o-prefeito-Augusto-Castro-e-o-governador-Jeronimo-Rodrigues-pelo-Mais-Agua-200x113.jpg 200w, https:\/\/emasaitabuna.com.br\/new\/wp-content\/uploads\/2025\/03\/Em-nome-da-EMASA-Ivan-Maia-homenageia-com-placa-de-agradecimento-o-prefeito-Augusto-Castro-e-o-governador-Jeronimo-Rodrigues-pelo-Mais-Agua-300x169.jpg 300w, https:\/\/emasaitabuna.com.br\/new\/wp-content\/uploads\/2025\/03\/Em-nome-da-EMASA-Ivan-Maia-homenageia-com-placa-de-agradecimento-o-prefeito-Augusto-Castro-e-o-governador-Jeronimo-Rodrigues-pelo-Mais-Agua-400x225.jpg 400w, https:\/\/emasaitabuna.com.br\/new\/wp-content\/uploads\/2025\/03\/Em-nome-da-EMASA-Ivan-Maia-homenageia-com-placa-de-agradecimento-o-prefeito-Augusto-Castro-e-o-governador-Jeronimo-Rodrigues-pelo-Mais-Agua-500x281.jpg 500w, https:\/\/emasaitabuna.com.br\/new\/wp-content\/uploads\/2025\/03\/Em-nome-da-EMASA-Ivan-Maia-homenageia-com-placa-de-agradecimento-o-prefeito-Augusto-Castro-e-o-governador-Jeronimo-Rodrigues-pelo-Mais-Agua-600x338.jpg 600w, https:\/\/emasaitabuna.com.br\/new\/wp-content\/uploads\/2025\/03\/Em-nome-da-EMASA-Ivan-Maia-homenageia-com-placa-de-agradecimento-o-prefeito-Augusto-Castro-e-o-governador-Jeronimo-Rodrigues-pelo-Mais-Agua-768x432.jpg 768w, https:\/\/emasaitabuna.com.br\/new\/wp-content\/uploads\/2025\/03\/Em-nome-da-EMASA-Ivan-Maia-homenageia-com-placa-de-agradecimento-o-prefeito-Augusto-Castro-e-o-governador-Jeronimo-Rodrigues-pelo-Mais-Agua.jpg 800w\" sizes=\"(max-width: 800px) 100vw, 800px\" \/><p id=\"caption-attachment-3062\" class=\"wp-caption-text\">Em nome da EMASA, Ivan Maia, homenageia com placa de agradecimento o prefeito Augusto Castro e o governador Jer\u00f4nimo Rodrigues, pelo Mais \u00c1gua.<\/p><\/div>\n<p>O governador Jer\u00f4nimo Rodrigues (PT) e o prefeito Augusto Castro (PSD), acompanhados da Primeira-dama do munic\u00edpio Andreia Castro, entregaram na tarde de hoje, dia 13, a primeira etapa do Projeto Mais \u00c1gua para a Cidade. O novo sistema de abastecimento de \u00e1gua na primeira e segunda etapas vai beneficiar 143 mil pessoas.<\/p>\n<p>Em seu discurso, o governador Jer\u00f4nimo Rodrigues reafirmou o compromisso de seu governo em cuidar das pessoas, levando sa\u00fade e bem-estar.<\/p>\n<p>\u201cEncerramos a manh\u00e3 de hoje com uma agenda muito especial, em ato muito significativo entregamos 50 leitos pedi\u00e1tricos no Hospital Manoel Novaes e mais 54 leitos para cuidar dos pacientes em tratamento da hemodi\u00e1lise no Novo Hospital S\u00e3o Lucas. E agora a tarde, a gente chega perto desse reservat\u00f3rio para levar \u00e1gua de qualidade e tratada para o povo de Itabuna, todos os dias, com o fim da intermit\u00eancia\u201d, disse o governador baiano.<\/p>\n<p>O prefeito Augusto Castro lembrou o sacrif\u00edcio que boa parte da popula\u00e7\u00e3o de Itabuna passou para obter \u00e1gua em suas casas nos \u00faltimos 50 anos, j\u00e1 que o fornecimento de \u00e1gua era operado pelo sistema de manobras, uma esp\u00e9cie de rod\u00edzio.<\/p>\n<p>\u201cAs fam\u00edlias de Itabuna sofriam com o fornecimento de \u00e1gua por manobras. Com esse reservat\u00f3rio e o outro que vamos entregar no dia 22, Dia Mundial da \u00c1gua, junto com o novo sistema da zona oeste, vamos chegar a 56 bairros com \u00e1gua todos os dias dando um fim ao abastecimento irregular. Esse foi um desafio que o governador Jer\u00f4nimo Rodrigues nos ajudou a vencer e assim estamos levando sa\u00fade para nossa gente\u201d, afirmou Castro.<\/p>\n<p>Para o presidente da EMASA, Ivan Maia, o Projeto Mais \u00c1gua para a Cidade \u00e9 o exemplo da coragem e determina\u00e7\u00e3o do prefeito Augusto Castro e da parceria bem sucedida com o governador Jer\u00f4nimo Rodrigues que est\u00e1 permitindo \u00e0 empresa universalizar o abastecimento de \u00e1gua em Itabuna.<\/p>\n<p>\u201cSaneamento b\u00e1sico se faz com coopera\u00e7\u00e3o. A a gente agradece aos colaboradores da EMASA, ao prefeito Augusto Castro, pela coragem e determina\u00e7\u00e3o, ao governador Jer\u00f4nimo, aos deputados e deputadas e aos vereadores, porque essa coopera\u00e7\u00e3o \u00e9 a respons\u00e1vel por fazer chegar \u00e1gua todos os dias nas casas das pessoas\u201d, destacou o presidente da EMASA.<\/p>\n<p>HOMENAGENS<\/p>\n<p>Durante a solenidade, o presidente da EMASA, prestou homenagem \u00e0s autoridades que contribu\u00edram para a concretiza\u00e7\u00e3o do Projeto Mais \u00c1gua para a Cidade. Foram agraciados com placas de agradecimento, o governador Jer\u00f4nimo Rodrigues, o prefeito Augusto Castro, o presidente da Companhia de Engenharia H\u00eddrica e de Saneamento da Bahia (CERB) Jayme Vieria Lima, e o diretor-geral da Ag\u00eancia Reguladora de Saneamento B\u00e1sico do Estado da Bahia (AGERSA), Juvenal Maynard.<\/p>\n<p>Tamb\u00e9m participaram da solenidade de inaugura\u00e7\u00e3o da primeira etapa do Projeto Mais \u00c1gua para a Cidade, os deputados federais Alice Portugal (PC do B) e Paulo Magalh\u00e3es (PSD), os estaduais Ol\u00edvia Santana (PC do B), Rosemberg Pinto (PT), Marcone Amaral (PSD) e Eduardo Sales (PP), o vice-prefeito J\u00fanior Brand\u00e3o, secret\u00e1rios municipais e vereadores.<\/p>\n<p>&#8212;&#8211;<br \/>\nAssessoria de Comunica\u00e7\u00e3o Social da EMASA.<br \/>\n13\/mar\u00e7o\/2025.<\/p>\n<p>Fotos: Mateus Landim &#8211; SECOM\/BA<\/p>\n<div id=\"attachment_3063\" style=\"width: 810px\" class=\"wp-caption aligncenter\"><img decoding=\"async\" aria-describedby=\"caption-attachment-3063\" class=\"size-full wp-image-3063\" src=\"https:\/\/emasaitabuna.com.br\/new\/wp-content\/uploads\/2025\/03\/Governador-Jeronimo-Rodrigues-e-prefeito-Augusto-Castro-inauguram-a-primeira-etapa-do-Projeto-Mais-Agua.jpg\" alt=\"\" width=\"800\" height=\"450\" srcset=\"https:\/\/emasaitabuna.com.br\/new\/wp-content\/uploads\/2025\/03\/Governador-Jeronimo-Rodrigues-e-prefeito-Augusto-Castro-inauguram-a-primeira-etapa-do-Projeto-Mais-Agua-200x113.jpg 200w, https:\/\/emasaitabuna.com.br\/new\/wp-content\/uploads\/2025\/03\/Governador-Jeronimo-Rodrigues-e-prefeito-Augusto-Castro-inauguram-a-primeira-etapa-do-Projeto-Mais-Agua-300x169.jpg 300w, https:\/\/emasaitabuna.com.br\/new\/wp-content\/uploads\/2025\/03\/Governador-Jeronimo-Rodrigues-e-prefeito-Augusto-Castro-inauguram-a-primeira-etapa-do-Projeto-Mais-Agua-400x225.jpg 400w, https:\/\/emasaitabuna.com.br\/new\/wp-content\/uploads\/2025\/03\/Governador-Jeronimo-Rodrigues-e-prefeito-Augusto-Castro-inauguram-a-primeira-etapa-do-Projeto-Mais-Agua-500x281.jpg 500w, https:\/\/emasaitabuna.com.br\/new\/wp-content\/uploads\/2025\/03\/Governador-Jeronimo-Rodrigues-e-prefeito-Augusto-Castro-inauguram-a-primeira-etapa-do-Projeto-Mais-Agua-600x338.jpg 600w, https:\/\/emasaitabuna.com.br\/new\/wp-content\/uploads\/2025\/03\/Governador-Jeronimo-Rodrigues-e-prefeito-Augusto-Castro-inauguram-a-primeira-etapa-do-Projeto-Mais-Agua-768x432.jpg 768w, https:\/\/emasaitabuna.com.br\/new\/wp-content\/uploads\/2025\/03\/Governador-Jeronimo-Rodrigues-e-prefeito-Augusto-Castro-inauguram-a-primeira-etapa-do-Projeto-Mais-Agua.jpg 800w\" sizes=\"(max-width: 800px) 100vw, 800px\" \/><p id=\"caption-attachment-3063\" class=\"wp-caption-text\">Governador Jer\u00f4nimo Rodrigues e prefeito Augusto Castro inauguram a primeira etapa do Projeto Mais \u00c1gua.<\/p><\/div>\n<div id=\"attachment_3064\" style=\"width: 810px\" class=\"wp-caption aligncenter\"><img decoding=\"async\" aria-describedby=\"caption-attachment-3064\" class=\"size-full wp-image-3064\" src=\"https:\/\/emasaitabuna.com.br\/new\/wp-content\/uploads\/2025\/03\/Governador-observa-os-detalhes-do-Projeto-Mais-Agua-para-a-Cidade.jpg\" alt=\"\" width=\"800\" height=\"450\" srcset=\"https:\/\/emasaitabuna.com.br\/new\/wp-content\/uploads\/2025\/03\/Governador-observa-os-detalhes-do-Projeto-Mais-Agua-para-a-Cidade-200x113.jpg 200w, https:\/\/emasaitabuna.com.br\/new\/wp-content\/uploads\/2025\/03\/Governador-observa-os-detalhes-do-Projeto-Mais-Agua-para-a-Cidade-300x169.jpg 300w, https:\/\/emasaitabuna.com.br\/new\/wp-content\/uploads\/2025\/03\/Governador-observa-os-detalhes-do-Projeto-Mais-Agua-para-a-Cidade-400x225.jpg 400w, https:\/\/emasaitabuna.com.br\/new\/wp-content\/uploads\/2025\/03\/Governador-observa-os-detalhes-do-Projeto-Mais-Agua-para-a-Cidade-500x281.jpg 500w, https:\/\/emasaitabuna.com.br\/new\/wp-content\/uploads\/2025\/03\/Governador-observa-os-detalhes-do-Projeto-Mais-Agua-para-a-Cidade-600x338.jpg 600w, https:\/\/emasaitabuna.com.br\/new\/wp-content\/uploads\/2025\/03\/Governador-observa-os-detalhes-do-Projeto-Mais-Agua-para-a-Cidade-768x432.jpg 768w, https:\/\/emasaitabuna.com.br\/new\/wp-content\/uploads\/2025\/03\/Governador-observa-os-detalhes-do-Projeto-Mais-Agua-para-a-Cidade.jpg 800w\" sizes=\"(max-width: 800px) 100vw, 800px\" \/><p id=\"caption-attachment-3064\" class=\"wp-caption-text\">Governador observa os detalhes do Projeto Mais \u00c1gua para a Cidade<\/p><\/div>\n","protected":false},"excerpt":{"rendered":"<p>O governador Jer\u00f4nimo Rodrigues (PT) e o prefeito Augusto Castro (PSD), acompanhados da Primeira-dama do munic\u00edpio Andreia Castro, entregaram na [&hellip;]<\/p>\n","protected":false},"author":1,"featured_media":3062,"comment_status":"open","ping_status":"open","sticky":false,"template":"","format":"standard","meta":{"nf_dc_page":"","footnotes":""},"categories":[9],"tags":[],"class_list":["post-3061","post","type-post","status-publish","format-standard","has-post-thumbnail","hentry","category-noticias"],"_links":{"self":[{"href":"https:\/\/emasaitabuna.com.br\/new\/wp-json\/wp\/v2\/posts\/3061","targetHints":{"allow":["GET"]}}],"collection":[{"href":"https:\/\/emasaitabuna.com.br\/new\/wp-json\/wp\/v2\/posts"}],"about":[{"href":"https:\/\/emasaitabuna.com.br\/new\/wp-json\/wp\/v2\/types\/post"}],"author":[{"embeddable":true,"href":"https:\/\/emasaitabuna.com.br\/new\/wp-json\/wp\/v2\/users\/1"}],"replies":[{"embeddable":true,"href":"https:\/\/emasaitabuna.com.br\/new\/wp-json\/wp\/v2\/comments?post=3061"}],"version-history":[{"count":2,"href":"https:\/\/emasaitabuna.com.br\/new\/wp-json\/wp\/v2\/posts\/3061\/revisions"}],"predecessor-version":[{"id":3066,"href":"https:\/\/emasaitabuna.com.br\/new\/wp-json\/wp\/v2\/posts\/3061\/revisions\/3066"}],"wp:featuredmedia":[{"embeddable":true,"href":"https:\/\/emasaitabuna.com.br\/new\/wp-json\/wp\/v2\/media\/3062"}],"wp:attachment":[{"href":"https:\/\/emasaitabuna.com.br\/new\/wp-json\/wp\/v2\/media?parent=3061"}],"wp:term":[{"taxonomy":"category","embeddable":true,"href":"https:\/\/emasaitabuna.com.br\/new\/wp-json\/wp\/v2\/categories?post=3061"},{"taxonomy":"post_tag","embeddable":true,"href":"https:\/\/emasaitabuna.com.br\/new\/wp-json\/wp\/v2\/tags?post=3061"}],"curies":[{"name":"wp","href":"https:\/\/api.w.org\/{rel}","templated":true}]}}