{"id":3071,"date":"2025-03-18T13:13:11","date_gmt":"2025-03-18T16:13:11","guid":{"rendered":"https:\/\/emasaitabuna.com.br\/new\/?p=3071"},"modified":"2025-03-18T13:14:14","modified_gmt":"2025-03-18T16:14:14","slug":"no-dia-mundial-da-agua-o-prefeito-augusto-castro-inaugura-a-segunda-etapa-do-projeto-mais-agua","status":"publish","type":"post","link":"https:\/\/emasaitabuna.com.br\/new\/no-dia-mundial-da-agua-o-prefeito-augusto-castro-inaugura-a-segunda-etapa-do-projeto-mais-agua\/","title":{"rendered":"No Dia Mundial da \u00c1gua, o prefeito Augusto Castro inaugura a segunda etapa do Projeto Mais \u00c1gua"},"content":{"rendered":"<div id=\"attachment_3072\" style=\"width: 1610px\" class=\"wp-caption aligncenter\"><img decoding=\"async\" aria-describedby=\"caption-attachment-3072\" class=\"wp-image-3072 size-full\" src=\"https:\/\/emasaitabuna.com.br\/new\/wp-content\/uploads\/2025\/03\/IMG-20250318-WA0029.jpg\" alt=\"\" width=\"1600\" height=\"1200\" srcset=\"https:\/\/emasaitabuna.com.br\/new\/wp-content\/uploads\/2025\/03\/IMG-20250318-WA0029-200x150.jpg 200w, https:\/\/emasaitabuna.com.br\/new\/wp-content\/uploads\/2025\/03\/IMG-20250318-WA0029-300x225.jpg 300w, https:\/\/emasaitabuna.com.br\/new\/wp-content\/uploads\/2025\/03\/IMG-20250318-WA0029-400x300.jpg 400w, https:\/\/emasaitabuna.com.br\/new\/wp-content\/uploads\/2025\/03\/IMG-20250318-WA0029-500x375.jpg 500w, https:\/\/emasaitabuna.com.br\/new\/wp-content\/uploads\/2025\/03\/IMG-20250318-WA0029-600x450.jpg 600w, https:\/\/emasaitabuna.com.br\/new\/wp-content\/uploads\/2025\/03\/IMG-20250318-WA0029-768x576.jpg 768w, https:\/\/emasaitabuna.com.br\/new\/wp-content\/uploads\/2025\/03\/IMG-20250318-WA0029-800x600.jpg 800w, https:\/\/emasaitabuna.com.br\/new\/wp-content\/uploads\/2025\/03\/IMG-20250318-WA0029-1200x900.jpg 1200w, https:\/\/emasaitabuna.com.br\/new\/wp-content\/uploads\/2025\/03\/IMG-20250318-WA0029-1536x1152.jpg 1536w, https:\/\/emasaitabuna.com.br\/new\/wp-content\/uploads\/2025\/03\/IMG-20250318-WA0029.jpg 1600w\" sizes=\"(max-width: 1600px) 100vw, 1600px\" \/><p id=\"caption-attachment-3072\" class=\"wp-caption-text\"><em>Todos os bairros da zona sul de Itabuna, regi\u00e3o do Bairro S\u00e3o Caetano, ser\u00e3o atendidos pelo Projeto Mais \u00c1gua e passar\u00e3o a ser abastecidos todos os dias.<\/em><\/p><\/div>\n<p>No pr\u00f3ximo s\u00e1bado, dia 22, quando se comemora o Dia Mundial da \u00c1gua, data institu\u00edda pela Organiza\u00e7\u00e3o das Na\u00e7\u00f5es Unidas (ONU), o prefeito de Itabuna, Augusto Castro (PSD), e o presidente da Empresa Municipal de \u00c1gua e Saneamento (EMASA), Ivan Maia, entregar\u00e3o a segunda etapa do Projeto Mais \u00c1gua para a Cidade.<\/p>\n<p>O ato de inaugura\u00e7\u00e3o ocorrer\u00e1 \u00e0s 9 horas, no Bairro Novo Ja\u00e7an\u00e3, ao lado do reservat\u00f3rio que armazena 5 milh\u00f5es de litros de \u00e1gua e vai atender todos os bairros da zona sul da cidade.<\/p>\n<p>O prefeito Augusto Castro destaca a import\u00e2ncia da obra, que contou com o apoio do Governo do Estado, atrav\u00e9s da CERB e teve investimentos de mais de R$ 30 milh\u00f5es.<\/p>\n<p>\u201cEssa importante obra que dar\u00e1 fim ao fornecimento irregular de \u00e1gua para a maioria dos bairros de Itabuna \u00e9 fruto da forte alian\u00e7a do nosso governo com o governador Jer\u00f4nimo Rodrigues. O Mais \u00c1gua \u00e9 a realiza\u00e7\u00e3o de um sonho, j\u00e1 quando crian\u00e7a, presenciava a dificuldade que a minha fam\u00edlia e os nossos vizinhos passavam para obter \u00e1gua, na \u00e9poca em que mor\u00e1vamos no Pedro Jer\u00f4nimo\u201d, relembra.<\/p>\n<p>\u201cGra\u00e7as aos esfor\u00e7os que empreendemos, essa dificuldade chega ao fim e vamos levar \u00e1gua \u00e0s casas das pessoas todos os dias, sem a necessidade de realizar manobras\u201d, festeja o prefeito Castro.<\/p>\n<p><strong>Ordens para licita\u00e7\u00e3o<\/strong><\/p>\n<p>Durante a inaugura\u00e7\u00e3o do novo sistema de abastecimento de \u00e1gua e do tanque instalado no Novo Ja\u00e7an\u00e3, o prefeito Augusto Castro vai assinar ordens para que a EMASA inicie os processos licitat\u00f3rios para implantar redes de \u00e1gua e esgoto sanit\u00e1rio no Loteamento Jardim Cordier, nas comunidades S\u00e3o Crist\u00f3v\u00e3o e Agrovila Bela Flor, parte alta do Bairro Manoel Le\u00e3o. Tamb\u00e9m na Rua Dom Pedro I, no Vele do Sol e nas ruas A e F, do Bairro Novo Ja\u00e7an\u00e3.<\/p>\n<p>O presidente da EMASA, Ivan Maia, afirma que essas localidades n\u00e3o contam com redes de saneamento e o prefeito Augusto Castro vem trabalhando para universalizar o abastecimento de \u00e1gua em Itabuna.<\/p>\n<p>\u201cNo caso espec\u00edfico do Loteamento Jardim Cordier, que foi implantado sem as redes de abastecimento de \u00e1gua e esgotamento sanit\u00e1rio e fica pr\u00f3ximo ao reservat\u00f3rio que ser\u00e1 inaugurado, vamos iniciar o processo licitat\u00f3rio e realizar a obra que vai mudar a realidade das pessoas que constru\u00edram suas casas no local e h\u00e1 dez anos convivem sem o fornecimento de \u00e1gua tratada e utilizam fossas para descarte de dejetos. Esse \u00e9 o compromisso do prefeito de cuidar de gente, levando melhoria e bem-estar&#8221;, assegura Ivan Maia.<\/p>\n<p>Ainda segundo Maia, as localidades dos bairros Vale do Sol, Novo Ja\u00e7an\u00e3 e alto do Bairro Manoel Le\u00e3o, al\u00e9m das comunidades S\u00e3o Crist\u00f3v\u00e3o e Agrovila Bela Flor, que tamb\u00e9m n\u00e3o contam com a infraestrutura de abastecimento de \u00e1gua e esgotamento sanit\u00e1rio, ser\u00e3o beneficiadas com esses servi\u00e7os.<\/p>\n<p>\u201cNeste pacote de licita\u00e7\u00e3o, a EMASA conta com recursos pr\u00f3prios da ordem de quase R$1 milh\u00e3o, vai atender tamb\u00e9m essas localidades e levar dignidade aos moradores do Manoel Leal, S\u00e3o Crist\u00f3v\u00e3o, Vale do Sol, Novo Ja\u00e7an\u00e3 e assentados da Agrovila Bela Flor\u201d, garante o presidente da EMASA.<\/p>\n<p>O Projeto Mais \u00c1gua para a Cidade \u00e9 o maior investimento em saneamento b\u00e1sico da hist\u00f3ria de Itabuna. No \u00faltimo dia 13, foi entregue a primeira etapa, que atende os bairros da zona oeste, contando com as presen\u00e7as do governador Jer\u00f4nimo Rodrigues e diversas autoridades.<\/p>\n<p>Al\u00e9m das etapas I e II, o munic\u00edpio j\u00e1 tem alocado recursos no valor de R$ 24 milh\u00f5es, junto a Caixa Econ\u00f4mica Federal, atrav\u00e9s do PAC Sele\u00e7\u00f5es, para licitar e iniciar as obras do Projeto Mais \u00c1gua para a Cidade III, que atender\u00e1 os bairros da zona norte, regi\u00f5es do Calif\u00f3rnia, F\u00e1tima, Jo\u00e3o Soares e adjac\u00eancias.<\/p>\n<p>\u2014&#8212;<\/p>\n<p>Assessoria de Comunica\u00e7\u00e3o Social da EMASA<\/p>\n<p>18\/mar\u00e7o\/2025.<\/p>\n","protected":false},"excerpt":{"rendered":"<p>No pr\u00f3ximo s\u00e1bado, dia 22, quando se comemora o Dia Mundial da \u00c1gua, data institu\u00edda pela Organiza\u00e7\u00e3o das Na\u00e7\u00f5es Unidas [&hellip;]<\/p>\n","protected":false},"author":1,"featured_media":3072,"comment_status":"open","ping_status":"open","sticky":false,"template":"","format":"standard","meta":{"nf_dc_page":"","footnotes":""},"categories":[9],"tags":[],"class_list":["post-3071","post","type-post","status-publish","format-standard","has-post-thumbnail","hentry","category-noticias"],"_links":{"self":[{"href":"https:\/\/emasaitabuna.com.br\/new\/wp-json\/wp\/v2\/posts\/3071","targetHints":{"allow":["GET"]}}],"collection":[{"href":"https:\/\/emasaitabuna.com.br\/new\/wp-json\/wp\/v2\/posts"}],"about":[{"href":"https:\/\/emasaitabuna.com.br\/new\/wp-json\/wp\/v2\/types\/post"}],"author":[{"embeddable":true,"href":"https:\/\/emasaitabuna.com.br\/new\/wp-json\/wp\/v2\/users\/1"}],"replies":[{"embeddable":true,"href":"https:\/\/emasaitabuna.com.br\/new\/wp-json\/wp\/v2\/comments?post=3071"}],"version-history":[{"count":2,"href":"https:\/\/emasaitabuna.com.br\/new\/wp-json\/wp\/v2\/posts\/3071\/revisions"}],"predecessor-version":[{"id":3074,"href":"https:\/\/emasaitabuna.com.br\/new\/wp-json\/wp\/v2\/posts\/3071\/revisions\/3074"}],"wp:featuredmedia":[{"embeddable":true,"href":"https:\/\/emasaitabuna.com.br\/new\/wp-json\/wp\/v2\/media\/3072"}],"wp:attachment":[{"href":"https:\/\/emasaitabuna.com.br\/new\/wp-json\/wp\/v2\/media?parent=3071"}],"wp:term":[{"taxonomy":"category","embeddable":true,"href":"https:\/\/emasaitabuna.com.br\/new\/wp-json\/wp\/v2\/categories?post=3071"},{"taxonomy":"post_tag","embeddable":true,"href":"https:\/\/emasaitabuna.com.br\/new\/wp-json\/wp\/v2\/tags?post=3071"}],"curies":[{"name":"wp","href":"https:\/\/api.w.org\/{rel}","templated":true}]}}