{"id":3083,"date":"2025-03-19T11:01:27","date_gmt":"2025-03-19T14:01:27","guid":{"rendered":"https:\/\/emasaitabuna.com.br\/new\/?p=3083"},"modified":"2025-04-24T09:33:24","modified_gmt":"2025-04-24T12:33:24","slug":"gerente-comercial-da-emasa-participa-de-workshop-da-saga-equipamentos-para-metrologia-sob-novos-hidrometros","status":"publish","type":"post","link":"https:\/\/emasaitabuna.com.br\/new\/gerente-comercial-da-emasa-participa-de-workshop-da-saga-equipamentos-para-metrologia-sob-novos-hidrometros\/","title":{"rendered":"Gerente Comercial da EMASA participa de workshop da SAGA equipamentos para metrologia sob novos hidr\u00f4metros"},"content":{"rendered":"<div id=\"attachment_3084\" style=\"width: 1610px\" class=\"wp-caption aligncenter\"><img decoding=\"async\" aria-describedby=\"caption-attachment-3084\" class=\"size-full wp-image-3084\" src=\"https:\/\/emasaitabuna.com.br\/new\/wp-content\/uploads\/2025\/03\/Evento-contou-com-representantes-de-diversas-empresas-de-saneamento-basico-do-Pais.jpg\" alt=\"\" width=\"1600\" height=\"900\" srcset=\"https:\/\/emasaitabuna.com.br\/new\/wp-content\/uploads\/2025\/03\/Evento-contou-com-representantes-de-diversas-empresas-de-saneamento-basico-do-Pais-200x113.jpg 200w, https:\/\/emasaitabuna.com.br\/new\/wp-content\/uploads\/2025\/03\/Evento-contou-com-representantes-de-diversas-empresas-de-saneamento-basico-do-Pais-300x169.jpg 300w, https:\/\/emasaitabuna.com.br\/new\/wp-content\/uploads\/2025\/03\/Evento-contou-com-representantes-de-diversas-empresas-de-saneamento-basico-do-Pais-400x225.jpg 400w, https:\/\/emasaitabuna.com.br\/new\/wp-content\/uploads\/2025\/03\/Evento-contou-com-representantes-de-diversas-empresas-de-saneamento-basico-do-Pais-500x281.jpg 500w, https:\/\/emasaitabuna.com.br\/new\/wp-content\/uploads\/2025\/03\/Evento-contou-com-representantes-de-diversas-empresas-de-saneamento-basico-do-Pais-600x338.jpg 600w, https:\/\/emasaitabuna.com.br\/new\/wp-content\/uploads\/2025\/03\/Evento-contou-com-representantes-de-diversas-empresas-de-saneamento-basico-do-Pais-768x432.jpg 768w, https:\/\/emasaitabuna.com.br\/new\/wp-content\/uploads\/2025\/03\/Evento-contou-com-representantes-de-diversas-empresas-de-saneamento-basico-do-Pais-800x450.jpg 800w, https:\/\/emasaitabuna.com.br\/new\/wp-content\/uploads\/2025\/03\/Evento-contou-com-representantes-de-diversas-empresas-de-saneamento-basico-do-Pais-1200x675.jpg 1200w, https:\/\/emasaitabuna.com.br\/new\/wp-content\/uploads\/2025\/03\/Evento-contou-com-representantes-de-diversas-empresas-de-saneamento-basico-do-Pais-1536x864.jpg 1536w, https:\/\/emasaitabuna.com.br\/new\/wp-content\/uploads\/2025\/03\/Evento-contou-com-representantes-de-diversas-empresas-de-saneamento-basico-do-Pais.jpg 1600w\" sizes=\"(max-width: 1600px) 100vw, 1600px\" \/><p id=\"caption-attachment-3084\" class=\"wp-caption-text\">Evento contou com representantes de diversas empresas de saneamento b\u00e1sico do Pa\u00eds.<\/p><\/div>\n<p>O gerente comercial da Empresa Municipal de \u00c1guas e Saneamento (EMASA) Anderson Alves e o encarregado pelo setor de Corte e Religa\u00e7\u00e3o, Caio Maciel, participaram de um workshop, realizado em Belo Horizonte (MG), nos dias 17 e 18, onde foi discutido a Portaria do INMETRO n\u00ba 155\/2022, que estabelece crit\u00e9rios rigorosos para a certifica\u00e7\u00e3o de medidores de \u00e1gua no Brasil, assegurando a qualidade e a seguran\u00e7a desses equipamentos.<\/p>\n<p>De acordo com Alves, o objetivo principal do encontro foi tratar de assuntos como a apresenta\u00e7\u00e3o de equipamentos que est\u00e3o em conformidade com a Portaria e novos hidr\u00f4metros que s\u00e3o mais eficientes e seguros para instala\u00e7\u00e3o visando medir o consumo de \u00e1gua pelos consumidores.<\/p>\n<p>\u201cUm dos maiores motivos do workshop \u00e9 fazer com que as companhias de saneamento possam oferecer instrumentos de medi\u00e7\u00e3o muito mais confi\u00e1veis e seguros para os usu\u00e1rios\u201d, afirmou o gerente comercial da EMASA Anderson Alves.<\/p>\n<p>\u201cQuanto maior o n\u00edvel de precis\u00e3o e fidelidade de leitura nos dados sobre o consumo de \u00e1gua, maior a rela\u00e7\u00e3o e a confiabilidade entre a empresa e o consumidor\u201d, acrescentou.<\/p>\n<p>O encontro reuniu empresas de saneamento de diversas cidades do Brasil e a discuss\u00e3o sobre a Portaria n\u00ba 155\/2022 foi marcada por avan\u00e7os na ado\u00e7\u00e3o de medidores de \u00e1gua de tecnologias alinhadas a padr\u00f5es t\u00e9cnicos de acordo com a regulamenta\u00e7\u00e3o.<\/p>\n<p>&#8212;-<br \/>\nAssessoria de Comunica\u00e7\u00e3o Social da EMASA<br \/>\n19\/mar\u00e7o\/2025.<\/p>\n<div id=\"attachment_3085\" style=\"width: 910px\" class=\"wp-caption aligncenter\"><img decoding=\"async\" aria-describedby=\"caption-attachment-3085\" class=\"size-full wp-image-3085\" src=\"https:\/\/emasaitabuna.com.br\/new\/wp-content\/uploads\/2025\/03\/O-gerente-comercial-da-EMASA-Anderson-Alves-primeiro-da-esquerda-conheceu-novos-modelos-de-hidromestos-durante-workshop.jpg\" alt=\"\" width=\"900\" height=\"1600\" srcset=\"https:\/\/emasaitabuna.com.br\/new\/wp-content\/uploads\/2025\/03\/O-gerente-comercial-da-EMASA-Anderson-Alves-primeiro-da-esquerda-conheceu-novos-modelos-de-hidromestos-durante-workshop-169x300.jpg 169w, https:\/\/emasaitabuna.com.br\/new\/wp-content\/uploads\/2025\/03\/O-gerente-comercial-da-EMASA-Anderson-Alves-primeiro-da-esquerda-conheceu-novos-modelos-de-hidromestos-durante-workshop-200x356.jpg 200w, https:\/\/emasaitabuna.com.br\/new\/wp-content\/uploads\/2025\/03\/O-gerente-comercial-da-EMASA-Anderson-Alves-primeiro-da-esquerda-conheceu-novos-modelos-de-hidromestos-durante-workshop-281x500.jpg 281w, https:\/\/emasaitabuna.com.br\/new\/wp-content\/uploads\/2025\/03\/O-gerente-comercial-da-EMASA-Anderson-Alves-primeiro-da-esquerda-conheceu-novos-modelos-de-hidromestos-durante-workshop-400x711.jpg 400w, https:\/\/emasaitabuna.com.br\/new\/wp-content\/uploads\/2025\/03\/O-gerente-comercial-da-EMASA-Anderson-Alves-primeiro-da-esquerda-conheceu-novos-modelos-de-hidromestos-durante-workshop-600x1067.jpg 600w, https:\/\/emasaitabuna.com.br\/new\/wp-content\/uploads\/2025\/03\/O-gerente-comercial-da-EMASA-Anderson-Alves-primeiro-da-esquerda-conheceu-novos-modelos-de-hidromestos-durante-workshop-675x1200.jpg 675w, https:\/\/emasaitabuna.com.br\/new\/wp-content\/uploads\/2025\/03\/O-gerente-comercial-da-EMASA-Anderson-Alves-primeiro-da-esquerda-conheceu-novos-modelos-de-hidromestos-durante-workshop-768x1365.jpg 768w, https:\/\/emasaitabuna.com.br\/new\/wp-content\/uploads\/2025\/03\/O-gerente-comercial-da-EMASA-Anderson-Alves-primeiro-da-esquerda-conheceu-novos-modelos-de-hidromestos-durante-workshop-800x1422.jpg 800w, https:\/\/emasaitabuna.com.br\/new\/wp-content\/uploads\/2025\/03\/O-gerente-comercial-da-EMASA-Anderson-Alves-primeiro-da-esquerda-conheceu-novos-modelos-de-hidromestos-durante-workshop-864x1536.jpg 864w, https:\/\/emasaitabuna.com.br\/new\/wp-content\/uploads\/2025\/03\/O-gerente-comercial-da-EMASA-Anderson-Alves-primeiro-da-esquerda-conheceu-novos-modelos-de-hidromestos-durante-workshop.jpg 900w\" sizes=\"(max-width: 900px) 100vw, 900px\" \/><p id=\"caption-attachment-3085\" class=\"wp-caption-text\">O gerente comercial da EMASA, Anderson Alves (primeiro da esquerda) conheceu novos modelos de hidr\u00f4mestos durante workshop.<\/p><\/div>\n","protected":false},"excerpt":{"rendered":"<p>O gerente comercial da Empresa Municipal de \u00c1guas e Saneamento (EMASA) Anderson Alves e o encarregado pelo setor de Corte [&hellip;]<\/p>\n","protected":false},"author":1,"featured_media":3084,"comment_status":"open","ping_status":"open","sticky":false,"template":"","format":"standard","meta":{"nf_dc_page":"","footnotes":""},"categories":[9],"tags":[],"class_list":["post-3083","post","type-post","status-publish","format-standard","has-post-thumbnail","hentry","category-noticias"],"_links":{"self":[{"href":"https:\/\/emasaitabuna.com.br\/new\/wp-json\/wp\/v2\/posts\/3083","targetHints":{"allow":["GET"]}}],"collection":[{"href":"https:\/\/emasaitabuna.com.br\/new\/wp-json\/wp\/v2\/posts"}],"about":[{"href":"https:\/\/emasaitabuna.com.br\/new\/wp-json\/wp\/v2\/types\/post"}],"author":[{"embeddable":true,"href":"https:\/\/emasaitabuna.com.br\/new\/wp-json\/wp\/v2\/users\/1"}],"replies":[{"embeddable":true,"href":"https:\/\/emasaitabuna.com.br\/new\/wp-json\/wp\/v2\/comments?post=3083"}],"version-history":[{"count":1,"href":"https:\/\/emasaitabuna.com.br\/new\/wp-json\/wp\/v2\/posts\/3083\/revisions"}],"predecessor-version":[{"id":3086,"href":"https:\/\/emasaitabuna.com.br\/new\/wp-json\/wp\/v2\/posts\/3083\/revisions\/3086"}],"wp:featuredmedia":[{"embeddable":true,"href":"https:\/\/emasaitabuna.com.br\/new\/wp-json\/wp\/v2\/media\/3084"}],"wp:attachment":[{"href":"https:\/\/emasaitabuna.com.br\/new\/wp-json\/wp\/v2\/media?parent=3083"}],"wp:term":[{"taxonomy":"category","embeddable":true,"href":"https:\/\/emasaitabuna.com.br\/new\/wp-json\/wp\/v2\/categories?post=3083"},{"taxonomy":"post_tag","embeddable":true,"href":"https:\/\/emasaitabuna.com.br\/new\/wp-json\/wp\/v2\/tags?post=3083"}],"curies":[{"name":"wp","href":"https:\/\/api.w.org\/{rel}","templated":true}]}}