{"id":3087,"date":"2025-03-19T15:02:30","date_gmt":"2025-03-19T18:02:30","guid":{"rendered":"https:\/\/emasaitabuna.com.br\/new\/?p=3087"},"modified":"2025-03-19T15:02:30","modified_gmt":"2025-03-19T18:02:30","slug":"funcionarios-da-emasa-conhecem-a-unidade-de-auditoria-interna-da-embasa","status":"publish","type":"post","link":"https:\/\/emasaitabuna.com.br\/new\/funcionarios-da-emasa-conhecem-a-unidade-de-auditoria-interna-da-embasa\/","title":{"rendered":"Funcion\u00e1rios da EMASA conhecem a Unidade de Auditoria Interna da EMBASA"},"content":{"rendered":"<div id=\"attachment_3088\" style=\"width: 2570px\" class=\"wp-caption aligncenter\"><img decoding=\"async\" aria-describedby=\"caption-attachment-3088\" class=\"size-full wp-image-3088\" src=\"https:\/\/emasaitabuna.com.br\/new\/wp-content\/uploads\/2025\/03\/A-visita-dos-tecnicos-da-EMASA-a-Unidade-de-Auditoria-Interna-da-EMBASA-ira-contribuir-para-aprimorar-o-processo-de-implantacao-da-Auditoria-Interna-da-empresa-de-saneamento-de-Itabuna-scaled.jpg\" alt=\"\" width=\"2560\" height=\"1920\" srcset=\"https:\/\/emasaitabuna.com.br\/new\/wp-content\/uploads\/2025\/03\/A-visita-dos-tecnicos-da-EMASA-a-Unidade-de-Auditoria-Interna-da-EMBASA-ira-contribuir-para-aprimorar-o-processo-de-implantacao-da-Auditoria-Interna-da-empresa-de-saneamento-de-Itabuna-200x150.jpg 200w, https:\/\/emasaitabuna.com.br\/new\/wp-content\/uploads\/2025\/03\/A-visita-dos-tecnicos-da-EMASA-a-Unidade-de-Auditoria-Interna-da-EMBASA-ira-contribuir-para-aprimorar-o-processo-de-implantacao-da-Auditoria-Interna-da-empresa-de-saneamento-de-Itabuna-300x225.jpg 300w, https:\/\/emasaitabuna.com.br\/new\/wp-content\/uploads\/2025\/03\/A-visita-dos-tecnicos-da-EMASA-a-Unidade-de-Auditoria-Interna-da-EMBASA-ira-contribuir-para-aprimorar-o-processo-de-implantacao-da-Auditoria-Interna-da-empresa-de-saneamento-de-Itabuna-400x300.jpg 400w, https:\/\/emasaitabuna.com.br\/new\/wp-content\/uploads\/2025\/03\/A-visita-dos-tecnicos-da-EMASA-a-Unidade-de-Auditoria-Interna-da-EMBASA-ira-contribuir-para-aprimorar-o-processo-de-implantacao-da-Auditoria-Interna-da-empresa-de-saneamento-de-Itabuna-500x375.jpg 500w, https:\/\/emasaitabuna.com.br\/new\/wp-content\/uploads\/2025\/03\/A-visita-dos-tecnicos-da-EMASA-a-Unidade-de-Auditoria-Interna-da-EMBASA-ira-contribuir-para-aprimorar-o-processo-de-implantacao-da-Auditoria-Interna-da-empresa-de-saneamento-de-Itabuna-600x450.jpg 600w, https:\/\/emasaitabuna.com.br\/new\/wp-content\/uploads\/2025\/03\/A-visita-dos-tecnicos-da-EMASA-a-Unidade-de-Auditoria-Interna-da-EMBASA-ira-contribuir-para-aprimorar-o-processo-de-implantacao-da-Auditoria-Interna-da-empresa-de-saneamento-de-Itabuna-768x576.jpg 768w, https:\/\/emasaitabuna.com.br\/new\/wp-content\/uploads\/2025\/03\/A-visita-dos-tecnicos-da-EMASA-a-Unidade-de-Auditoria-Interna-da-EMBASA-ira-contribuir-para-aprimorar-o-processo-de-implantacao-da-Auditoria-Interna-da-empresa-de-saneamento-de-Itabuna-800x600.jpg 800w, https:\/\/emasaitabuna.com.br\/new\/wp-content\/uploads\/2025\/03\/A-visita-dos-tecnicos-da-EMASA-a-Unidade-de-Auditoria-Interna-da-EMBASA-ira-contribuir-para-aprimorar-o-processo-de-implantacao-da-Auditoria-Interna-da-empresa-de-saneamento-de-Itabuna-1200x900.jpg 1200w, https:\/\/emasaitabuna.com.br\/new\/wp-content\/uploads\/2025\/03\/A-visita-dos-tecnicos-da-EMASA-a-Unidade-de-Auditoria-Interna-da-EMBASA-ira-contribuir-para-aprimorar-o-processo-de-implantacao-da-Auditoria-Interna-da-empresa-de-saneamento-de-Itabuna-1536x1152.jpg 1536w, https:\/\/emasaitabuna.com.br\/new\/wp-content\/uploads\/2025\/03\/A-visita-dos-tecnicos-da-EMASA-a-Unidade-de-Auditoria-Interna-da-EMBASA-ira-contribuir-para-aprimorar-o-processo-de-implantacao-da-Auditoria-Interna-da-empresa-de-saneamento-de-Itabuna-scaled.jpg 2560w\" sizes=\"(max-width: 2560px) 100vw, 2560px\" \/><p id=\"caption-attachment-3088\" class=\"wp-caption-text\">A visita dos t\u00e9cnicos da EMASA \u00e0 Unidade de Auditoria Interna da EMBASA, ir\u00e1 contribuir para aprimorar o processo de implanta\u00e7\u00e3o da Auditoria Interna da empresa de saneamento de Itabuna.<\/p><\/div>\n<p>O gerente de Auditoria Interna da Empresa Municipal de \u00c1guas e Saneamento (EMASA), Aldair Campos, e o coordenador de Controle Interno Jo\u00e3o Marcos Carvalho realizaram uma visita t\u00e9cnica, no dia 18, a Unidade de Auditoria Interna da Empresa Baiana de \u00c1guas e Saneamento (EMBASA), em Salvador, para verificar como funciona todo o processo de auditoria da concession\u00e1ria de \u00e1gua e esgoto do Estado.<\/p>\n<p>Segundo Campos, a EMASA est\u00e1 iniciando o procedimento de implanta\u00e7\u00e3o da sua Auditoria Interna e a troca de experi\u00eancia com profissionais de uma empresa que tem consolidado o setor de controle e registros internos para ajudar nesse in\u00edcio de implanta\u00e7\u00e3o \u00e9 uma grande contribui\u00e7\u00e3o.<\/p>\n<p>\u201cEsse encontro com os t\u00e9cnicos da EMBASA nos permitiu verificar como funciona todo processo de auditoria na pr\u00e1tica. Pudemos observar como operam os profissionais desse setor, desde a abordagem, a elabora\u00e7\u00e3o dos planos e a matriz de risco. Foi uma visita t\u00e9cnica que nos proporcionou conhecimentos para poder tocar a Auditoria Interna da EMASA\u201d, assegurou Aldair Campos.<\/p>\n<p>Para o coordenador de Controle Interno da EMASA, Jo\u00e3o Marcos Carvalho, a visita ao setor de Auditoria Interna da EMBASA foi muito enriquecedora e proporcionou a oportunidade de conhecer os processos e procedimentos utilizados pela auditoria t\u00e9cnica e entender como eles contribuem para a melhoria dos servi\u00e7os prestados \u00e0 popula\u00e7\u00e3o onde a EMBASA opera os servi\u00e7os de saneamento.<\/p>\n<p>\u201cFicamos impressionados com a profissionalismo da equipe t\u00e9cnica de auditores da EMBASA e sa\u00edmos com a certeza de que a implanta\u00e7\u00e3o da auditoria da EMASA ser\u00e1 uma excelente ferramenta para melhorar ainda mais a qualidade dos servi\u00e7os prestados ao cidad\u00e3o e a cidad\u00e3 itabunense\u201d, afirmou Carvalho.<\/p>\n<p>Os colaboradores da EMASA foram recebidos pelo gerente da Unidade de Auditoria Interna da EMBASA Igor Rehm; o gerente de Auditoria Especial, Fabricio Ribeiro; e o interino na Ger\u00eancia de Processos, Lucas Borges.<\/p>\n<p>&#8212;&#8212;&#8211;<br \/>\nAssessoria de Comunica\u00e7\u00e3o Social da EMASA<br \/>\n19\/mar\u00e7o\/2025.<\/p>\n","protected":false},"excerpt":{"rendered":"<p>O gerente de Auditoria Interna da Empresa Municipal de \u00c1guas e Saneamento (EMASA), Aldair Campos, e o coordenador de Controle [&hellip;]<\/p>\n","protected":false},"author":1,"featured_media":3088,"comment_status":"open","ping_status":"open","sticky":false,"template":"","format":"standard","meta":{"nf_dc_page":"","footnotes":""},"categories":[9],"tags":[],"class_list":["post-3087","post","type-post","status-publish","format-standard","has-post-thumbnail","hentry","category-noticias"],"_links":{"self":[{"href":"https:\/\/emasaitabuna.com.br\/new\/wp-json\/wp\/v2\/posts\/3087","targetHints":{"allow":["GET"]}}],"collection":[{"href":"https:\/\/emasaitabuna.com.br\/new\/wp-json\/wp\/v2\/posts"}],"about":[{"href":"https:\/\/emasaitabuna.com.br\/new\/wp-json\/wp\/v2\/types\/post"}],"author":[{"embeddable":true,"href":"https:\/\/emasaitabuna.com.br\/new\/wp-json\/wp\/v2\/users\/1"}],"replies":[{"embeddable":true,"href":"https:\/\/emasaitabuna.com.br\/new\/wp-json\/wp\/v2\/comments?post=3087"}],"version-history":[{"count":1,"href":"https:\/\/emasaitabuna.com.br\/new\/wp-json\/wp\/v2\/posts\/3087\/revisions"}],"predecessor-version":[{"id":3089,"href":"https:\/\/emasaitabuna.com.br\/new\/wp-json\/wp\/v2\/posts\/3087\/revisions\/3089"}],"wp:featuredmedia":[{"embeddable":true,"href":"https:\/\/emasaitabuna.com.br\/new\/wp-json\/wp\/v2\/media\/3088"}],"wp:attachment":[{"href":"https:\/\/emasaitabuna.com.br\/new\/wp-json\/wp\/v2\/media?parent=3087"}],"wp:term":[{"taxonomy":"category","embeddable":true,"href":"https:\/\/emasaitabuna.com.br\/new\/wp-json\/wp\/v2\/categories?post=3087"},{"taxonomy":"post_tag","embeddable":true,"href":"https:\/\/emasaitabuna.com.br\/new\/wp-json\/wp\/v2\/tags?post=3087"}],"curies":[{"name":"wp","href":"https:\/\/api.w.org\/{rel}","templated":true}]}}