{"id":3090,"date":"2025-03-20T14:25:32","date_gmt":"2025-03-20T17:25:32","guid":{"rendered":"https:\/\/emasaitabuna.com.br\/new\/?p=3090"},"modified":"2025-03-20T14:26:13","modified_gmt":"2025-03-20T17:26:13","slug":"paralisacao-na-estacao-de-captacao-de-agua-da-emasa-adia-a-inauguracao-do-novo-sistema-de-abastecimento-e-do-reservatorio-de-5-000m%c2%b3-de-itabuna","status":"publish","type":"post","link":"https:\/\/emasaitabuna.com.br\/new\/paralisacao-na-estacao-de-captacao-de-agua-da-emasa-adia-a-inauguracao-do-novo-sistema-de-abastecimento-e-do-reservatorio-de-5-000m%c2%b3-de-itabuna\/","title":{"rendered":"Paralisa\u00e7\u00e3o na Esta\u00e7\u00e3o de Capta\u00e7\u00e3o de \u00c1gua da EMASA adia a inaugura\u00e7\u00e3o do novo sistema de abastecimento e do reservat\u00f3rio de 5.000m\u00b3 de Itabuna"},"content":{"rendered":"<div id=\"attachment_3091\" style=\"width: 1090px\" class=\"wp-caption aligncenter\"><img decoding=\"async\" aria-describedby=\"caption-attachment-3091\" class=\"wp-image-3091 size-full\" src=\"https:\/\/emasaitabuna.com.br\/new\/wp-content\/uploads\/2025\/03\/Screenshot_2025-03-20-14-22-39-860_com.whatsapp-edit.jpg\" alt=\"\" width=\"1080\" height=\"962\" srcset=\"https:\/\/emasaitabuna.com.br\/new\/wp-content\/uploads\/2025\/03\/Screenshot_2025-03-20-14-22-39-860_com.whatsapp-edit-200x178.jpg 200w, https:\/\/emasaitabuna.com.br\/new\/wp-content\/uploads\/2025\/03\/Screenshot_2025-03-20-14-22-39-860_com.whatsapp-edit-300x267.jpg 300w, https:\/\/emasaitabuna.com.br\/new\/wp-content\/uploads\/2025\/03\/Screenshot_2025-03-20-14-22-39-860_com.whatsapp-edit-400x356.jpg 400w, https:\/\/emasaitabuna.com.br\/new\/wp-content\/uploads\/2025\/03\/Screenshot_2025-03-20-14-22-39-860_com.whatsapp-edit-500x445.jpg 500w, https:\/\/emasaitabuna.com.br\/new\/wp-content\/uploads\/2025\/03\/Screenshot_2025-03-20-14-22-39-860_com.whatsapp-edit-600x534.jpg 600w, https:\/\/emasaitabuna.com.br\/new\/wp-content\/uploads\/2025\/03\/Screenshot_2025-03-20-14-22-39-860_com.whatsapp-edit-768x684.jpg 768w, https:\/\/emasaitabuna.com.br\/new\/wp-content\/uploads\/2025\/03\/Screenshot_2025-03-20-14-22-39-860_com.whatsapp-edit-800x713.jpg 800w, https:\/\/emasaitabuna.com.br\/new\/wp-content\/uploads\/2025\/03\/Screenshot_2025-03-20-14-22-39-860_com.whatsapp-edit.jpg 1080w\" sizes=\"(max-width: 1080px) 100vw, 1080px\" \/><p id=\"caption-attachment-3091\" class=\"wp-caption-text\">Problema na Esta\u00e7\u00e3o de Capta\u00e7\u00e3o de \u00c1gua Bruta, em Rio do Bra\u00e7o, adia a entrega do novo sistema de abastecimento e o reservat\u00f3rio que acumula 5 milh\u00f5es de litros de \u00e1gua.<\/p><\/div>\n<p>A solenidade de inaugura\u00e7\u00e3o da segunda etapa do Projeto Mais \u00c1gua para a Cidade, programada para o pr\u00f3ximo s\u00e1bado, dia 22, data em que se celebra o Dia Mundial da \u00c1gua, foi adiada para o dia 5 de abril. O novo sistema de abastecimento tem um reservat\u00f3rio de 5.000m\u00b3, equivalentes a cinco milh\u00f5es de litros de \u00e1gua.<\/p>\n<p>Na madrugada de hoje, dia 20, houve o quebramento em um dos eixos do conjunto de motobombas da Esta\u00e7\u00e3o de Capta\u00e7\u00e3o de \u00c1gua Bruta, no povoado de Rio do Bra\u00e7o, em Ilh\u00e9us, paralisando todo o sistema, sendo necess\u00e1rio o adiamento.<\/p>\n<p>]De acordo com o gerente t\u00e9cnico da Empresa Municipal de \u00c1guas e Saneamento (EMASA), Jo\u00e3o Bitencourt, a interrup\u00e7\u00e3o na capta\u00e7\u00e3o de \u00e1gua inviabilizou a entrega do novo sistema que estava agendado para este s\u00e1bado.<\/p>\n<p>\u201cNosso pessoal est\u00e1 trabalhando para solucionar o problema e voltar operar na capta\u00e7\u00e3o de \u00e1gua. Essa interrup\u00e7\u00e3o tamb\u00e9m afeta o cronograma de abastecimento da cidade. Alguns bairros sofrer\u00e3o atrasos. Infelizmente, esse tipo de imprevisto compromete o fornecimento de \u00e1gua na ponta, gerando atraso aos consumidores\u201d, lamentou Bitencourt.<\/p>\n<p>O novo sistema de abastecimento de \u00e1gua e do reservat\u00f3rio, que acumula 5 milh\u00f5es de litros de \u00e1gua, instalado no Loteamento Jardim Cordier, no Bairro Novo Ja\u00e7an\u00e3, vai solucionar a oferta de \u00e1gua para 25 bairros da zona sul e parte da zona leste da cidade.<\/p>\n<p>O gerente t\u00e9cnico da EMASA chama a aten\u00e7\u00e3o da popula\u00e7\u00e3o para fazer o uso racional da \u00e1gua. \u201cA gente pede para que as pessoas fa\u00e7am o uso consciente da \u00e1gua, j\u00e1 que as altas temperaturas ocasionam o aumento no consumo por parte dos usu\u00e1rios. Por isso, \u00e9 importante que haja a compreens\u00e3o de todos, evitando o desperd\u00edcio\u201d, alertou Jo\u00e3o Bitencourt.<\/p>\n<p>&#8212;&#8212;&#8212;<\/p>\n<p>Assessoria de Comunica\u00e7\u00e3o Social da EMASA<\/p>\n<p>20\/mar\u00e7o\/2025<\/p>\n","protected":false},"excerpt":{"rendered":"<p>A solenidade de inaugura\u00e7\u00e3o da segunda etapa do Projeto Mais \u00c1gua para a Cidade, programada para o pr\u00f3ximo s\u00e1bado, dia [&hellip;]<\/p>\n","protected":false},"author":1,"featured_media":3091,"comment_status":"open","ping_status":"open","sticky":false,"template":"","format":"standard","meta":{"nf_dc_page":"","footnotes":""},"categories":[9],"tags":[],"class_list":["post-3090","post","type-post","status-publish","format-standard","has-post-thumbnail","hentry","category-noticias"],"_links":{"self":[{"href":"https:\/\/emasaitabuna.com.br\/new\/wp-json\/wp\/v2\/posts\/3090","targetHints":{"allow":["GET"]}}],"collection":[{"href":"https:\/\/emasaitabuna.com.br\/new\/wp-json\/wp\/v2\/posts"}],"about":[{"href":"https:\/\/emasaitabuna.com.br\/new\/wp-json\/wp\/v2\/types\/post"}],"author":[{"embeddable":true,"href":"https:\/\/emasaitabuna.com.br\/new\/wp-json\/wp\/v2\/users\/1"}],"replies":[{"embeddable":true,"href":"https:\/\/emasaitabuna.com.br\/new\/wp-json\/wp\/v2\/comments?post=3090"}],"version-history":[{"count":2,"href":"https:\/\/emasaitabuna.com.br\/new\/wp-json\/wp\/v2\/posts\/3090\/revisions"}],"predecessor-version":[{"id":3093,"href":"https:\/\/emasaitabuna.com.br\/new\/wp-json\/wp\/v2\/posts\/3090\/revisions\/3093"}],"wp:featuredmedia":[{"embeddable":true,"href":"https:\/\/emasaitabuna.com.br\/new\/wp-json\/wp\/v2\/media\/3091"}],"wp:attachment":[{"href":"https:\/\/emasaitabuna.com.br\/new\/wp-json\/wp\/v2\/media?parent=3090"}],"wp:term":[{"taxonomy":"category","embeddable":true,"href":"https:\/\/emasaitabuna.com.br\/new\/wp-json\/wp\/v2\/categories?post=3090"},{"taxonomy":"post_tag","embeddable":true,"href":"https:\/\/emasaitabuna.com.br\/new\/wp-json\/wp\/v2\/tags?post=3090"}],"curies":[{"name":"wp","href":"https:\/\/api.w.org\/{rel}","templated":true}]}}