{"id":3094,"date":"2025-03-20T18:18:19","date_gmt":"2025-03-20T21:18:19","guid":{"rendered":"https:\/\/emasaitabuna.com.br\/new\/?p=3094"},"modified":"2025-03-20T18:18:19","modified_gmt":"2025-03-20T21:18:19","slug":"presidente-da-emasa-participa-de-sessao-especial-na-camara-municipal-em-alusao-ao-dia-mundial-da-agua","status":"publish","type":"post","link":"https:\/\/emasaitabuna.com.br\/new\/presidente-da-emasa-participa-de-sessao-especial-na-camara-municipal-em-alusao-ao-dia-mundial-da-agua\/","title":{"rendered":"Presidente da EMASA participa de sess\u00e3o especial na C\u00e2mara Municipal em alus\u00e3o ao Dia Mundial da \u00c1gua"},"content":{"rendered":"<div id=\"attachment_3095\" style=\"width: 1158px\" class=\"wp-caption aligncenter\"><img decoding=\"async\" aria-describedby=\"caption-attachment-3095\" class=\"size-full wp-image-3095\" src=\"https:\/\/emasaitabuna.com.br\/new\/wp-content\/uploads\/2025\/03\/Em-sessao-especial-na-Camara-Municipal-alusiva-ao-Dia-Mundial-da-Agua-o-presidente-da-EMASA-Ivan-Maia-apontou-os-avancos-na-gestao-da-empresa.jpg\" alt=\"\" width=\"1148\" height=\"760\" srcset=\"https:\/\/emasaitabuna.com.br\/new\/wp-content\/uploads\/2025\/03\/Em-sessao-especial-na-Camara-Municipal-alusiva-ao-Dia-Mundial-da-Agua-o-presidente-da-EMASA-Ivan-Maia-apontou-os-avancos-na-gestao-da-empresa-200x132.jpg 200w, https:\/\/emasaitabuna.com.br\/new\/wp-content\/uploads\/2025\/03\/Em-sessao-especial-na-Camara-Municipal-alusiva-ao-Dia-Mundial-da-Agua-o-presidente-da-EMASA-Ivan-Maia-apontou-os-avancos-na-gestao-da-empresa-300x199.jpg 300w, https:\/\/emasaitabuna.com.br\/new\/wp-content\/uploads\/2025\/03\/Em-sessao-especial-na-Camara-Municipal-alusiva-ao-Dia-Mundial-da-Agua-o-presidente-da-EMASA-Ivan-Maia-apontou-os-avancos-na-gestao-da-empresa-400x265.jpg 400w, https:\/\/emasaitabuna.com.br\/new\/wp-content\/uploads\/2025\/03\/Em-sessao-especial-na-Camara-Municipal-alusiva-ao-Dia-Mundial-da-Agua-o-presidente-da-EMASA-Ivan-Maia-apontou-os-avancos-na-gestao-da-empresa-500x331.jpg 500w, https:\/\/emasaitabuna.com.br\/new\/wp-content\/uploads\/2025\/03\/Em-sessao-especial-na-Camara-Municipal-alusiva-ao-Dia-Mundial-da-Agua-o-presidente-da-EMASA-Ivan-Maia-apontou-os-avancos-na-gestao-da-empresa-600x397.jpg 600w, https:\/\/emasaitabuna.com.br\/new\/wp-content\/uploads\/2025\/03\/Em-sessao-especial-na-Camara-Municipal-alusiva-ao-Dia-Mundial-da-Agua-o-presidente-da-EMASA-Ivan-Maia-apontou-os-avancos-na-gestao-da-empresa-768x508.jpg 768w, https:\/\/emasaitabuna.com.br\/new\/wp-content\/uploads\/2025\/03\/Em-sessao-especial-na-Camara-Municipal-alusiva-ao-Dia-Mundial-da-Agua-o-presidente-da-EMASA-Ivan-Maia-apontou-os-avancos-na-gestao-da-empresa-800x530.jpg 800w, https:\/\/emasaitabuna.com.br\/new\/wp-content\/uploads\/2025\/03\/Em-sessao-especial-na-Camara-Municipal-alusiva-ao-Dia-Mundial-da-Agua-o-presidente-da-EMASA-Ivan-Maia-apontou-os-avancos-na-gestao-da-empresa.jpg 1148w\" sizes=\"(max-width: 1148px) 100vw, 1148px\" \/><p id=\"caption-attachment-3095\" class=\"wp-caption-text\">Em sess\u00e3o especial na C\u00e2mara Municipal, alusiva ao Dia Mundial da \u00c1gua, o presidente da EMASA, Ivan Maia, apontou os avan\u00e7os na gest\u00e3o da empresa.<\/p><\/div>\n<p>A sess\u00e3o plen\u00e1ria especial da C\u00e2mara Municipal de Vereadores, realizada na tarde desta quinta-feira, dia 20, e presidida pelo vereador Bab\u00e1 Cearense, celebrou o Dia Mundial da \u00c1gua, comemorado em 22 de mar\u00e7o.<\/p>\n<p>O presidente da Empresa Municipal de \u00c1guas e Saneamento (EMASA), Ivan Maia, foi um dos convidados e destacou que, segundo ele, \u201c\u00e9 um novo tempo na gest\u00e3o da EMASA\u201d. Ele ressaltou os avan\u00e7os no abastecimento de \u00e1gua da cidade, com a entrega da primeira etapa do Projeto Mais \u00c1gua, al\u00e9m das propostas de moderniza\u00e7\u00e3o da empresa.<\/p>\n<p>Segundo Ivan Maia, a EMASA e a cidade registraram um avan\u00e7o significativo gra\u00e7as \u00e0 coragem e determina\u00e7\u00e3o do prefeito Augusto Castro (PSD) em investir no maior programa de saneamento b\u00e1sico do munic\u00edpio. Ap\u00f3s 35 anos de exist\u00eancia da entidade, foram realizados investimentos de pouco mais de R$ 55 milh\u00f5es, com recursos da Uni\u00e3o, do Estado e do munic\u00edpio.<\/p>\n<p>Ivan Maia afirmou que \u201cmais de 32 mil pessoas j\u00e1 est\u00e3o sendo beneficiadas com a entrega do primeiro reservat\u00f3rio do Programa Mais \u00c1gua, ocorrida no \u00faltimo dia 13 de mar\u00e7o, com a presen\u00e7a do governador Jer\u00f4nimo Rodrigues. Este \u00e9 um marco para a cidade, um feito que garante seguran\u00e7a h\u00eddrica para todas essas fam\u00edlias\u201d, ressaltou.<\/p>\n<p>O presidente destacou que a EMASA est\u00e1 sendo modernizada com efici\u00eancia. \u201cHoje, a EMASA conta com um estatuto social, uma ouvidoria, uma auditoria e est\u00e1 implantando a EMASA Itinerante. Al\u00e9m disso, j\u00e1 ingressou no mercado livre de energia para trazer novas solu\u00e7\u00f5es tecnol\u00f3gicas, melhorando, entre outros aspectos, a comunica\u00e7\u00e3o com o p\u00fablico de interesse\u201d, pontuou.<\/p>\n<p>Ivan Maia tamb\u00e9m ressaltou que, com os investimentos j\u00e1 realizados no Projeto Mais \u00c1gua, Itabuna conseguir\u00e1 atrair mais empresas, gerar empregos e, consequentemente, ampliar a renda e os neg\u00f3cios. \u201cA EMASA est\u00e1 sendo preparada para servir efetivamente a popula\u00e7\u00e3o\u201d, afirmou.<\/p>\n<p>O presidente tamb\u00e9m anunciou o in\u00edcio do \u201cPrograma de Hidrometra\u00e7\u00e3o\u201d, que visa reduzir o desperd\u00edcio de \u00e1gua, garantindo que cada im\u00f3vel pague de acordo com o seu consumo.<\/p>\n<p>Participaram da sess\u00e3o especial, juntamente com o presidente da EMASA, os diretores da empresa: Mois\u00e9s Figueiredo (Gest\u00e3o Corporativa), Ronaldo Simas ( Financeiro e de Relacionamento), Jos\u00e9 Silva (Planejamento), Fernando Duarte (Expans\u00e3o e Opera\u00e7\u00e3o), Aldair Campos (Auditor), Fabiana Rocha (Procuradora) e a secret\u00e1ria municipal de Infraestrutura e Urbanismo e presidente Conselho de Administra\u00e7\u00e3o da EMASA, S\u00f4nia Fontes.<\/p>\n<p>&#8212;&#8212;<br \/>\nAssessoria de Comunica\u00e7\u00e3o Social da EMASA<br \/>\n20\/mar\u00e7o\/2025<br \/>\nTexto: Nancy Macedo<br \/>\nFotos: Pedro Augusto<\/p>\n<div id=\"attachment_3096\" style=\"width: 2570px\" class=\"wp-caption aligncenter\"><img decoding=\"async\" aria-describedby=\"caption-attachment-3096\" class=\"size-full wp-image-3096\" src=\"https:\/\/emasaitabuna.com.br\/new\/wp-content\/uploads\/2025\/03\/A-galeria-da-Camara-Municipal-recebeu-um-bom-publico-na-sessao-especial-sobre-o-Dia-Mundial-da-Agua-scaled.jpg\" alt=\"\" width=\"2560\" height=\"1209\" srcset=\"https:\/\/emasaitabuna.com.br\/new\/wp-content\/uploads\/2025\/03\/A-galeria-da-Camara-Municipal-recebeu-um-bom-publico-na-sessao-especial-sobre-o-Dia-Mundial-da-Agua-200x94.jpg 200w, https:\/\/emasaitabuna.com.br\/new\/wp-content\/uploads\/2025\/03\/A-galeria-da-Camara-Municipal-recebeu-um-bom-publico-na-sessao-especial-sobre-o-Dia-Mundial-da-Agua-300x142.jpg 300w, https:\/\/emasaitabuna.com.br\/new\/wp-content\/uploads\/2025\/03\/A-galeria-da-Camara-Municipal-recebeu-um-bom-publico-na-sessao-especial-sobre-o-Dia-Mundial-da-Agua-400x189.jpg 400w, https:\/\/emasaitabuna.com.br\/new\/wp-content\/uploads\/2025\/03\/A-galeria-da-Camara-Municipal-recebeu-um-bom-publico-na-sessao-especial-sobre-o-Dia-Mundial-da-Agua-500x236.jpg 500w, https:\/\/emasaitabuna.com.br\/new\/wp-content\/uploads\/2025\/03\/A-galeria-da-Camara-Municipal-recebeu-um-bom-publico-na-sessao-especial-sobre-o-Dia-Mundial-da-Agua-600x283.jpg 600w, https:\/\/emasaitabuna.com.br\/new\/wp-content\/uploads\/2025\/03\/A-galeria-da-Camara-Municipal-recebeu-um-bom-publico-na-sessao-especial-sobre-o-Dia-Mundial-da-Agua-768x363.jpg 768w, https:\/\/emasaitabuna.com.br\/new\/wp-content\/uploads\/2025\/03\/A-galeria-da-Camara-Municipal-recebeu-um-bom-publico-na-sessao-especial-sobre-o-Dia-Mundial-da-Agua-800x378.jpg 800w, https:\/\/emasaitabuna.com.br\/new\/wp-content\/uploads\/2025\/03\/A-galeria-da-Camara-Municipal-recebeu-um-bom-publico-na-sessao-especial-sobre-o-Dia-Mundial-da-Agua-1200x567.jpg 1200w, https:\/\/emasaitabuna.com.br\/new\/wp-content\/uploads\/2025\/03\/A-galeria-da-Camara-Municipal-recebeu-um-bom-publico-na-sessao-especial-sobre-o-Dia-Mundial-da-Agua-1536x725.jpg 1536w, https:\/\/emasaitabuna.com.br\/new\/wp-content\/uploads\/2025\/03\/A-galeria-da-Camara-Municipal-recebeu-um-bom-publico-na-sessao-especial-sobre-o-Dia-Mundial-da-Agua-scaled.jpg 2560w\" sizes=\"(max-width: 2560px) 100vw, 2560px\" \/><p id=\"caption-attachment-3096\" class=\"wp-caption-text\">A galeria da C\u00e2mara Municipal recebeu um bom p\u00fablico na sess\u00e3o especial sobre o Dia Mundial da \u00c1gua.<\/p><\/div>\n","protected":false},"excerpt":{"rendered":"<p>A sess\u00e3o plen\u00e1ria especial da C\u00e2mara Municipal de Vereadores, realizada na tarde desta quinta-feira, dia 20, e presidida pelo vereador [&hellip;]<\/p>\n","protected":false},"author":1,"featured_media":3095,"comment_status":"open","ping_status":"open","sticky":false,"template":"","format":"standard","meta":{"nf_dc_page":"","footnotes":""},"categories":[9],"tags":[],"class_list":["post-3094","post","type-post","status-publish","format-standard","has-post-thumbnail","hentry","category-noticias"],"_links":{"self":[{"href":"https:\/\/emasaitabuna.com.br\/new\/wp-json\/wp\/v2\/posts\/3094","targetHints":{"allow":["GET"]}}],"collection":[{"href":"https:\/\/emasaitabuna.com.br\/new\/wp-json\/wp\/v2\/posts"}],"about":[{"href":"https:\/\/emasaitabuna.com.br\/new\/wp-json\/wp\/v2\/types\/post"}],"author":[{"embeddable":true,"href":"https:\/\/emasaitabuna.com.br\/new\/wp-json\/wp\/v2\/users\/1"}],"replies":[{"embeddable":true,"href":"https:\/\/emasaitabuna.com.br\/new\/wp-json\/wp\/v2\/comments?post=3094"}],"version-history":[{"count":1,"href":"https:\/\/emasaitabuna.com.br\/new\/wp-json\/wp\/v2\/posts\/3094\/revisions"}],"predecessor-version":[{"id":3097,"href":"https:\/\/emasaitabuna.com.br\/new\/wp-json\/wp\/v2\/posts\/3094\/revisions\/3097"}],"wp:featuredmedia":[{"embeddable":true,"href":"https:\/\/emasaitabuna.com.br\/new\/wp-json\/wp\/v2\/media\/3095"}],"wp:attachment":[{"href":"https:\/\/emasaitabuna.com.br\/new\/wp-json\/wp\/v2\/media?parent=3094"}],"wp:term":[{"taxonomy":"category","embeddable":true,"href":"https:\/\/emasaitabuna.com.br\/new\/wp-json\/wp\/v2\/categories?post=3094"},{"taxonomy":"post_tag","embeddable":true,"href":"https:\/\/emasaitabuna.com.br\/new\/wp-json\/wp\/v2\/tags?post=3094"}],"curies":[{"name":"wp","href":"https:\/\/api.w.org\/{rel}","templated":true}]}}