{"id":3098,"date":"2025-03-21T13:08:40","date_gmt":"2025-03-21T16:08:40","guid":{"rendered":"https:\/\/emasaitabuna.com.br\/new\/?p=3098"},"modified":"2025-03-21T13:08:40","modified_gmt":"2025-03-21T16:08:40","slug":"em-decorrencia-da-reducao-do-sistema-de-captacao-em-rio-do-braco-emasa-divulga-programacao-do-abastecimento-de-agua","status":"publish","type":"post","link":"https:\/\/emasaitabuna.com.br\/new\/em-decorrencia-da-reducao-do-sistema-de-captacao-em-rio-do-braco-emasa-divulga-programacao-do-abastecimento-de-agua\/","title":{"rendered":"Em decorr\u00eancia da redu\u00e7\u00e3o do sistema de capta\u00e7\u00e3o em Rio do Bra\u00e7o, EMASA divulga programa\u00e7\u00e3o do abastecimento de \u00e1gua"},"content":{"rendered":"<p><img decoding=\"async\" class=\"aligncenter size-full wp-image-3099\" src=\"https:\/\/emasaitabuna.com.br\/new\/wp-content\/uploads\/2025\/03\/IMG-20250321-WA0021.jpg\" alt=\"\" width=\"800\" height=\"365\" srcset=\"https:\/\/emasaitabuna.com.br\/new\/wp-content\/uploads\/2025\/03\/IMG-20250321-WA0021-200x91.jpg 200w, https:\/\/emasaitabuna.com.br\/new\/wp-content\/uploads\/2025\/03\/IMG-20250321-WA0021-300x137.jpg 300w, https:\/\/emasaitabuna.com.br\/new\/wp-content\/uploads\/2025\/03\/IMG-20250321-WA0021-400x183.jpg 400w, https:\/\/emasaitabuna.com.br\/new\/wp-content\/uploads\/2025\/03\/IMG-20250321-WA0021-500x228.jpg 500w, https:\/\/emasaitabuna.com.br\/new\/wp-content\/uploads\/2025\/03\/IMG-20250321-WA0021-600x274.jpg 600w, https:\/\/emasaitabuna.com.br\/new\/wp-content\/uploads\/2025\/03\/IMG-20250321-WA0021-768x350.jpg 768w, https:\/\/emasaitabuna.com.br\/new\/wp-content\/uploads\/2025\/03\/IMG-20250321-WA0021.jpg 800w\" sizes=\"(max-width: 800px) 100vw, 800px\" \/><\/p>\n<p>O quebramento do eixo de uma das motobombas em opera\u00e7\u00e3o na Esta\u00e7\u00e3o de Capta\u00e7\u00e3o de \u00c1gua Bruta, localizada no povoado de Rio do Bra\u00e7o, distrito de Banco do Pedro, em Ilh\u00e9us, reduziu as atividades da unidade da EMASA, em 50 por cento. O incidente provocou o adiamento da inaugura\u00e7\u00e3o da segunda etapa do Projeto Mais \u00c1gua para a Cidade e causa atrasos no abastecimento em algumas localidades.<\/p>\n<p>A Ger\u00eancia de Expans\u00e3o e Opera\u00e7\u00e3o, da Empresa Municipal de \u00c1guas e Saneamento (EMASA) j\u00e1 est\u00e1 trabalhando para substituir a pe\u00e7a at\u00e9 a noite de amanh\u00e3, dia 22, e retomar o sistema de capta\u00e7\u00e3o de \u00e1gua bruta.<\/p>\n<p>Para evitar maiores atrasos no fornecimento de \u00e1gua para a popula\u00e7\u00e3o, a Ger\u00eancia de Expans\u00e3o e Opera\u00e7\u00e3o estabeleceu um cronograma emergencial com a previs\u00e3o de abastecimento para os pr\u00f3ximos dias. Sendo que essa programa\u00e7\u00e3o poder\u00e1 sofrer altera\u00e7\u00f5es caso ocorra novo imprevisto.<\/p>\n<p>De acordo com o programado hoje, dia 21, ser\u00e3o atendidos os bairros Ja\u00e7an\u00e3 e Santa Clara; no domingo, dia 23, Novo Horizonte, Corbiniano Freire, Parque S\u00e3o Jo\u00e3o, Pontalzinho e Cast\u00e1lia, partes altas. Al\u00e9m do S\u00e3o Caetano, Jardim Primavera, Sarinha Alc\u00e2ntara e Vila An\u00e1lia (parte baixa), com 50 por cento da press\u00e3o.<\/p>\n<p>Na segunda-feira, dia 24, ser\u00e3o atendidos os bairros F\u00e1tima e Calif\u00f3rnia e tamb\u00e9m Concei\u00e7\u00e3o, Vila Zara (parte alta) e Jorge Amado.<\/p>\n<p>No dia 26, quarta-feira, o abastecimento de \u00e1gua atender\u00e1 Parque Verde, Parque Boa Vista, Santa In\u00eas e S\u00e3o Caetano, com 100 por cento da press\u00e3o.<\/p>\n<p>Para o dia 27, quinta-feira, ser\u00e1 a vez dos moradores dos bairros Cast\u00e1lia e Alto Mirante, que s\u00e3o atendidos pelo reservat\u00f3rio Antique por gravidade.<\/p>\n<p>O gerente de Opera\u00e7\u00e3o e Expans\u00e3o, Jo\u00e3o Bitencourt, lembra que a EMASA trabalha durante todo o ver\u00e3o sem maiores problemas no fornecimento de \u00e1gua e no final da esta\u00e7\u00e3o mais quente do ano, a quebra de uma pe\u00e7a obrigou a paralisa\u00e7\u00e3o tempor\u00e1ria do sistema.<\/p>\n<p>\u201cFizemos todo um trabalho preventivo para evitar surpresas indesej\u00e1veis no ver\u00e3o. Infelizmente, na madrugada de quinta-feira, dia 20, houve o quebramento do eixo de uma das motobombas na capta\u00e7\u00e3o\u201d, afirmou.<\/p>\n<p>\u201cJ\u00e1 estamos trabalhando na recupera\u00e7\u00e3o do equipamento para voltar com a opera\u00e7\u00e3o na sua totalidade. Neste momento \u00e9 muito importante que todos fa\u00e7am uso racional da \u00e1gua, evitando o desperd\u00edcio\u201d, apela Jo\u00e3o Bitencourt.<\/p>\n<p>&#8212;-<br \/>\nAssessoria de Comunica\u00e7\u00e3o Social da EMASA<br \/>\n21\/mar\u00e7o\/2025.<\/p>\n","protected":false},"excerpt":{"rendered":"<p>O quebramento do eixo de uma das motobombas em opera\u00e7\u00e3o na Esta\u00e7\u00e3o de Capta\u00e7\u00e3o de \u00c1gua Bruta, localizada no povoado [&hellip;]<\/p>\n","protected":false},"author":1,"featured_media":3099,"comment_status":"open","ping_status":"open","sticky":false,"template":"","format":"standard","meta":{"nf_dc_page":"","footnotes":""},"categories":[9],"tags":[],"class_list":["post-3098","post","type-post","status-publish","format-standard","has-post-thumbnail","hentry","category-noticias"],"_links":{"self":[{"href":"https:\/\/emasaitabuna.com.br\/new\/wp-json\/wp\/v2\/posts\/3098","targetHints":{"allow":["GET"]}}],"collection":[{"href":"https:\/\/emasaitabuna.com.br\/new\/wp-json\/wp\/v2\/posts"}],"about":[{"href":"https:\/\/emasaitabuna.com.br\/new\/wp-json\/wp\/v2\/types\/post"}],"author":[{"embeddable":true,"href":"https:\/\/emasaitabuna.com.br\/new\/wp-json\/wp\/v2\/users\/1"}],"replies":[{"embeddable":true,"href":"https:\/\/emasaitabuna.com.br\/new\/wp-json\/wp\/v2\/comments?post=3098"}],"version-history":[{"count":1,"href":"https:\/\/emasaitabuna.com.br\/new\/wp-json\/wp\/v2\/posts\/3098\/revisions"}],"predecessor-version":[{"id":3100,"href":"https:\/\/emasaitabuna.com.br\/new\/wp-json\/wp\/v2\/posts\/3098\/revisions\/3100"}],"wp:featuredmedia":[{"embeddable":true,"href":"https:\/\/emasaitabuna.com.br\/new\/wp-json\/wp\/v2\/media\/3099"}],"wp:attachment":[{"href":"https:\/\/emasaitabuna.com.br\/new\/wp-json\/wp\/v2\/media?parent=3098"}],"wp:term":[{"taxonomy":"category","embeddable":true,"href":"https:\/\/emasaitabuna.com.br\/new\/wp-json\/wp\/v2\/categories?post=3098"},{"taxonomy":"post_tag","embeddable":true,"href":"https:\/\/emasaitabuna.com.br\/new\/wp-json\/wp\/v2\/tags?post=3098"}],"curies":[{"name":"wp","href":"https:\/\/api.w.org\/{rel}","templated":true}]}}