{"id":3101,"date":"2025-03-21T17:13:27","date_gmt":"2025-03-21T20:13:27","guid":{"rendered":"https:\/\/emasaitabuna.com.br\/new\/?p=3101"},"modified":"2025-03-21T17:15:06","modified_gmt":"2025-03-21T20:15:06","slug":"diretoria-da-emasa-presta-homenagem-aos-funcionarios-que-foram-aposentados","status":"publish","type":"post","link":"https:\/\/emasaitabuna.com.br\/new\/diretoria-da-emasa-presta-homenagem-aos-funcionarios-que-foram-aposentados\/","title":{"rendered":"Diretoria da EMASA presta homenagem aos funcion\u00e1rios que foram aposentados"},"content":{"rendered":"<div id=\"attachment_3104\" style=\"width: 1510px\" class=\"wp-caption aligncenter\"><img decoding=\"async\" aria-describedby=\"caption-attachment-3104\" class=\"wp-image-3104 size-full\" src=\"https:\/\/emasaitabuna.com.br\/new\/wp-content\/uploads\/2025\/03\/IMG-20250321-WA0031.jpg\" alt=\"\" width=\"1500\" height=\"852\" srcset=\"https:\/\/emasaitabuna.com.br\/new\/wp-content\/uploads\/2025\/03\/IMG-20250321-WA0031-200x114.jpg 200w, https:\/\/emasaitabuna.com.br\/new\/wp-content\/uploads\/2025\/03\/IMG-20250321-WA0031-300x170.jpg 300w, https:\/\/emasaitabuna.com.br\/new\/wp-content\/uploads\/2025\/03\/IMG-20250321-WA0031-400x227.jpg 400w, https:\/\/emasaitabuna.com.br\/new\/wp-content\/uploads\/2025\/03\/IMG-20250321-WA0031-500x284.jpg 500w, https:\/\/emasaitabuna.com.br\/new\/wp-content\/uploads\/2025\/03\/IMG-20250321-WA0031-600x341.jpg 600w, https:\/\/emasaitabuna.com.br\/new\/wp-content\/uploads\/2025\/03\/IMG-20250321-WA0031-768x436.jpg 768w, https:\/\/emasaitabuna.com.br\/new\/wp-content\/uploads\/2025\/03\/IMG-20250321-WA0031-800x454.jpg 800w, https:\/\/emasaitabuna.com.br\/new\/wp-content\/uploads\/2025\/03\/IMG-20250321-WA0031-1200x682.jpg 1200w, https:\/\/emasaitabuna.com.br\/new\/wp-content\/uploads\/2025\/03\/IMG-20250321-WA0031.jpg 1500w\" sizes=\"(max-width: 1500px) 100vw, 1500px\" \/><p id=\"caption-attachment-3104\" class=\"wp-caption-text\">O presidente Ivan Maia, junto com os diretores Jos\u00e9 Silva (Planejamento), Ronaldo J\u00fanior (Financeiro e Relacionamento) e Fernando Duarte (Expans\u00e3o e Opera\u00e7\u00e3o), fala para os colaboradores que est\u00e3o se aposentando.<\/p><\/div>\n<p>Um encontro entre os diretores da Empresa Municipal de \u00c1guas e Saneamento (EMASA) com colaboradores que est\u00e3o se aposentando, realizado na manh\u00e3 de hoje, dia 21, no audit\u00f3rio da Esta\u00e7\u00e3o de Tratamento de \u00c1gua (ETA), no Bairro S\u00e3o Louren\u00e7o, marcou a despedida deles que foram homenageados em discursos e com placas de agradecimento.<\/p>\n<p>O presidente da EMASA, Ivan Maia, lembrou que os 13 funcion\u00e1rios que est\u00e3o deixando a empresa fizeram hist\u00f3ria, o que torna esse momento t\u00e3o significativo. \u201cA aposentadoria n\u00e3o \u00e9 o fim de uma caminhada, mas o in\u00edcio de uma nova jornada. \u00c9 o momento de colher os frutos do trabalho \u00e1rduo\u201d, disse.<\/p>\n<p>Ainda em sua fala, o presidente da concession\u00e1ria de saneamento, que completou 35 anos de atividades, desde que foi municipalizada, desejou felicidades aos ex-colaboradores que passar\u00e3o a gozar da merecida aposentadoria.<\/p>\n<p>\u201cEm nome da EMASA, da nossa diretoria e do Conselho de Administra\u00e7\u00e3o, quero desejar que essa nova fase seja marcada por sa\u00fade, felicidade e principalmente por realiza\u00e7\u00f5es pessoais. Que os pr\u00f3ximos anos sejam de descanso merecido, mas tamb\u00e9m de novas descobertas e momentos felizes ao lado de familiares e amigos. Voc\u00eas s\u00e3o a hist\u00f3ria, levem consigo nosso carinho e a eterna gratid\u00e3o, o legado que voc\u00eas deixam ser\u00e1 lembrado por todos n\u00f3s\u201d, declarou o presidente Ivan Maia.<\/p>\n<p>Em nome dos colegas que est\u00e3o deixando a empresa, o agora ex-funcion\u00e1rio Mamede Santana, disse do orgulho de ter feito parte da EMASA por 35 anos e lembrou de companheiros de trabalho que n\u00e3o conseguiram chegar \u00e0 aposentadoria.<\/p>\n<p>\u201cFoi um orgulho trabalhar na EMASA, s\u00f3 tenho que agradecer e dizer da coragem do ent\u00e3o prefeito Fernando Gomes, em criar essa empresa. Tamb\u00e9m desejo lembrar dos companheiros que Deus chamou e n\u00e3o conseguiram chegar a esse momento de desfrutar a aposentadoria\u201d, enfatizou Mamede Santana.<\/p>\n<p>Tamb\u00e9m foram homenageados por ter alcan\u00e7ado a aposentadoria os colaboradores Ailton F\u00e9lix dos Santos, Arnaldo Marques, Edmilson Ara\u00fajo, Elias Vieira, Jos\u00e9 Hugo Argolo, Jos\u00e9 Paix\u00e3o Freitas, Moacir C\u00e9sar Pimentel, Paulo C\u00e9sar Coelho, Paulo Henrique Del Rei, Reinaldo Gomes e Rosival M\u00e1rcio da Silva.<\/p>\n<p>Al\u00e9m do presidente Ivan Maia, prestigiaram o evento de homenagem aos ex-funcion\u00e1rios da EMASA, os diretores Ronaldo J\u00fanior (Financeiro e de Relacionamento), Jos\u00e9 Silva (Planejamento), Fernando Duarte (Expans\u00e3o e Opera\u00e7\u00e3o), a procuradora jur\u00eddica Fabiana Rocha, os gerentes Jo\u00e3o Bitencourt (Expans\u00e3o e Opera\u00e7\u00e3o), Anderson Alves (Comercial), a psic\u00f3loga Erilania de Melo, a assistente social Maria D\u2019Ajuda Nascimento, e o presidente do Gr\u00eamio Recreativo dos Servidores da EMASA, Chesman Gilton.<\/p>\n<div id=\"attachment_3102\" style=\"width: 1610px\" class=\"wp-caption aligncenter\"><img decoding=\"async\" aria-describedby=\"caption-attachment-3102\" class=\"wp-image-3102 size-full\" src=\"https:\/\/emasaitabuna.com.br\/new\/wp-content\/uploads\/2025\/03\/IMG-20250321-WA0029.jpg\" alt=\"\" width=\"1600\" height=\"1066\" srcset=\"https:\/\/emasaitabuna.com.br\/new\/wp-content\/uploads\/2025\/03\/IMG-20250321-WA0029-200x133.jpg 200w, https:\/\/emasaitabuna.com.br\/new\/wp-content\/uploads\/2025\/03\/IMG-20250321-WA0029-300x200.jpg 300w, https:\/\/emasaitabuna.com.br\/new\/wp-content\/uploads\/2025\/03\/IMG-20250321-WA0029-400x267.jpg 400w, https:\/\/emasaitabuna.com.br\/new\/wp-content\/uploads\/2025\/03\/IMG-20250321-WA0029-500x333.jpg 500w, https:\/\/emasaitabuna.com.br\/new\/wp-content\/uploads\/2025\/03\/IMG-20250321-WA0029-600x400.jpg 600w, https:\/\/emasaitabuna.com.br\/new\/wp-content\/uploads\/2025\/03\/IMG-20250321-WA0029-768x512.jpg 768w, https:\/\/emasaitabuna.com.br\/new\/wp-content\/uploads\/2025\/03\/IMG-20250321-WA0029-800x533.jpg 800w, https:\/\/emasaitabuna.com.br\/new\/wp-content\/uploads\/2025\/03\/IMG-20250321-WA0029-1200x800.jpg 1200w, https:\/\/emasaitabuna.com.br\/new\/wp-content\/uploads\/2025\/03\/IMG-20250321-WA0029-1536x1023.jpg 1536w, https:\/\/emasaitabuna.com.br\/new\/wp-content\/uploads\/2025\/03\/IMG-20250321-WA0029.jpg 1600w\" sizes=\"(max-width: 1600px) 100vw, 1600px\" \/><p id=\"caption-attachment-3102\" class=\"wp-caption-text\">O presidente Ivan Maia, junto com os diretores Jos\u00e9 Silva (Planejamento), Ronaldo J\u00fanior (Financeiro e Relacionamento) e Fernando Duarte (Expans\u00e3o e Opera\u00e7\u00e3o), fala para os colaboradores que est\u00e3o se aposentando.<\/p><\/div>\n<p>&nbsp;<\/p>\n<div id=\"attachment_3103\" style=\"width: 1131px\" class=\"wp-caption aligncenter\"><img decoding=\"async\" aria-describedby=\"caption-attachment-3103\" class=\"wp-image-3103 size-full\" src=\"https:\/\/emasaitabuna.com.br\/new\/wp-content\/uploads\/2025\/03\/IMG-20250321-WA0030.jpg\" alt=\"\" width=\"1121\" height=\"1066\" srcset=\"https:\/\/emasaitabuna.com.br\/new\/wp-content\/uploads\/2025\/03\/IMG-20250321-WA0030-200x190.jpg 200w, https:\/\/emasaitabuna.com.br\/new\/wp-content\/uploads\/2025\/03\/IMG-20250321-WA0030-300x285.jpg 300w, https:\/\/emasaitabuna.com.br\/new\/wp-content\/uploads\/2025\/03\/IMG-20250321-WA0030-400x380.jpg 400w, https:\/\/emasaitabuna.com.br\/new\/wp-content\/uploads\/2025\/03\/IMG-20250321-WA0030-500x475.jpg 500w, https:\/\/emasaitabuna.com.br\/new\/wp-content\/uploads\/2025\/03\/IMG-20250321-WA0030-600x571.jpg 600w, https:\/\/emasaitabuna.com.br\/new\/wp-content\/uploads\/2025\/03\/IMG-20250321-WA0030-768x730.jpg 768w, https:\/\/emasaitabuna.com.br\/new\/wp-content\/uploads\/2025\/03\/IMG-20250321-WA0030-800x761.jpg 800w, https:\/\/emasaitabuna.com.br\/new\/wp-content\/uploads\/2025\/03\/IMG-20250321-WA0030.jpg 1121w\" sizes=\"(max-width: 1121px) 100vw, 1121px\" \/><p id=\"caption-attachment-3103\" class=\"wp-caption-text\">O diretor de Planejamento Jos\u00e9 Silva, presta homenagem ao agora ex-funcion\u00e1rio Jos\u00e9 Hugo Argolo.<\/p><\/div>\n<p>&#8212;&#8212;-<\/p>\n<p>Assessoria de Comunica\u00e7\u00e3o Social da EMASA<\/p>\n<p>21\/mar\u00e7o\/2025.<\/p>\n","protected":false},"excerpt":{"rendered":"<p>Um encontro entre os diretores da Empresa Municipal de \u00c1guas e Saneamento (EMASA) com colaboradores que est\u00e3o se aposentando, realizado [&hellip;]<\/p>\n","protected":false},"author":1,"featured_media":3104,"comment_status":"open","ping_status":"open","sticky":false,"template":"","format":"standard","meta":{"nf_dc_page":"","footnotes":""},"categories":[9],"tags":[],"class_list":["post-3101","post","type-post","status-publish","format-standard","has-post-thumbnail","hentry","category-noticias"],"_links":{"self":[{"href":"https:\/\/emasaitabuna.com.br\/new\/wp-json\/wp\/v2\/posts\/3101","targetHints":{"allow":["GET"]}}],"collection":[{"href":"https:\/\/emasaitabuna.com.br\/new\/wp-json\/wp\/v2\/posts"}],"about":[{"href":"https:\/\/emasaitabuna.com.br\/new\/wp-json\/wp\/v2\/types\/post"}],"author":[{"embeddable":true,"href":"https:\/\/emasaitabuna.com.br\/new\/wp-json\/wp\/v2\/users\/1"}],"replies":[{"embeddable":true,"href":"https:\/\/emasaitabuna.com.br\/new\/wp-json\/wp\/v2\/comments?post=3101"}],"version-history":[{"count":4,"href":"https:\/\/emasaitabuna.com.br\/new\/wp-json\/wp\/v2\/posts\/3101\/revisions"}],"predecessor-version":[{"id":3108,"href":"https:\/\/emasaitabuna.com.br\/new\/wp-json\/wp\/v2\/posts\/3101\/revisions\/3108"}],"wp:featuredmedia":[{"embeddable":true,"href":"https:\/\/emasaitabuna.com.br\/new\/wp-json\/wp\/v2\/media\/3104"}],"wp:attachment":[{"href":"https:\/\/emasaitabuna.com.br\/new\/wp-json\/wp\/v2\/media?parent=3101"}],"wp:term":[{"taxonomy":"category","embeddable":true,"href":"https:\/\/emasaitabuna.com.br\/new\/wp-json\/wp\/v2\/categories?post=3101"},{"taxonomy":"post_tag","embeddable":true,"href":"https:\/\/emasaitabuna.com.br\/new\/wp-json\/wp\/v2\/tags?post=3101"}],"curies":[{"name":"wp","href":"https:\/\/api.w.org\/{rel}","templated":true}]}}