{"id":3113,"date":"2025-03-23T11:25:51","date_gmt":"2025-03-23T14:25:51","guid":{"rendered":"https:\/\/emasaitabuna.com.br\/new\/?p=3113"},"modified":"2025-03-23T11:25:51","modified_gmt":"2025-03-23T14:25:51","slug":"emasa-retoma-a-captacao-de-agua-em-rio-do-braco-depois-de-substituicao-e-reparo-em-motobomba","status":"publish","type":"post","link":"https:\/\/emasaitabuna.com.br\/new\/emasa-retoma-a-captacao-de-agua-em-rio-do-braco-depois-de-substituicao-e-reparo-em-motobomba\/","title":{"rendered":"EMASA retoma a capta\u00e7\u00e3o de \u00e1gua em Rio do Bra\u00e7o, depois de substitui\u00e7\u00e3o e reparo em motobomba"},"content":{"rendered":"<p>Bom dia, caros e caras colegas<\/p>\n<p>&nbsp;<\/p>\n<p>&nbsp;<\/p>\n<p><img decoding=\"async\" class=\"aligncenter size-full wp-image-3114\" src=\"https:\/\/emasaitabuna.com.br\/new\/wp-content\/uploads\/2025\/03\/IMG-20250323-WA0002.jpg\" alt=\"\" width=\"1600\" height=\"1066\" srcset=\"https:\/\/emasaitabuna.com.br\/new\/wp-content\/uploads\/2025\/03\/IMG-20250323-WA0002-200x133.jpg 200w, https:\/\/emasaitabuna.com.br\/new\/wp-content\/uploads\/2025\/03\/IMG-20250323-WA0002-300x200.jpg 300w, https:\/\/emasaitabuna.com.br\/new\/wp-content\/uploads\/2025\/03\/IMG-20250323-WA0002-400x267.jpg 400w, https:\/\/emasaitabuna.com.br\/new\/wp-content\/uploads\/2025\/03\/IMG-20250323-WA0002-500x333.jpg 500w, https:\/\/emasaitabuna.com.br\/new\/wp-content\/uploads\/2025\/03\/IMG-20250323-WA0002-600x400.jpg 600w, https:\/\/emasaitabuna.com.br\/new\/wp-content\/uploads\/2025\/03\/IMG-20250323-WA0002-768x512.jpg 768w, https:\/\/emasaitabuna.com.br\/new\/wp-content\/uploads\/2025\/03\/IMG-20250323-WA0002-800x533.jpg 800w, https:\/\/emasaitabuna.com.br\/new\/wp-content\/uploads\/2025\/03\/IMG-20250323-WA0002-1200x800.jpg 1200w, https:\/\/emasaitabuna.com.br\/new\/wp-content\/uploads\/2025\/03\/IMG-20250323-WA0002-1536x1023.jpg 1536w, https:\/\/emasaitabuna.com.br\/new\/wp-content\/uploads\/2025\/03\/IMG-20250323-WA0002.jpg 1600w\" sizes=\"(max-width: 1600px) 100vw, 1600px\" \/><\/p>\n<p>A Empresa Municipal de \u00c1guas e Saneamento (EMASA) retomou a capta\u00e7\u00e3o em de \u00e1gua em sua totalidade, depois de substitui\u00e7\u00e3o e reparo em motobomba, que opera na Esta\u00e7\u00e3o de Capta\u00e7\u00e3o de \u00c1gua Bruta, no povoado de Rio do Bra\u00e7o, Distrito de Banco do Pedro, em Ilh\u00e9us.<\/p>\n<p>Os t\u00e9cnicos e oper\u00e1rios da Ger\u00eancia de Expans\u00e3o e Opera\u00e7\u00e3o conclu\u00edram os servi\u00e7os nas primeiras horas da madrugada de hoje, dia 23.<\/p>\n<p>O quebramento do eixo de um dos equipamentos ocorreu na quinta-feira passada, dia 20, provocou a redu\u00e7\u00e3o do processo de capta\u00e7\u00e3o de \u00e1gua em 50 por cento e, consequentemente, a diminui\u00e7\u00e3o da produ\u00e7\u00e3o de \u00e1gua tratada, com atrasos no abastecimento de alguns bairros da cidade.<\/p>\n<p>Al\u00e9m disso, o problema ocasionou o adiamento para o pr\u00f3ximo dia 5, a entrega do novo sistema de abastecimento e o reservat\u00f3rio de 5 milh\u00f5es de litros d\u2019\u00e1gua, no Jardim Cordier, que atender\u00e1 a zona sul de Itabuna.<\/p>\n<p>Segundo o gerente de Expans\u00e3o e Opera\u00e7\u00e3o da EMASA, Jo\u00e3o Bitencourt, neste domingo, assim que os trabalhos foram conclu\u00eddos o sistema de capta\u00e7\u00e3o voltou a operar com a capacidade de 100 por cento e gradativamente o fornecimento de \u00e1gua ser\u00e1 normalizado.<\/p>\n<p>\u201cDepois de finalizar a substitui\u00e7\u00e3o do eixo do motobomba e realizar outros reparos preventivos, voltamos a operar com toda a capacidade. Agora, o fornecimento de \u00e1gua ser\u00e1 normalizado de forma gradual\u201d, assegurou Bitencourt.<\/p>\n<p>\u201cTamb\u00e9m vamos dar continuidade aos testes hidrost\u00e1tico e de estanquidade da nova rede para que no dia 5, o prefeito Augusto Castro (PSD) e o presidente da EMASA, Ivan Maia, entreguem o novo sistema a comunidade\u201d, acrescentou,<\/p>\n<p>Ainda de acordo com o gerente da EMASA \u00e9 importante que a popula\u00e7\u00e3o continue fazendo o consumo racional da \u00e1gua, evitando o desperd\u00edcio, j\u00e1 que a \u00e1gua \u00e9 um bem finito.<\/p>\n<p>\u201cOntem, dia 22, comemoramos o Dia Mundial da \u00c1gua, que tem a finalidade de conscientizar a todos da import\u00e2ncia de fazer o uso respons\u00e1vel da \u00e1gua. Por isso, evitar o desperd\u00edcio \u00e9 crucial para o bem comum\u201d, alertou o gerente de Expans\u00e3o e Opera\u00e7\u00e3o da EMASA, Jo\u00e3o Bitencourt.<\/p>\n<p>&#8212;&#8212;<\/p>\n<p>Assessoria de Comunica\u00e7\u00e3o Social da EMASA<\/p>\n<p>23\/mar\u00e7o\/2025.<\/p>\n","protected":false},"excerpt":{"rendered":"<p>Bom dia, caros e caras colegas &nbsp; &nbsp; A Empresa Municipal de \u00c1guas e Saneamento (EMASA) retomou a capta\u00e7\u00e3o em [&hellip;]<\/p>\n","protected":false},"author":1,"featured_media":3114,"comment_status":"open","ping_status":"open","sticky":false,"template":"","format":"standard","meta":{"nf_dc_page":"","footnotes":""},"categories":[9],"tags":[],"class_list":["post-3113","post","type-post","status-publish","format-standard","has-post-thumbnail","hentry","category-noticias"],"_links":{"self":[{"href":"https:\/\/emasaitabuna.com.br\/new\/wp-json\/wp\/v2\/posts\/3113","targetHints":{"allow":["GET"]}}],"collection":[{"href":"https:\/\/emasaitabuna.com.br\/new\/wp-json\/wp\/v2\/posts"}],"about":[{"href":"https:\/\/emasaitabuna.com.br\/new\/wp-json\/wp\/v2\/types\/post"}],"author":[{"embeddable":true,"href":"https:\/\/emasaitabuna.com.br\/new\/wp-json\/wp\/v2\/users\/1"}],"replies":[{"embeddable":true,"href":"https:\/\/emasaitabuna.com.br\/new\/wp-json\/wp\/v2\/comments?post=3113"}],"version-history":[{"count":1,"href":"https:\/\/emasaitabuna.com.br\/new\/wp-json\/wp\/v2\/posts\/3113\/revisions"}],"predecessor-version":[{"id":3115,"href":"https:\/\/emasaitabuna.com.br\/new\/wp-json\/wp\/v2\/posts\/3113\/revisions\/3115"}],"wp:featuredmedia":[{"embeddable":true,"href":"https:\/\/emasaitabuna.com.br\/new\/wp-json\/wp\/v2\/media\/3114"}],"wp:attachment":[{"href":"https:\/\/emasaitabuna.com.br\/new\/wp-json\/wp\/v2\/media?parent=3113"}],"wp:term":[{"taxonomy":"category","embeddable":true,"href":"https:\/\/emasaitabuna.com.br\/new\/wp-json\/wp\/v2\/categories?post=3113"},{"taxonomy":"post_tag","embeddable":true,"href":"https:\/\/emasaitabuna.com.br\/new\/wp-json\/wp\/v2\/tags?post=3113"}],"curies":[{"name":"wp","href":"https:\/\/api.w.org\/{rel}","templated":true}]}}