{"id":3116,"date":"2025-03-23T12:14:09","date_gmt":"2025-03-23T15:14:09","guid":{"rendered":"https:\/\/emasaitabuna.com.br\/new\/?p=3116"},"modified":"2025-03-23T12:14:09","modified_gmt":"2025-03-23T15:14:09","slug":"em-partida-de-futebol-que-marcou-dia-mundial-da-agua-emasa-e-embasa-empatam-em-1-a-1","status":"publish","type":"post","link":"https:\/\/emasaitabuna.com.br\/new\/em-partida-de-futebol-que-marcou-dia-mundial-da-agua-emasa-e-embasa-empatam-em-1-a-1\/","title":{"rendered":"Em partida de futebol que marcou Dia Mundial da \u00c1gua EMASA e EMBASA empatam em 1 a 1"},"content":{"rendered":"<p><img decoding=\"async\" class=\"aligncenter size-full wp-image-3117\" src=\"https:\/\/emasaitabuna.com.br\/new\/wp-content\/uploads\/2025\/03\/IMG-20250323-WA0003.jpg\" alt=\"\" width=\"1600\" height=\"1066\" srcset=\"https:\/\/emasaitabuna.com.br\/new\/wp-content\/uploads\/2025\/03\/IMG-20250323-WA0003-200x133.jpg 200w, https:\/\/emasaitabuna.com.br\/new\/wp-content\/uploads\/2025\/03\/IMG-20250323-WA0003-300x200.jpg 300w, https:\/\/emasaitabuna.com.br\/new\/wp-content\/uploads\/2025\/03\/IMG-20250323-WA0003-400x267.jpg 400w, https:\/\/emasaitabuna.com.br\/new\/wp-content\/uploads\/2025\/03\/IMG-20250323-WA0003-500x333.jpg 500w, https:\/\/emasaitabuna.com.br\/new\/wp-content\/uploads\/2025\/03\/IMG-20250323-WA0003-600x400.jpg 600w, https:\/\/emasaitabuna.com.br\/new\/wp-content\/uploads\/2025\/03\/IMG-20250323-WA0003-768x512.jpg 768w, https:\/\/emasaitabuna.com.br\/new\/wp-content\/uploads\/2025\/03\/IMG-20250323-WA0003-800x533.jpg 800w, https:\/\/emasaitabuna.com.br\/new\/wp-content\/uploads\/2025\/03\/IMG-20250323-WA0003-1200x800.jpg 1200w, https:\/\/emasaitabuna.com.br\/new\/wp-content\/uploads\/2025\/03\/IMG-20250323-WA0003-1536x1023.jpg 1536w, https:\/\/emasaitabuna.com.br\/new\/wp-content\/uploads\/2025\/03\/IMG-20250323-WA0003.jpg 1600w\" sizes=\"(max-width: 1600px) 100vw, 1600px\" \/><\/p>\n<p>O Encontro das \u00c1guas marcou as comemora\u00e7\u00f5es do Dia Mundial da \u00c1gua, em Itabuna, na tarde de s\u00e1bado, dia 11, na Associa\u00e7\u00e3o Atl\u00e9tica Banco do Brasil (AABB) uma partida de futebol entre EMASA e EMBASA comemorou a data para os colaboradores das duas empresas. O jogo entre as equipes terminou empatado em 1 a 1.<\/p>\n<p>O jogo foi muito pegado, com muitas faltas cometidas no in\u00edcio pelos atletas duas equipes. O time da EMBASA saiu na frente com o gol do meio campista Fl\u00e1vio Calleri, ainda no primeiro tempo.<\/p>\n<p>Na etapa final o time da EMASA, melhorou e aumentou a press\u00e3o sobre a equipe advers\u00e1ria e chegou ao gol de empate, atrav\u00e9s do atacante Ricardo, que assinalou o tento com um belo toque de calcanhar.<\/p>\n<p>Com o empate, o trof\u00e9u Encontro das \u00c1guas ficar\u00e1, provisoriamente, com a EMASA at\u00e9 que uma nova partida seja marcada para que a ta\u00e7a fique com uma das equipes em definitivo.<\/p>\n<p>HOMENAGENS<\/p>\n<p>O agente operacional da EMBASA Zem Costa, realizou algumas homenagens durante a confraterniza\u00e7\u00e3o destinadas colaboradores das duas empresas concession\u00e1rias de \u00e1gua e esgoto.<\/p>\n<p>Foram agraciados com a Comenda Padrinho das \u00c1guas o presidente da EMASA, Ivan Maia; o presidente do Gr\u00eamio Recreativo dos Servidores da EMASA e treinador do time, Chesman Gilton; Josimeire Alves, funcion\u00e1ria e h\u00e1 29 anos de carreira da EMBASA; e o cineasta Giovanni Massa, que realizou o primeiro document\u00e1rio Encontro das \u00c1guas.<\/p>\n<p>Tamb\u00e9m houve homenagens p\u00f3stumas ao funcion\u00e1rio da EMBASA Gilson Primo e ao ex-gerente da Unidade Regional da Empresa Baiana de \u00c1guas e Saneamento, Carlos Alberto Pontes de Souza.<\/p>\n<p>O jogo entre EMASA vs EMBASA foi acompanhado por um bom p\u00fablico, formado por funcion\u00e1rios das duas empresa e familiares. Tamb\u00e9m prestigiaram o Encontro das \u00c1guas, os secret\u00e1rios municipais Alc\u00e2ntara Pelegrini (Esporte e Lazer, que representou o prefeito Augusto Castro), Humberto Mattos (Seguran\u00e7a e Ordem P\u00fablica); os diretores da EMASA: Jos\u00e9 Silva (Planejamento), Ronaldo J\u00fanior (Financeiro e Relacionamento), Fernando Duarte (Opera\u00e7\u00e3o e Expans\u00e3o); os gerentes Taun Sampaio (Saneamento) e \u00c2ngelo Lucena (Planejamento).<\/p>\n<p>Al\u00e9m dos vereadores Bab\u00e1 Cearense (PP), Ricardo Xavier (Cidadania) e Denilton Santos (Avante).<\/p>\n<p>&#8212;&#8211;<\/p>\n<p>Assessoria de Comunica\u00e7\u00e3o Social da EMASA<\/p>\n<p>23\/mar\u00e7o\/2025.<\/p>\n","protected":false},"excerpt":{"rendered":"<p>O Encontro das \u00c1guas marcou as comemora\u00e7\u00f5es do Dia Mundial da \u00c1gua, em Itabuna, na tarde de s\u00e1bado, dia 11, [&hellip;]<\/p>\n","protected":false},"author":1,"featured_media":3117,"comment_status":"open","ping_status":"open","sticky":false,"template":"","format":"standard","meta":{"nf_dc_page":"","footnotes":""},"categories":[9],"tags":[],"class_list":["post-3116","post","type-post","status-publish","format-standard","has-post-thumbnail","hentry","category-noticias"],"_links":{"self":[{"href":"https:\/\/emasaitabuna.com.br\/new\/wp-json\/wp\/v2\/posts\/3116","targetHints":{"allow":["GET"]}}],"collection":[{"href":"https:\/\/emasaitabuna.com.br\/new\/wp-json\/wp\/v2\/posts"}],"about":[{"href":"https:\/\/emasaitabuna.com.br\/new\/wp-json\/wp\/v2\/types\/post"}],"author":[{"embeddable":true,"href":"https:\/\/emasaitabuna.com.br\/new\/wp-json\/wp\/v2\/users\/1"}],"replies":[{"embeddable":true,"href":"https:\/\/emasaitabuna.com.br\/new\/wp-json\/wp\/v2\/comments?post=3116"}],"version-history":[{"count":1,"href":"https:\/\/emasaitabuna.com.br\/new\/wp-json\/wp\/v2\/posts\/3116\/revisions"}],"predecessor-version":[{"id":3118,"href":"https:\/\/emasaitabuna.com.br\/new\/wp-json\/wp\/v2\/posts\/3116\/revisions\/3118"}],"wp:featuredmedia":[{"embeddable":true,"href":"https:\/\/emasaitabuna.com.br\/new\/wp-json\/wp\/v2\/media\/3117"}],"wp:attachment":[{"href":"https:\/\/emasaitabuna.com.br\/new\/wp-json\/wp\/v2\/media?parent=3116"}],"wp:term":[{"taxonomy":"category","embeddable":true,"href":"https:\/\/emasaitabuna.com.br\/new\/wp-json\/wp\/v2\/categories?post=3116"},{"taxonomy":"post_tag","embeddable":true,"href":"https:\/\/emasaitabuna.com.br\/new\/wp-json\/wp\/v2\/tags?post=3116"}],"curies":[{"name":"wp","href":"https:\/\/api.w.org\/{rel}","templated":true}]}}