{"id":3119,"date":"2025-03-25T06:28:35","date_gmt":"2025-03-25T09:28:35","guid":{"rendered":"https:\/\/emasaitabuna.com.br\/new\/?p=3119"},"modified":"2025-03-25T06:28:35","modified_gmt":"2025-03-25T09:28:35","slug":"emasa-realiza-reparo-em-rede-que-quebrou-no-novo-lomanto","status":"publish","type":"post","link":"https:\/\/emasaitabuna.com.br\/new\/emasa-realiza-reparo-em-rede-que-quebrou-no-novo-lomanto\/","title":{"rendered":"EMASA realiza reparo em rede que quebrou no Novo Lomanto"},"content":{"rendered":"<div id=\"attachment_3120\" style=\"width: 1609px\" class=\"wp-caption aligncenter\"><img decoding=\"async\" aria-describedby=\"caption-attachment-3120\" class=\"size-full wp-image-3120\" src=\"https:\/\/emasaitabuna.com.br\/new\/wp-content\/uploads\/2025\/03\/O-local-onde-a-rede-rompeu-por-ser-de-dificil-acesso-atrasou-a-conclusao-do-servico.jpg\" alt=\"\" width=\"1599\" height=\"899\" srcset=\"https:\/\/emasaitabuna.com.br\/new\/wp-content\/uploads\/2025\/03\/O-local-onde-a-rede-rompeu-por-ser-de-dificil-acesso-atrasou-a-conclusao-do-servico-200x112.jpg 200w, https:\/\/emasaitabuna.com.br\/new\/wp-content\/uploads\/2025\/03\/O-local-onde-a-rede-rompeu-por-ser-de-dificil-acesso-atrasou-a-conclusao-do-servico-300x169.jpg 300w, https:\/\/emasaitabuna.com.br\/new\/wp-content\/uploads\/2025\/03\/O-local-onde-a-rede-rompeu-por-ser-de-dificil-acesso-atrasou-a-conclusao-do-servico-400x225.jpg 400w, https:\/\/emasaitabuna.com.br\/new\/wp-content\/uploads\/2025\/03\/O-local-onde-a-rede-rompeu-por-ser-de-dificil-acesso-atrasou-a-conclusao-do-servico-500x281.jpg 500w, https:\/\/emasaitabuna.com.br\/new\/wp-content\/uploads\/2025\/03\/O-local-onde-a-rede-rompeu-por-ser-de-dificil-acesso-atrasou-a-conclusao-do-servico-600x337.jpg 600w, https:\/\/emasaitabuna.com.br\/new\/wp-content\/uploads\/2025\/03\/O-local-onde-a-rede-rompeu-por-ser-de-dificil-acesso-atrasou-a-conclusao-do-servico-768x432.jpg 768w, https:\/\/emasaitabuna.com.br\/new\/wp-content\/uploads\/2025\/03\/O-local-onde-a-rede-rompeu-por-ser-de-dificil-acesso-atrasou-a-conclusao-do-servico-800x450.jpg 800w, https:\/\/emasaitabuna.com.br\/new\/wp-content\/uploads\/2025\/03\/O-local-onde-a-rede-rompeu-por-ser-de-dificil-acesso-atrasou-a-conclusao-do-servico-1200x675.jpg 1200w, https:\/\/emasaitabuna.com.br\/new\/wp-content\/uploads\/2025\/03\/O-local-onde-a-rede-rompeu-por-ser-de-dificil-acesso-atrasou-a-conclusao-do-servico-1536x864.jpg 1536w, https:\/\/emasaitabuna.com.br\/new\/wp-content\/uploads\/2025\/03\/O-local-onde-a-rede-rompeu-por-ser-de-dificil-acesso-atrasou-a-conclusao-do-servico.jpg 1599w\" sizes=\"(max-width: 1599px) 100vw, 1599px\" \/><p id=\"caption-attachment-3120\" class=\"wp-caption-text\">O local onde a rede rompeu, por ser de dif\u00edcil acesso atrasou a conclus\u00e3o do servi\u00e7o.<\/p><\/div>\n<p>O quebramento de uma rede adutora de 200 mil\u00edmetros, no Novo Lomanto, no final da manh\u00e3 de ontem, dia 24, interrompeu o fornecimento de \u00e1gua para os bairros Odilon, Santa Catarina, Mangabinha (parte alta), Lomanto e o pr\u00f3prio bairro. Essas localidades s\u00e3o atendidas pelo novo reservat\u00f3rio de 3 milh\u00f5es de litros de \u00e1gua rec\u00e9m-inaugurado.<\/p>\n<p>Por volta das 20 horas, a equipe de t\u00e9cnicos e oper\u00e1rios da Empresa Municipal de \u00c1guas e Saneamento (EMASA)<\/p>\n<div id=\"attachment_3121\" style=\"width: 291px\" class=\"wp-caption alignright\"><img decoding=\"async\" aria-describedby=\"caption-attachment-3121\" class=\"size-medium wp-image-3121\" src=\"https:\/\/emasaitabuna.com.br\/new\/wp-content\/uploads\/2025\/03\/Com-a-conclusao-do-reparo-o-fornecimento-de-agua-foi-retomado-281x500.jpg\" alt=\"\" width=\"281\" height=\"500\" srcset=\"https:\/\/emasaitabuna.com.br\/new\/wp-content\/uploads\/2025\/03\/Com-a-conclusao-do-reparo-o-fornecimento-de-agua-foi-retomado-169x300.jpg 169w, https:\/\/emasaitabuna.com.br\/new\/wp-content\/uploads\/2025\/03\/Com-a-conclusao-do-reparo-o-fornecimento-de-agua-foi-retomado-200x356.jpg 200w, https:\/\/emasaitabuna.com.br\/new\/wp-content\/uploads\/2025\/03\/Com-a-conclusao-do-reparo-o-fornecimento-de-agua-foi-retomado-281x500.jpg 281w, https:\/\/emasaitabuna.com.br\/new\/wp-content\/uploads\/2025\/03\/Com-a-conclusao-do-reparo-o-fornecimento-de-agua-foi-retomado-400x711.jpg 400w, https:\/\/emasaitabuna.com.br\/new\/wp-content\/uploads\/2025\/03\/Com-a-conclusao-do-reparo-o-fornecimento-de-agua-foi-retomado-600x1067.jpg 600w, https:\/\/emasaitabuna.com.br\/new\/wp-content\/uploads\/2025\/03\/Com-a-conclusao-do-reparo-o-fornecimento-de-agua-foi-retomado-675x1200.jpg 675w, https:\/\/emasaitabuna.com.br\/new\/wp-content\/uploads\/2025\/03\/Com-a-conclusao-do-reparo-o-fornecimento-de-agua-foi-retomado-768x1366.jpg 768w, https:\/\/emasaitabuna.com.br\/new\/wp-content\/uploads\/2025\/03\/Com-a-conclusao-do-reparo-o-fornecimento-de-agua-foi-retomado-800x1423.jpg 800w, https:\/\/emasaitabuna.com.br\/new\/wp-content\/uploads\/2025\/03\/Com-a-conclusao-do-reparo-o-fornecimento-de-agua-foi-retomado-864x1536.jpg 864w, https:\/\/emasaitabuna.com.br\/new\/wp-content\/uploads\/2025\/03\/Com-a-conclusao-do-reparo-o-fornecimento-de-agua-foi-retomado.jpg 899w\" sizes=\"(max-width: 281px) 100vw, 281px\" \/><p id=\"caption-attachment-3121\" class=\"wp-caption-text\">Com a conclus\u00e3o do reparo, o fornecimento de \u00e1gua foi retomado.<\/p><\/div>\n<p>concluiu o reparo da rede, restabelecendo o sistema e voltando a atender as localidades atingidas.<\/p>\n<p>Segundo o gerente de Expans\u00e3o e Opera\u00e7\u00e3o da EMASA, Jo\u00e3o Bittencourt, como essa regi\u00e3o conta com um grande reservat\u00f3rio, o fornecimento de \u00e1gua foi iniciado ainda na noite de ontem.<\/p>\n<p>\u201cO reservat\u00f3rio nos garante essa seguran\u00e7a. Como essa regi\u00e3o n\u00e3o conta mais com o sistema de manobras, conclu\u00eddo o reparo, o abastecimento \u00e9 iniciado imediatamente\u201d, explica o gerente da EMASA.<\/p>\n<p>A exemplo do que aconteceu no \u00faltimo dia 13, quando o prefeito Augusto Castro (PSD), na companhia do governador Jer\u00f4nimo Rodrigues (PT), inaugurou o novo sistema e o reservat\u00f3rio de \u00e1gua no Novo Lomanto entrou em opera\u00e7\u00e3o.<\/p>\n<p>No dia 5, ser\u00e1 a vez da EMASA e a Prefeitura fazer a entrega do tanque que armazena 5 milh\u00f5es de litros de \u00e1gua, montado no Novo Ja\u00e7an\u00e3, que atender\u00e1 toda a zona sul de Itabuna.<\/p>\n<p>&#8212;&#8212;<br \/>\nAssessoria de Comunica\u00e7\u00e3o Social da EMASA.<br \/>\n25\/mar\u00e7o\/2025.<\/p>\n","protected":false},"excerpt":{"rendered":"<p>O quebramento de uma rede adutora de 200 mil\u00edmetros, no Novo Lomanto, no final da manh\u00e3 de ontem, dia 24, [&hellip;]<\/p>\n","protected":false},"author":1,"featured_media":3120,"comment_status":"open","ping_status":"open","sticky":false,"template":"","format":"standard","meta":{"nf_dc_page":"","footnotes":""},"categories":[9],"tags":[],"class_list":["post-3119","post","type-post","status-publish","format-standard","has-post-thumbnail","hentry","category-noticias"],"_links":{"self":[{"href":"https:\/\/emasaitabuna.com.br\/new\/wp-json\/wp\/v2\/posts\/3119","targetHints":{"allow":["GET"]}}],"collection":[{"href":"https:\/\/emasaitabuna.com.br\/new\/wp-json\/wp\/v2\/posts"}],"about":[{"href":"https:\/\/emasaitabuna.com.br\/new\/wp-json\/wp\/v2\/types\/post"}],"author":[{"embeddable":true,"href":"https:\/\/emasaitabuna.com.br\/new\/wp-json\/wp\/v2\/users\/1"}],"replies":[{"embeddable":true,"href":"https:\/\/emasaitabuna.com.br\/new\/wp-json\/wp\/v2\/comments?post=3119"}],"version-history":[{"count":1,"href":"https:\/\/emasaitabuna.com.br\/new\/wp-json\/wp\/v2\/posts\/3119\/revisions"}],"predecessor-version":[{"id":3122,"href":"https:\/\/emasaitabuna.com.br\/new\/wp-json\/wp\/v2\/posts\/3119\/revisions\/3122"}],"wp:featuredmedia":[{"embeddable":true,"href":"https:\/\/emasaitabuna.com.br\/new\/wp-json\/wp\/v2\/media\/3120"}],"wp:attachment":[{"href":"https:\/\/emasaitabuna.com.br\/new\/wp-json\/wp\/v2\/media?parent=3119"}],"wp:term":[{"taxonomy":"category","embeddable":true,"href":"https:\/\/emasaitabuna.com.br\/new\/wp-json\/wp\/v2\/categories?post=3119"},{"taxonomy":"post_tag","embeddable":true,"href":"https:\/\/emasaitabuna.com.br\/new\/wp-json\/wp\/v2\/tags?post=3119"}],"curies":[{"name":"wp","href":"https:\/\/api.w.org\/{rel}","templated":true}]}}