{"id":3123,"date":"2025-03-25T11:57:45","date_gmt":"2025-03-25T14:57:45","guid":{"rendered":"https:\/\/emasaitabuna.com.br\/new\/?p=3123"},"modified":"2025-03-25T11:57:45","modified_gmt":"2025-03-25T14:57:45","slug":"atraso-no-abastecimento-de-agua-da-zona-oeste-de-itabuna-se-deve-aos-problemas-na-captacao-do-rio-do-braco","status":"publish","type":"post","link":"https:\/\/emasaitabuna.com.br\/new\/atraso-no-abastecimento-de-agua-da-zona-oeste-de-itabuna-se-deve-aos-problemas-na-captacao-do-rio-do-braco\/","title":{"rendered":"Atraso no abastecimento de \u00e1gua da zona oeste de Itabuna se deve aos problemas na capta\u00e7\u00e3o do Rio do Bra\u00e7o"},"content":{"rendered":"<p><img decoding=\"async\" class=\"alignright size-medium wp-image-3124\" src=\"https:\/\/emasaitabuna.com.br\/new\/wp-content\/uploads\/2025\/03\/Screenshot_2025-03-25-11-47-02-870_com.android.chrome-edit-500x356.jpg\" alt=\"\" width=\"500\" height=\"356\" srcset=\"https:\/\/emasaitabuna.com.br\/new\/wp-content\/uploads\/2025\/03\/Screenshot_2025-03-25-11-47-02-870_com.android.chrome-edit-200x142.jpg 200w, https:\/\/emasaitabuna.com.br\/new\/wp-content\/uploads\/2025\/03\/Screenshot_2025-03-25-11-47-02-870_com.android.chrome-edit-300x214.jpg 300w, https:\/\/emasaitabuna.com.br\/new\/wp-content\/uploads\/2025\/03\/Screenshot_2025-03-25-11-47-02-870_com.android.chrome-edit-400x285.jpg 400w, https:\/\/emasaitabuna.com.br\/new\/wp-content\/uploads\/2025\/03\/Screenshot_2025-03-25-11-47-02-870_com.android.chrome-edit-500x356.jpg 500w, https:\/\/emasaitabuna.com.br\/new\/wp-content\/uploads\/2025\/03\/Screenshot_2025-03-25-11-47-02-870_com.android.chrome-edit-600x427.jpg 600w, https:\/\/emasaitabuna.com.br\/new\/wp-content\/uploads\/2025\/03\/Screenshot_2025-03-25-11-47-02-870_com.android.chrome-edit-768x547.jpg 768w, https:\/\/emasaitabuna.com.br\/new\/wp-content\/uploads\/2025\/03\/Screenshot_2025-03-25-11-47-02-870_com.android.chrome-edit-800x569.jpg 800w, https:\/\/emasaitabuna.com.br\/new\/wp-content\/uploads\/2025\/03\/Screenshot_2025-03-25-11-47-02-870_com.android.chrome-edit.jpg 989w\" sizes=\"(max-width: 500px) 100vw, 500px\" \/><\/p>\n<p>A Empresa Municipal de \u00c1guas e Saneamento (EMASA) informa que o atraso no abastecimento de \u00e1gua da zona oeste de Itabuna ainda se deve aos problemas na capta\u00e7\u00e3o do Rio do Bra\u00e7o, depois do defeito j\u00e1 reparado no eixo de uma das motobombas da Esta\u00e7\u00e3o de Capta\u00e7\u00e3o de \u00c1gua Bruta, em Rio do Bra\u00e7o, no \u00faltimo dia 20.<\/p>\n<p>Diante do problema, o sistema de produ\u00e7\u00e3o de \u00e1gua da EMASA sofreu redu\u00e7\u00e3o de 50 por cento na sua capacidade, o que gerou atrasos no fornecimento de \u00e1gua para algumas localidades da cidade.<\/p>\n<p>O problema que foi solucionado na madrugada do domingo, dia 23, sendo retomadas a capta\u00e7\u00e3o e produ\u00e7\u00e3o de \u00e1gua em sua totalidade. Por isso, o fornecimento se d\u00e1 de forma gradual para todos os bairros.<\/p>\n<p>Nas primeiras horas da manh\u00e3 de hoje, dia 25, o Bairro Jorge Amado e o condom\u00ednio residencial Itapoan tiveram o abastecimento de \u00e1gua iniciado. Mas, no decorrer da manh\u00e3 um problema no quadro el\u00e9trico da Esta\u00e7\u00e3o de Tratamento de \u00c1gua (ETA), provocou a interrup\u00e7\u00e3o moment\u00e2nea do abastecimento para da zona oeste.<\/p>\n<p>Mas, como j\u00e1 houve a substitui\u00e7\u00e3o de disjuntores, o sistema voltou a operar, gradualmente, atendendo o Bairro Jorge Amado e adjac\u00eancias e o condom\u00ednio residencial Itapoan.<\/p>\n<p>\u2014&#8212;<\/p>\n<p>Assessoria de Comunica\u00e7\u00e3o Social da EMASA.<\/p>\n<p>25\/mar\u00e7o\/2025.<\/p>\n","protected":false},"excerpt":{"rendered":"<p>A Empresa Municipal de \u00c1guas e Saneamento (EMASA) informa que o atraso no abastecimento de \u00e1gua da zona oeste de [&hellip;]<\/p>\n","protected":false},"author":1,"featured_media":3124,"comment_status":"open","ping_status":"open","sticky":false,"template":"","format":"standard","meta":{"nf_dc_page":"","footnotes":""},"categories":[9],"tags":[],"class_list":["post-3123","post","type-post","status-publish","format-standard","has-post-thumbnail","hentry","category-noticias"],"_links":{"self":[{"href":"https:\/\/emasaitabuna.com.br\/new\/wp-json\/wp\/v2\/posts\/3123","targetHints":{"allow":["GET"]}}],"collection":[{"href":"https:\/\/emasaitabuna.com.br\/new\/wp-json\/wp\/v2\/posts"}],"about":[{"href":"https:\/\/emasaitabuna.com.br\/new\/wp-json\/wp\/v2\/types\/post"}],"author":[{"embeddable":true,"href":"https:\/\/emasaitabuna.com.br\/new\/wp-json\/wp\/v2\/users\/1"}],"replies":[{"embeddable":true,"href":"https:\/\/emasaitabuna.com.br\/new\/wp-json\/wp\/v2\/comments?post=3123"}],"version-history":[{"count":1,"href":"https:\/\/emasaitabuna.com.br\/new\/wp-json\/wp\/v2\/posts\/3123\/revisions"}],"predecessor-version":[{"id":3125,"href":"https:\/\/emasaitabuna.com.br\/new\/wp-json\/wp\/v2\/posts\/3123\/revisions\/3125"}],"wp:featuredmedia":[{"embeddable":true,"href":"https:\/\/emasaitabuna.com.br\/new\/wp-json\/wp\/v2\/media\/3124"}],"wp:attachment":[{"href":"https:\/\/emasaitabuna.com.br\/new\/wp-json\/wp\/v2\/media?parent=3123"}],"wp:term":[{"taxonomy":"category","embeddable":true,"href":"https:\/\/emasaitabuna.com.br\/new\/wp-json\/wp\/v2\/categories?post=3123"},{"taxonomy":"post_tag","embeddable":true,"href":"https:\/\/emasaitabuna.com.br\/new\/wp-json\/wp\/v2\/tags?post=3123"}],"curies":[{"name":"wp","href":"https:\/\/api.w.org\/{rel}","templated":true}]}}