{"id":3146,"date":"2025-04-04T07:24:11","date_gmt":"2025-04-04T10:24:11","guid":{"rendered":"https:\/\/emasaitabuna.com.br\/new\/?p=3146"},"modified":"2025-04-04T07:24:11","modified_gmt":"2025-04-04T10:24:11","slug":"conflito-na-agenda-do-governador-jeronimo-rodrigues-adia-inauguracao-da-2a-etapa-do-mais-agua","status":"publish","type":"post","link":"https:\/\/emasaitabuna.com.br\/new\/conflito-na-agenda-do-governador-jeronimo-rodrigues-adia-inauguracao-da-2a-etapa-do-mais-agua\/","title":{"rendered":"Conflito na agenda do governador Jer\u00f4nimo Rodrigues adia inaugura\u00e7\u00e3o da 2\u00aa etapa do Mais \u00c1gua"},"content":{"rendered":"<div id=\"attachment_3148\" style=\"width: 510px\" class=\"wp-caption alignright\"><img decoding=\"async\" aria-describedby=\"caption-attachment-3148\" class=\"size-medium wp-image-3148\" src=\"https:\/\/emasaitabuna.com.br\/new\/wp-content\/uploads\/2025\/04\/IMG-20250404-WA0007-500x333.jpg\" alt=\"\" width=\"500\" height=\"333\" srcset=\"https:\/\/emasaitabuna.com.br\/new\/wp-content\/uploads\/2025\/04\/IMG-20250404-WA0007-200x133.jpg 200w, https:\/\/emasaitabuna.com.br\/new\/wp-content\/uploads\/2025\/04\/IMG-20250404-WA0007-300x200.jpg 300w, https:\/\/emasaitabuna.com.br\/new\/wp-content\/uploads\/2025\/04\/IMG-20250404-WA0007-400x267.jpg 400w, https:\/\/emasaitabuna.com.br\/new\/wp-content\/uploads\/2025\/04\/IMG-20250404-WA0007-500x333.jpg 500w, https:\/\/emasaitabuna.com.br\/new\/wp-content\/uploads\/2025\/04\/IMG-20250404-WA0007-600x400.jpg 600w, https:\/\/emasaitabuna.com.br\/new\/wp-content\/uploads\/2025\/04\/IMG-20250404-WA0007-768x512.jpg 768w, https:\/\/emasaitabuna.com.br\/new\/wp-content\/uploads\/2025\/04\/IMG-20250404-WA0007-800x533.jpg 800w, https:\/\/emasaitabuna.com.br\/new\/wp-content\/uploads\/2025\/04\/IMG-20250404-WA0007-1200x800.jpg 1200w, https:\/\/emasaitabuna.com.br\/new\/wp-content\/uploads\/2025\/04\/IMG-20250404-WA0007-1536x1023.jpg 1536w, https:\/\/emasaitabuna.com.br\/new\/wp-content\/uploads\/2025\/04\/IMG-20250404-WA0007.jpg 1600w\" sizes=\"(max-width: 500px) 100vw, 500px\" \/><p id=\"caption-attachment-3148\" class=\"wp-caption-text\">O reservat\u00f3rio da segunda etapa do Mais \u00c1gua, come\u00e7a a abastecer toda regi\u00e3o do S\u00e3o Caetano, amanh\u00e3, dia 5.<\/p><\/div>\n<p>Devido a conflito no hor\u00e1rio da agenda do governador Jer\u00f4nimo Rodrigues (PT), que estar\u00e1 na cidade para a posse do novo bispo da Diocese de Itabuna, Dom Jailton de Oliveira Lino, a inaugura\u00e7\u00e3o do novo sistema de abastecimento e do reservat\u00f3rio de 5 milh\u00f5es de litros de \u00e1gua, que integram a segunda etapa do Projeto Mais \u00c1gua para a Cidade, foi adiada para uma nova data que ser\u00e1 anunciada com brevidade.<\/p>\n<p>Independente da inaugura\u00e7\u00e3o, o novo sistema come\u00e7a a operar no s\u00e1bado, dia 5, beneficiando os bairros das zonas sul e leste do munic\u00edpio.<\/p>\n<p>De acordo com o presidente da Empresa Municipal de \u00c1guas e Saneamento (EMASA), Ivan Maia, ainda no s\u00e1bado, o prefeito Augusto Castro (PSD), far\u00e1 uma visita ao tanque instalado no Loteamento Jardim Cordier, no Bairro Novo Ja\u00e7an\u00e3.<\/p>\n<p>\u201cO prefeito Augusto Castro realizar\u00e1 essa visita e na oportunidade ir\u00e1 assinar a ordem de servi\u00e7o para a implanta\u00e7\u00e3o das redes de \u00e1gua e esgoto no Loteamento Jardim Cordier\u201d, disse Maia.<\/p>\n<p>Com o novo sistema, os bairros das regi\u00f5es do S\u00e3o Caetano e Concei\u00e7\u00e3o, que abrangem outras 34 localidades, passar\u00e3o a ser abastecidos com \u00e1gua todos os dias.<\/p>\n<p>&#8212;&#8211;<\/p>\n<p>Assessoria de Comunica\u00e7\u00e3o Social da EMASA<\/p>\n<p>04\/abril\/2025.<\/p>\n","protected":false},"excerpt":{"rendered":"<p>Devido a conflito no hor\u00e1rio da agenda do governador Jer\u00f4nimo Rodrigues (PT), que estar\u00e1 na cidade para a posse do [&hellip;]<\/p>\n","protected":false},"author":1,"featured_media":3148,"comment_status":"open","ping_status":"open","sticky":false,"template":"","format":"standard","meta":{"nf_dc_page":"","footnotes":""},"categories":[9],"tags":[],"class_list":["post-3146","post","type-post","status-publish","format-standard","has-post-thumbnail","hentry","category-noticias"],"_links":{"self":[{"href":"https:\/\/emasaitabuna.com.br\/new\/wp-json\/wp\/v2\/posts\/3146","targetHints":{"allow":["GET"]}}],"collection":[{"href":"https:\/\/emasaitabuna.com.br\/new\/wp-json\/wp\/v2\/posts"}],"about":[{"href":"https:\/\/emasaitabuna.com.br\/new\/wp-json\/wp\/v2\/types\/post"}],"author":[{"embeddable":true,"href":"https:\/\/emasaitabuna.com.br\/new\/wp-json\/wp\/v2\/users\/1"}],"replies":[{"embeddable":true,"href":"https:\/\/emasaitabuna.com.br\/new\/wp-json\/wp\/v2\/comments?post=3146"}],"version-history":[{"count":2,"href":"https:\/\/emasaitabuna.com.br\/new\/wp-json\/wp\/v2\/posts\/3146\/revisions"}],"predecessor-version":[{"id":3149,"href":"https:\/\/emasaitabuna.com.br\/new\/wp-json\/wp\/v2\/posts\/3146\/revisions\/3149"}],"wp:featuredmedia":[{"embeddable":true,"href":"https:\/\/emasaitabuna.com.br\/new\/wp-json\/wp\/v2\/media\/3148"}],"wp:attachment":[{"href":"https:\/\/emasaitabuna.com.br\/new\/wp-json\/wp\/v2\/media?parent=3146"}],"wp:term":[{"taxonomy":"category","embeddable":true,"href":"https:\/\/emasaitabuna.com.br\/new\/wp-json\/wp\/v2\/categories?post=3146"},{"taxonomy":"post_tag","embeddable":true,"href":"https:\/\/emasaitabuna.com.br\/new\/wp-json\/wp\/v2\/tags?post=3146"}],"curies":[{"name":"wp","href":"https:\/\/api.w.org\/{rel}","templated":true}]}}