{"id":3150,"date":"2025-04-06T13:18:58","date_gmt":"2025-04-06T16:18:58","guid":{"rendered":"https:\/\/emasaitabuna.com.br\/new\/?p=3150"},"modified":"2025-04-06T15:21:43","modified_gmt":"2025-04-06T18:21:43","slug":"emasa-apresenta-ordem-de-servico-para-obras-de-implantacao-das-redes-de-agua-e-esgoto-a-moradores-do-jardim-cordier","status":"publish","type":"post","link":"https:\/\/emasaitabuna.com.br\/new\/emasa-apresenta-ordem-de-servico-para-obras-de-implantacao-das-redes-de-agua-e-esgoto-a-moradores-do-jardim-cordier\/","title":{"rendered":"EMASA apresenta ordem de servi\u00e7o para obras de implanta\u00e7\u00e3o das redes de \u00e1gua e esgoto a moradores do Jardim Cordier"},"content":{"rendered":"<div id=\"attachment_3153\" style=\"width: 510px\" class=\"wp-caption alignright\"><img decoding=\"async\" aria-describedby=\"caption-attachment-3153\" class=\"size-medium wp-image-3153\" src=\"https:\/\/emasaitabuna.com.br\/new\/wp-content\/uploads\/2025\/04\/Moradores-do-Loteamento-Jardim-Cordier-recepcionaram-os-dirigentes-da-EMASA-1-500x330.jpg\" alt=\"\" width=\"500\" height=\"330\" srcset=\"https:\/\/emasaitabuna.com.br\/new\/wp-content\/uploads\/2025\/04\/Moradores-do-Loteamento-Jardim-Cordier-recepcionaram-os-dirigentes-da-EMASA-1-200x132.jpg 200w, https:\/\/emasaitabuna.com.br\/new\/wp-content\/uploads\/2025\/04\/Moradores-do-Loteamento-Jardim-Cordier-recepcionaram-os-dirigentes-da-EMASA-1-300x198.jpg 300w, https:\/\/emasaitabuna.com.br\/new\/wp-content\/uploads\/2025\/04\/Moradores-do-Loteamento-Jardim-Cordier-recepcionaram-os-dirigentes-da-EMASA-1-400x264.jpg 400w, https:\/\/emasaitabuna.com.br\/new\/wp-content\/uploads\/2025\/04\/Moradores-do-Loteamento-Jardim-Cordier-recepcionaram-os-dirigentes-da-EMASA-1-500x330.jpg 500w, https:\/\/emasaitabuna.com.br\/new\/wp-content\/uploads\/2025\/04\/Moradores-do-Loteamento-Jardim-Cordier-recepcionaram-os-dirigentes-da-EMASA-1-600x396.jpg 600w, https:\/\/emasaitabuna.com.br\/new\/wp-content\/uploads\/2025\/04\/Moradores-do-Loteamento-Jardim-Cordier-recepcionaram-os-dirigentes-da-EMASA-1.jpg 766w\" sizes=\"(max-width: 500px) 100vw, 500px\" \/><p id=\"caption-attachment-3153\" class=\"wp-caption-text\">Moradores do Loteamento Jardim Cordier, recepcionaram os dirigentes da EMASA.<\/p><\/div>\n<p>O presidente da Empresa Municipal de \u00c1guas e Saneamento (EMASA), Ivan Maia, esteve reunido na manh\u00e3 de ontem, dia 5, com alguns moradores do Loteamento Jardim Cordier, no Bairro Novo Ja\u00e7an\u00e3, quando foi apresentado a ordem de servi\u00e7o assinada pelo prefeito Augusto Castro (PSD), autorizando a realiza\u00e7\u00e3o das obras de implanta\u00e7\u00e3o das redes de \u00e1gua e esgoto para a localidade.<\/p>\n<p>Segundo previs\u00e3o do presidente da EMASA, as obras devem ser iniciadas nos pr\u00f3ximos 15 dias e ser\u00e3o investidos com recursos da pr\u00f3pria empresa de R$ 357 mil. No encontro, ele esteve acompanhado pelos diretores Fernando Duarte (Expans\u00e3o e Opera\u00e7\u00e3o) e Jos\u00e9 Silva (Planejamento) e a procuradora jur\u00eddica, Fabiana Rocha.<\/p>\n<p>\u201cNos pr\u00f3ximos dias oper\u00e1rios e m\u00e1quinas da EMASA estar\u00e3o no Jardim Cordier para iniciar as obras que moradores dessa localidade tanto almejavam. Ser\u00e3o implantados 1,5 mil metros de redes de \u00e1gua e esgoto que v\u00e3o mudar a realidade das pessoas que aqui residem no loteamento, levando melhor qualidade de vida e valorizando seus im\u00f3veis\u201d, disse Ivan Maia.<\/p>\n<p>O Loteamento Jardim Cordier tem mais de 15 anos de implantado e os servi\u00e7os que ser\u00e3o executados pela EMASA envolvem a rede de distribui\u00e7\u00e3o e liga\u00e7\u00f5es domiciliares de \u00e1gua e rede coletora e liga\u00e7\u00f5es intradomiciliares de esgoto.<\/p>\n<p>Al\u00e9m do Jardim Cordier a EMASA tamb\u00e9m vai iniciar as obras de implanta\u00e7\u00e3o da rede de abastecimento de \u00e1gua no Bairro Novo Lomanto, nas ruas Dom Pedro I (Vale do Sol), A e F (Novo Ja\u00e7an\u00e3) e na comunidade S\u00e3o Crist\u00f3v\u00e3o (Manoel Le\u00e3o).<\/p>\n<p>&#8212;-<br \/>\nAssessoria de Comunica\u00e7\u00e3o Social da EMASA<br \/>\n06\/abril\/2025.<\/p>\n","protected":false},"excerpt":{"rendered":"<p>O presidente da Empresa Municipal de \u00c1guas e Saneamento (EMASA), Ivan Maia, esteve reunido na manh\u00e3 de ontem, dia 5, [&hellip;]<\/p>\n","protected":false},"author":1,"featured_media":3153,"comment_status":"open","ping_status":"open","sticky":false,"template":"","format":"standard","meta":{"nf_dc_page":"","footnotes":""},"categories":[9],"tags":[],"class_list":["post-3150","post","type-post","status-publish","format-standard","has-post-thumbnail","hentry","category-noticias"],"_links":{"self":[{"href":"https:\/\/emasaitabuna.com.br\/new\/wp-json\/wp\/v2\/posts\/3150","targetHints":{"allow":["GET"]}}],"collection":[{"href":"https:\/\/emasaitabuna.com.br\/new\/wp-json\/wp\/v2\/posts"}],"about":[{"href":"https:\/\/emasaitabuna.com.br\/new\/wp-json\/wp\/v2\/types\/post"}],"author":[{"embeddable":true,"href":"https:\/\/emasaitabuna.com.br\/new\/wp-json\/wp\/v2\/users\/1"}],"replies":[{"embeddable":true,"href":"https:\/\/emasaitabuna.com.br\/new\/wp-json\/wp\/v2\/comments?post=3150"}],"version-history":[{"count":2,"href":"https:\/\/emasaitabuna.com.br\/new\/wp-json\/wp\/v2\/posts\/3150\/revisions"}],"predecessor-version":[{"id":3154,"href":"https:\/\/emasaitabuna.com.br\/new\/wp-json\/wp\/v2\/posts\/3150\/revisions\/3154"}],"wp:featuredmedia":[{"embeddable":true,"href":"https:\/\/emasaitabuna.com.br\/new\/wp-json\/wp\/v2\/media\/3153"}],"wp:attachment":[{"href":"https:\/\/emasaitabuna.com.br\/new\/wp-json\/wp\/v2\/media?parent=3150"}],"wp:term":[{"taxonomy":"category","embeddable":true,"href":"https:\/\/emasaitabuna.com.br\/new\/wp-json\/wp\/v2\/categories?post=3150"},{"taxonomy":"post_tag","embeddable":true,"href":"https:\/\/emasaitabuna.com.br\/new\/wp-json\/wp\/v2\/tags?post=3150"}],"curies":[{"name":"wp","href":"https:\/\/api.w.org\/{rel}","templated":true}]}}