{"id":3159,"date":"2025-04-07T19:36:17","date_gmt":"2025-04-07T22:36:17","guid":{"rendered":"https:\/\/emasaitabuna.com.br\/new\/?p=3159"},"modified":"2025-04-07T19:36:17","modified_gmt":"2025-04-07T22:36:17","slug":"saude-comeca-na-torneira-emasa-destaca-importancia-da-agua-tratada-para-a-qualidade-de-vida-da-populacao","status":"publish","type":"post","link":"https:\/\/emasaitabuna.com.br\/new\/saude-comeca-na-torneira-emasa-destaca-importancia-da-agua-tratada-para-a-qualidade-de-vida-da-populacao\/","title":{"rendered":"Sa\u00fade Come\u00e7a na Torneira: EMASA destaca import\u00e2ncia da \u00e1gua tratada para a qualidade de vida da popula\u00e7\u00e3o"},"content":{"rendered":"<p style=\"text-align: center;\"><img decoding=\"async\" class=\"alignright size-medium wp-image-3160\" src=\"https:\/\/emasaitabuna.com.br\/new\/wp-content\/uploads\/2025\/04\/IMG-20250407-WA0011-500x333.jpg\" alt=\"\" width=\"500\" height=\"333\" srcset=\"https:\/\/emasaitabuna.com.br\/new\/wp-content\/uploads\/2025\/04\/IMG-20250407-WA0011-200x133.jpg 200w, https:\/\/emasaitabuna.com.br\/new\/wp-content\/uploads\/2025\/04\/IMG-20250407-WA0011-300x200.jpg 300w, https:\/\/emasaitabuna.com.br\/new\/wp-content\/uploads\/2025\/04\/IMG-20250407-WA0011-400x267.jpg 400w, https:\/\/emasaitabuna.com.br\/new\/wp-content\/uploads\/2025\/04\/IMG-20250407-WA0011-500x333.jpg 500w, https:\/\/emasaitabuna.com.br\/new\/wp-content\/uploads\/2025\/04\/IMG-20250407-WA0011-600x400.jpg 600w, https:\/\/emasaitabuna.com.br\/new\/wp-content\/uploads\/2025\/04\/IMG-20250407-WA0011-768x512.jpg 768w, https:\/\/emasaitabuna.com.br\/new\/wp-content\/uploads\/2025\/04\/IMG-20250407-WA0011-800x533.jpg 800w, https:\/\/emasaitabuna.com.br\/new\/wp-content\/uploads\/2025\/04\/IMG-20250407-WA0011-1200x800.jpg 1200w, https:\/\/emasaitabuna.com.br\/new\/wp-content\/uploads\/2025\/04\/IMG-20250407-WA0011-1536x1023.jpg 1536w, https:\/\/emasaitabuna.com.br\/new\/wp-content\/uploads\/2025\/04\/IMG-20250407-WA0011.jpg 1600w\" sizes=\"(max-width: 500px) 100vw, 500px\" \/><\/p>\n<p>No Dia Mundial da Sa\u00fade, celebrado em 7 de abril, a Empresa Municipal de \u00c1guas e Saneamento (EMASA) refor\u00e7a a import\u00e2ncia da \u00e1gua tratada como uma das maiores aliadas da sa\u00fade p\u00fablica. Garantir que a popula\u00e7\u00e3o tenha acesso \u00e0 \u00e1gua pot\u00e1vel \u00e9 um passo fundamental para prevenir doen\u00e7as e promover o bem-estar coletivo.<\/p>\n<p>&nbsp;<\/p>\n<p>Segundo a Organiza\u00e7\u00e3o Mundial da Sa\u00fade, cerca de 80% das enfermidades em pa\u00edses em desenvolvimento est\u00e3o ligadas ao consumo de \u00e1gua contaminada e \u00e0 falta de saneamento b\u00e1sico. Nesse cen\u00e1rio, o trabalho da EMASA vai muito al\u00e9m do abastecimento: envolve monitoramento rigoroso, an\u00e1lise laboratorial e investimento cont\u00ednuo em infraestrutura.<\/p>\n<p>&nbsp;<\/p>\n<p>\u201cGarantir \u00e1gua pot\u00e1vel \u00e9 garantir dignidade, sa\u00fade e qualidade de vida. Cada etapa do nosso processo de tratamento tem como foco proteger a popula\u00e7\u00e3o de riscos sanit\u00e1rios invis\u00edveis, mas perigosos\u201d, afirma o presidente da EMASA, Ivan Maia.<\/p>\n<p>&nbsp;<\/p>\n<p>A analista qu\u00edmica da EMASA, Sandra Santana, explica como esse controle \u00e9 feito na pr\u00e1tica: \u201cObedecemos aos crit\u00e9rios da Portaria 888 de 4 de maio de 2021, que estabelece padr\u00f5es de qualidade bacteriol\u00f3gica e f\u00edsico-qu\u00edmica, desde a entrada da \u00e1gua bruta at\u00e9 a rede de distribui\u00e7\u00e3o. Tamb\u00e9m realizamos an\u00e1lises mensais exigidas por \u00f3rg\u00e3os fiscalizadores como a Vigil\u00e2ncia Sanit\u00e1ria e o Programa Vigi\u00e1gua, com dados alimentando o sistema Sis\u00e1gua, fonte nacional de todos os controles de vigil\u00e2ncia da qualidade da \u00e1gua para consumo humano\u201d, contou.<\/p>\n<p>&nbsp;<\/p>\n<p>Al\u00e9m dos processos laboratoriais e da manuten\u00e7\u00e3o constante da rede, a EMASA tamb\u00e9m investe em grandes projetos para ampliar o acesso \u00e0 \u00e1gua tratada. \u00c9 o caso do Projeto Mais \u00c1gua para a Cidade que \u00e9 o maior investimento em saneamento b\u00e1sico da hist\u00f3ria de Itabuna. O prefeito Augusto Castro (PSD), entregou no dia 13 de mar\u00e7o, a primeira etapa, que atende a dez bairros e parte da zona central, contando com as presen\u00e7as do governador Jer\u00f4nimo Rodrigues e diversas autoridades.<\/p>\n<p>&nbsp;<\/p>\n<p>A segunda etapa do Projeto est\u00e1 em fase de testes e atender\u00e1 a 34 bairros das zonas sul e leste. Al\u00e9m das etapas I e II, o munic\u00edpio j\u00e1 tem alocado recursos no valor de R$ 24 milh\u00f5es, junto \u00e0 Caixa Econ\u00f4mica Federal, atrav\u00e9s do PAC Sele\u00e7\u00f5es, para licitar e iniciar as obras do Projeto Mais \u00c1gua para a Cidade III, que atender\u00e1 os bairros da zona norte, regi\u00f5es do Calif\u00f3rnia, F\u00e1tima, Jo\u00e3o Soares e adjac\u00eancias.<\/p>\n<p>&nbsp;<\/p>\n<p>\u2014&#8212;<\/p>\n<p>Assessoria de Comunica\u00e7\u00e3o Social da EMASA<\/p>\n<p>07\/abril\/2025.<\/p>\n","protected":false},"excerpt":{"rendered":"<p>No Dia Mundial da Sa\u00fade, celebrado em 7 de abril, a Empresa Municipal de \u00c1guas e Saneamento (EMASA) refor\u00e7a a [&hellip;]<\/p>\n","protected":false},"author":1,"featured_media":3160,"comment_status":"open","ping_status":"open","sticky":false,"template":"","format":"standard","meta":{"nf_dc_page":"","footnotes":""},"categories":[9],"tags":[],"class_list":["post-3159","post","type-post","status-publish","format-standard","has-post-thumbnail","hentry","category-noticias"],"_links":{"self":[{"href":"https:\/\/emasaitabuna.com.br\/new\/wp-json\/wp\/v2\/posts\/3159","targetHints":{"allow":["GET"]}}],"collection":[{"href":"https:\/\/emasaitabuna.com.br\/new\/wp-json\/wp\/v2\/posts"}],"about":[{"href":"https:\/\/emasaitabuna.com.br\/new\/wp-json\/wp\/v2\/types\/post"}],"author":[{"embeddable":true,"href":"https:\/\/emasaitabuna.com.br\/new\/wp-json\/wp\/v2\/users\/1"}],"replies":[{"embeddable":true,"href":"https:\/\/emasaitabuna.com.br\/new\/wp-json\/wp\/v2\/comments?post=3159"}],"version-history":[{"count":1,"href":"https:\/\/emasaitabuna.com.br\/new\/wp-json\/wp\/v2\/posts\/3159\/revisions"}],"predecessor-version":[{"id":3161,"href":"https:\/\/emasaitabuna.com.br\/new\/wp-json\/wp\/v2\/posts\/3159\/revisions\/3161"}],"wp:featuredmedia":[{"embeddable":true,"href":"https:\/\/emasaitabuna.com.br\/new\/wp-json\/wp\/v2\/media\/3160"}],"wp:attachment":[{"href":"https:\/\/emasaitabuna.com.br\/new\/wp-json\/wp\/v2\/media?parent=3159"}],"wp:term":[{"taxonomy":"category","embeddable":true,"href":"https:\/\/emasaitabuna.com.br\/new\/wp-json\/wp\/v2\/categories?post=3159"},{"taxonomy":"post_tag","embeddable":true,"href":"https:\/\/emasaitabuna.com.br\/new\/wp-json\/wp\/v2\/tags?post=3159"}],"curies":[{"name":"wp","href":"https:\/\/api.w.org\/{rel}","templated":true}]}}