{"id":3188,"date":"2025-04-15T10:28:55","date_gmt":"2025-04-15T13:28:55","guid":{"rendered":"https:\/\/emasaitabuna.com.br\/new\/?p=3188"},"modified":"2025-04-15T10:28:55","modified_gmt":"2025-04-15T13:28:55","slug":"colaboradores-da-emasa-participam-do-6o-seminario-nacional-de-estatais-em-brasilia","status":"publish","type":"post","link":"https:\/\/emasaitabuna.com.br\/new\/colaboradores-da-emasa-participam-do-6o-seminario-nacional-de-estatais-em-brasilia\/","title":{"rendered":"Colaboradores da EMASA participam do 6\u00ba Semin\u00e1rio Nacional de Estatais em Bras\u00edlia"},"content":{"rendered":"<p><img decoding=\"async\" class=\"alignright size-medium wp-image-3189\" src=\"https:\/\/emasaitabuna.com.br\/new\/wp-content\/uploads\/2025\/04\/Screenshot_2025-04-15-10-25-33-539_com.whatsapp-edit-500x314.jpg\" alt=\"\" width=\"500\" height=\"314\" srcset=\"https:\/\/emasaitabuna.com.br\/new\/wp-content\/uploads\/2025\/04\/Screenshot_2025-04-15-10-25-33-539_com.whatsapp-edit-200x126.jpg 200w, https:\/\/emasaitabuna.com.br\/new\/wp-content\/uploads\/2025\/04\/Screenshot_2025-04-15-10-25-33-539_com.whatsapp-edit-300x188.jpg 300w, https:\/\/emasaitabuna.com.br\/new\/wp-content\/uploads\/2025\/04\/Screenshot_2025-04-15-10-25-33-539_com.whatsapp-edit-320x202.jpg 320w, https:\/\/emasaitabuna.com.br\/new\/wp-content\/uploads\/2025\/04\/Screenshot_2025-04-15-10-25-33-539_com.whatsapp-edit-400x251.jpg 400w, https:\/\/emasaitabuna.com.br\/new\/wp-content\/uploads\/2025\/04\/Screenshot_2025-04-15-10-25-33-539_com.whatsapp-edit-500x314.jpg 500w, https:\/\/emasaitabuna.com.br\/new\/wp-content\/uploads\/2025\/04\/Screenshot_2025-04-15-10-25-33-539_com.whatsapp-edit-600x377.jpg 600w, https:\/\/emasaitabuna.com.br\/new\/wp-content\/uploads\/2025\/04\/Screenshot_2025-04-15-10-25-33-539_com.whatsapp-edit-700x441.jpg 700w, https:\/\/emasaitabuna.com.br\/new\/wp-content\/uploads\/2025\/04\/Screenshot_2025-04-15-10-25-33-539_com.whatsapp-edit-768x482.jpg 768w, https:\/\/emasaitabuna.com.br\/new\/wp-content\/uploads\/2025\/04\/Screenshot_2025-04-15-10-25-33-539_com.whatsapp-edit-800x502.jpg 800w, https:\/\/emasaitabuna.com.br\/new\/wp-content\/uploads\/2025\/04\/Screenshot_2025-04-15-10-25-33-539_com.whatsapp-edit.jpg 925w\" sizes=\"(max-width: 500px) 100vw, 500px\" \/><\/p>\n<p>A Empresa Municipal de \u00c1guas e Saneamento (EMASA) est\u00e1 representada no 6\u00ba Semin\u00e1rio Nacional das Estatais, que acontece de 14 a 16 de abril, em Bras\u00edlia\/DF. O evento re\u00fane especialistas renomados de todo o pa\u00eds e \u00e9 considerado o maior ciclo de capacita\u00e7\u00e3o voltado \u00e0s empresas estatais do Brasil.<\/p>\n<p>O grupo do Setor de Licita\u00e7\u00f5es e Contratos da EMASA participante do semin\u00e1rio \u00e9 formado por Leandro Ferreira Souza Lima (Pregoeiro), Let\u00edcia Sousa Cunha (Encarregada de Procedimentos Licitat\u00f3rios) e Ruy Corr\u00eaa Soares J\u00fanior (Chefe do Setor de Licita\u00e7\u00f5es e Contratos Administrativos).<\/p>\n<p>Para o presidente da EMASA, Ivan Maia, a presen\u00e7a dos colaboradores no evento refor\u00e7a o compromisso da empresa com a qualifica\u00e7\u00e3o t\u00e9cnica de seus profissionais. \u201c\u00c9 fundamental a presen\u00e7a da nossa equipe no semin\u00e1rio, uma vez que estamos visando \u00e0 melhoria cont\u00ednua dos processos internos, maior efici\u00eancia na gest\u00e3o contratual e seguran\u00e7a jur\u00eddica nas contrata\u00e7\u00f5es p\u00fablicas\u201d, pontuou.<\/p>\n<p>Segundo Ruy Corr\u00eaa Soares J\u00fanior, o Semin\u00e1rio representa uma oportunidade estrat\u00e9gica para o desenvolvimento institucional da EMASA: \u201cParticipar deste curso \u00e9 uma oportunidade \u00fanica de aprimorar compet\u00eancias frente \u00e0 complexidade do regime jur\u00eddico das Estatais. S\u00e3o tr\u00eas dias intensos de aprendizado com os maiores especialistas do pa\u00eds. O Semin\u00e1rio Nacional das Estatais proporciona imers\u00e3o completa em pr\u00e1ticas modernas de licita\u00e7\u00e3o e contrata\u00e7\u00e3o p\u00fablica atrav\u00e9s da an\u00e1lise da Lei 13.303\/16, bem como da nova Lei de Licita\u00e7\u00f5es 14.133\/21. Ter a oportunidade de estar presente neste evento permite acesso a conte\u00fado exclusivo, troca de experi\u00eancias e networking de alto n\u00edvel. A capacita\u00e7\u00e3o \u00e9 essencial para garantir seguran\u00e7a jur\u00eddica, efici\u00eancia administrativa e excel\u00eancia na gest\u00e3o contratual. Trata-se de um investimento estrat\u00e9gico para agentes p\u00fablicos que buscam excel\u00eancia\u201d, destacou.<\/p>\n<p>A programa\u00e7\u00e3o do semin\u00e1rio inclui temas cruciais como: gest\u00e3o de riscos e impactos nos contratos, regulamenta\u00e7\u00f5es espec\u00edficas das estatais, planejamento de contrata\u00e7\u00f5es, contrata\u00e7\u00e3o de servi\u00e7os cont\u00ednuos, registro de pre\u00e7os, efici\u00eancia contratual, al\u00e9m da an\u00e1lise comparativa entre as legisla\u00e7\u00f5es vigentes. A agenda tamb\u00e9m conta com o talk show \u201cAn\u00e1lise hist\u00f3rica: est\u00e3o as estatais aproveitando satisfatoriamente sua legisla\u00e7\u00e3o pr\u00f3pria?\u201d, e a entrega do Pr\u00eamio + Gest\u00e3o Estatal.<\/p>\n<p>A participa\u00e7\u00e3o da EMASA reafirma o esfor\u00e7o da atual gest\u00e3o do prefeito Augusto Castro (PSD) em investir na forma\u00e7\u00e3o cont\u00ednua de seus quadros t\u00e9cnicos, fortalecendo a governan\u00e7a p\u00fablica, aprimorando os processos licitat\u00f3rios e assegurando melhores resultados \u00e0 popula\u00e7\u00e3o de Itabuna.<\/p>\n<p>\u2014&#8211;<br \/>\nAssessoria de Comunica\u00e7\u00e3o Social da EMASA.<br \/>\n15\/abril\/2025.<\/p>\n","protected":false},"excerpt":{"rendered":"<p>A Empresa Municipal de \u00c1guas e Saneamento (EMASA) est\u00e1 representada no 6\u00ba Semin\u00e1rio Nacional das Estatais, que acontece de 14 [&hellip;]<\/p>\n","protected":false},"author":1,"featured_media":3189,"comment_status":"open","ping_status":"open","sticky":false,"template":"","format":"standard","meta":{"nf_dc_page":"","footnotes":""},"categories":[9],"tags":[],"class_list":["post-3188","post","type-post","status-publish","format-standard","has-post-thumbnail","hentry","category-noticias"],"_links":{"self":[{"href":"https:\/\/emasaitabuna.com.br\/new\/wp-json\/wp\/v2\/posts\/3188","targetHints":{"allow":["GET"]}}],"collection":[{"href":"https:\/\/emasaitabuna.com.br\/new\/wp-json\/wp\/v2\/posts"}],"about":[{"href":"https:\/\/emasaitabuna.com.br\/new\/wp-json\/wp\/v2\/types\/post"}],"author":[{"embeddable":true,"href":"https:\/\/emasaitabuna.com.br\/new\/wp-json\/wp\/v2\/users\/1"}],"replies":[{"embeddable":true,"href":"https:\/\/emasaitabuna.com.br\/new\/wp-json\/wp\/v2\/comments?post=3188"}],"version-history":[{"count":1,"href":"https:\/\/emasaitabuna.com.br\/new\/wp-json\/wp\/v2\/posts\/3188\/revisions"}],"predecessor-version":[{"id":3190,"href":"https:\/\/emasaitabuna.com.br\/new\/wp-json\/wp\/v2\/posts\/3188\/revisions\/3190"}],"wp:featuredmedia":[{"embeddable":true,"href":"https:\/\/emasaitabuna.com.br\/new\/wp-json\/wp\/v2\/media\/3189"}],"wp:attachment":[{"href":"https:\/\/emasaitabuna.com.br\/new\/wp-json\/wp\/v2\/media?parent=3188"}],"wp:term":[{"taxonomy":"category","embeddable":true,"href":"https:\/\/emasaitabuna.com.br\/new\/wp-json\/wp\/v2\/categories?post=3188"},{"taxonomy":"post_tag","embeddable":true,"href":"https:\/\/emasaitabuna.com.br\/new\/wp-json\/wp\/v2\/tags?post=3188"}],"curies":[{"name":"wp","href":"https:\/\/api.w.org\/{rel}","templated":true}]}}