{"id":3279,"date":"2025-04-29T20:06:41","date_gmt":"2025-04-29T23:06:41","guid":{"rendered":"https:\/\/emasaitabuna.com.br\/new\/?p=3279"},"modified":"2025-04-29T20:14:52","modified_gmt":"2025-04-29T23:14:52","slug":"dores-do-jardim-cordier-celebram-inicio-das-obras-de-agua-e-esgoto-apos-mais-de-15-anos-de-espera","status":"publish","type":"post","link":"https:\/\/emasaitabuna.com.br\/new\/dores-do-jardim-cordier-celebram-inicio-das-obras-de-agua-e-esgoto-apos-mais-de-15-anos-de-espera\/","title":{"rendered":"Moradores do Jardim Cordier celebram in\u00edcio das obras de \u00e1gua e esgoto ap\u00f3s mais de 15 anos de espera"},"content":{"rendered":"<div id=\"attachment_3280\" style=\"width: 510px\" class=\"wp-caption aligncenter\"><img decoding=\"async\" aria-describedby=\"caption-attachment-3280\" class=\"wp-image-3280 size-medium\" src=\"https:\/\/emasaitabuna.com.br\/new\/wp-content\/uploads\/2025\/04\/IMG-20250429-WA0014-500x333.jpg\" alt=\"\" width=\"500\" height=\"333\" srcset=\"https:\/\/emasaitabuna.com.br\/new\/wp-content\/uploads\/2025\/04\/IMG-20250429-WA0014-200x133.jpg 200w, https:\/\/emasaitabuna.com.br\/new\/wp-content\/uploads\/2025\/04\/IMG-20250429-WA0014-300x200.jpg 300w, https:\/\/emasaitabuna.com.br\/new\/wp-content\/uploads\/2025\/04\/IMG-20250429-WA0014-400x267.jpg 400w, https:\/\/emasaitabuna.com.br\/new\/wp-content\/uploads\/2025\/04\/IMG-20250429-WA0014-500x333.jpg 500w, https:\/\/emasaitabuna.com.br\/new\/wp-content\/uploads\/2025\/04\/IMG-20250429-WA0014-600x400.jpg 600w, https:\/\/emasaitabuna.com.br\/new\/wp-content\/uploads\/2025\/04\/IMG-20250429-WA0014-768x512.jpg 768w, https:\/\/emasaitabuna.com.br\/new\/wp-content\/uploads\/2025\/04\/IMG-20250429-WA0014-800x533.jpg 800w, https:\/\/emasaitabuna.com.br\/new\/wp-content\/uploads\/2025\/04\/IMG-20250429-WA0014-1200x800.jpg 1200w, https:\/\/emasaitabuna.com.br\/new\/wp-content\/uploads\/2025\/04\/IMG-20250429-WA0014-1536x1023.jpg 1536w, https:\/\/emasaitabuna.com.br\/new\/wp-content\/uploads\/2025\/04\/IMG-20250429-WA0014.jpg 1600w\" sizes=\"(max-width: 500px) 100vw, 500px\" \/><p id=\"caption-attachment-3280\" class=\"wp-caption-text\">EMASA inicia obras das redes de \u00e1gua e esgoto, que ir\u00e3o mudar a realidade dos moradores do Loteamento Jardim Cordier.<\/p><\/div>\n<p>Na \u00faltima sexta-feira (25), come\u00e7aram oficialmente as obras de implanta\u00e7\u00e3o das redes de \u00e1gua e esgoto no Loteamento Jardim Cordier, localizado no Bairro Novo Ja\u00e7an\u00e3. A iniciativa, liderada pela Empresa Municipal de \u00c1guas e Saneamento (EMASA), \u00e9 a primeira do tipo na hist\u00f3ria do bairro e representa uma transforma\u00e7\u00e3o aguardada h\u00e1 mais de uma d\u00e9cada pelos moradores da comunidade.<\/p>\n<p>Com investimento de R$ 357 mil provenientes da pr\u00f3pria EMASA, a obra prev\u00ea a instala\u00e7\u00e3o de 1,5 mil metros de redes de \u00e1gua e esgoto, abrangendo liga\u00e7\u00f5es domiciliares e intradomiciliares. A a\u00e7\u00e3o vai n\u00e3o apenas melhorar a qualidade de vida dos moradores, mas tamb\u00e9m valorizar os im\u00f3veis da regi\u00e3o. \u201cOper\u00e1rios e m\u00e1quinas da EMASA j\u00e1 est\u00e3o no Jardim Cordier realizando as obras que moradores dessa localidade tanto almejavam\u201d, afirmou o presidente da empresa, Ivan Maia.<\/p>\n<p>Morador do bairro h\u00e1 oito anos, o estudante Mateus Cerqueira Vieira comemorou a chegada das obras. \u201cEu acho muito bom, porque antes, a gente tinha que fazer fossa s\u00e9ptica. E tamb\u00e9m a quest\u00e3o da \u00e1gua, porque sempre usamos caminh\u00e3o-pipa ou coletava \u00e1gua da chuva. A \u00e1gua mesmo n\u00e3o chegava aqui, e agora a realidade ser\u00e1 outra\u201d, relata. Para ele, a mudan\u00e7a vai al\u00e9m da estrutura b\u00e1sica. \u201cCom toda certeza, \u00e9 uma transforma\u00e7\u00e3o. Os vizinhos v\u00e3o come\u00e7ar a construir, vai ter movimenta\u00e7\u00e3o e at\u00e9 valoriza\u00e7\u00e3o dos im\u00f3veis\u201d, conclui.<\/p>\n<p>O Jardim Cordier, implantado h\u00e1 mais de 15 anos, nunca havia recebido obras estruturais de saneamento. Com a ordem de servi\u00e7o assinada pelo prefeito Augusto Castro (PSD), o projeto sai do papel e come\u00e7a a se tornar realidade. A a\u00e7\u00e3o no bairro tamb\u00e9m faz parte de um pacote de obras que inclui a amplia\u00e7\u00e3o da rede de abastecimento em outras localidades, como o Bairro Novo Lomanto e a comunidade S\u00e3o Crist\u00f3v\u00e3o, no Manoel Le\u00e3o.<\/p>\n<p>&#8212;&#8212;-<\/p>\n<p>Assessoria de Comunica\u00e7\u00e3o Social da EMASA<\/p>\n<p>29\/abril\/2025.<\/p>\n","protected":false},"excerpt":{"rendered":"<p>Na \u00faltima sexta-feira (25), come\u00e7aram oficialmente as obras de implanta\u00e7\u00e3o das redes de \u00e1gua e esgoto no Loteamento Jardim Cordier, [&hellip;]<\/p>\n","protected":false},"author":1,"featured_media":3280,"comment_status":"open","ping_status":"open","sticky":false,"template":"","format":"standard","meta":{"nf_dc_page":"","footnotes":""},"categories":[9],"tags":[],"class_list":["post-3279","post","type-post","status-publish","format-standard","has-post-thumbnail","hentry","category-noticias"],"_links":{"self":[{"href":"https:\/\/emasaitabuna.com.br\/new\/wp-json\/wp\/v2\/posts\/3279","targetHints":{"allow":["GET"]}}],"collection":[{"href":"https:\/\/emasaitabuna.com.br\/new\/wp-json\/wp\/v2\/posts"}],"about":[{"href":"https:\/\/emasaitabuna.com.br\/new\/wp-json\/wp\/v2\/types\/post"}],"author":[{"embeddable":true,"href":"https:\/\/emasaitabuna.com.br\/new\/wp-json\/wp\/v2\/users\/1"}],"replies":[{"embeddable":true,"href":"https:\/\/emasaitabuna.com.br\/new\/wp-json\/wp\/v2\/comments?post=3279"}],"version-history":[{"count":4,"href":"https:\/\/emasaitabuna.com.br\/new\/wp-json\/wp\/v2\/posts\/3279\/revisions"}],"predecessor-version":[{"id":3284,"href":"https:\/\/emasaitabuna.com.br\/new\/wp-json\/wp\/v2\/posts\/3279\/revisions\/3284"}],"wp:featuredmedia":[{"embeddable":true,"href":"https:\/\/emasaitabuna.com.br\/new\/wp-json\/wp\/v2\/media\/3280"}],"wp:attachment":[{"href":"https:\/\/emasaitabuna.com.br\/new\/wp-json\/wp\/v2\/media?parent=3279"}],"wp:term":[{"taxonomy":"category","embeddable":true,"href":"https:\/\/emasaitabuna.com.br\/new\/wp-json\/wp\/v2\/categories?post=3279"},{"taxonomy":"post_tag","embeddable":true,"href":"https:\/\/emasaitabuna.com.br\/new\/wp-json\/wp\/v2\/tags?post=3279"}],"curies":[{"name":"wp","href":"https:\/\/api.w.org\/{rel}","templated":true}]}}