{"id":3285,"date":"2025-04-30T12:04:17","date_gmt":"2025-04-30T15:04:17","guid":{"rendered":"https:\/\/emasaitabuna.com.br\/new\/?p=3285"},"modified":"2025-04-30T12:04:17","modified_gmt":"2025-04-30T15:04:17","slug":"emasa-promove-cafe-da-manha-em-homenagem-ao-dia-do-trabalhador","status":"publish","type":"post","link":"https:\/\/emasaitabuna.com.br\/new\/emasa-promove-cafe-da-manha-em-homenagem-ao-dia-do-trabalhador\/","title":{"rendered":"EMASA promove caf\u00e9 da manh\u00e3 em homenagem ao Dia do Trabalhador"},"content":{"rendered":"<div id=\"attachment_3286\" style=\"width: 510px\" class=\"wp-caption aligncenter\"><img decoding=\"async\" aria-describedby=\"caption-attachment-3286\" class=\"size-medium wp-image-3286\" src=\"https:\/\/emasaitabuna.com.br\/new\/wp-content\/uploads\/2025\/04\/O-prefeito-Augusto-Castro-acompanhado-dos-dirigentes-da-EMASA-falou-sobre-o-Dia-do-Trabalho-e-da-importancia-dos-colaboradores-da-concessionaria-de-saneamento-do-municipio-500x333.jpg\" alt=\"\" width=\"500\" height=\"333\" srcset=\"https:\/\/emasaitabuna.com.br\/new\/wp-content\/uploads\/2025\/04\/O-prefeito-Augusto-Castro-acompanhado-dos-dirigentes-da-EMASA-falou-sobre-o-Dia-do-Trabalho-e-da-importancia-dos-colaboradores-da-concessionaria-de-saneamento-do-municipio-200x133.jpg 200w, https:\/\/emasaitabuna.com.br\/new\/wp-content\/uploads\/2025\/04\/O-prefeito-Augusto-Castro-acompanhado-dos-dirigentes-da-EMASA-falou-sobre-o-Dia-do-Trabalho-e-da-importancia-dos-colaboradores-da-concessionaria-de-saneamento-do-municipio-300x200.jpg 300w, https:\/\/emasaitabuna.com.br\/new\/wp-content\/uploads\/2025\/04\/O-prefeito-Augusto-Castro-acompanhado-dos-dirigentes-da-EMASA-falou-sobre-o-Dia-do-Trabalho-e-da-importancia-dos-colaboradores-da-concessionaria-de-saneamento-do-municipio-400x267.jpg 400w, https:\/\/emasaitabuna.com.br\/new\/wp-content\/uploads\/2025\/04\/O-prefeito-Augusto-Castro-acompanhado-dos-dirigentes-da-EMASA-falou-sobre-o-Dia-do-Trabalho-e-da-importancia-dos-colaboradores-da-concessionaria-de-saneamento-do-municipio-500x333.jpg 500w, https:\/\/emasaitabuna.com.br\/new\/wp-content\/uploads\/2025\/04\/O-prefeito-Augusto-Castro-acompanhado-dos-dirigentes-da-EMASA-falou-sobre-o-Dia-do-Trabalho-e-da-importancia-dos-colaboradores-da-concessionaria-de-saneamento-do-municipio-600x400.jpg 600w, https:\/\/emasaitabuna.com.br\/new\/wp-content\/uploads\/2025\/04\/O-prefeito-Augusto-Castro-acompanhado-dos-dirigentes-da-EMASA-falou-sobre-o-Dia-do-Trabalho-e-da-importancia-dos-colaboradores-da-concessionaria-de-saneamento-do-municipio-768x512.jpg 768w, https:\/\/emasaitabuna.com.br\/new\/wp-content\/uploads\/2025\/04\/O-prefeito-Augusto-Castro-acompanhado-dos-dirigentes-da-EMASA-falou-sobre-o-Dia-do-Trabalho-e-da-importancia-dos-colaboradores-da-concessionaria-de-saneamento-do-municipio-800x533.jpg 800w, https:\/\/emasaitabuna.com.br\/new\/wp-content\/uploads\/2025\/04\/O-prefeito-Augusto-Castro-acompanhado-dos-dirigentes-da-EMASA-falou-sobre-o-Dia-do-Trabalho-e-da-importancia-dos-colaboradores-da-concessionaria-de-saneamento-do-municipio-1200x800.jpg 1200w, https:\/\/emasaitabuna.com.br\/new\/wp-content\/uploads\/2025\/04\/O-prefeito-Augusto-Castro-acompanhado-dos-dirigentes-da-EMASA-falou-sobre-o-Dia-do-Trabalho-e-da-importancia-dos-colaboradores-da-concessionaria-de-saneamento-do-municipio-1536x1023.jpg 1536w, https:\/\/emasaitabuna.com.br\/new\/wp-content\/uploads\/2025\/04\/O-prefeito-Augusto-Castro-acompanhado-dos-dirigentes-da-EMASA-falou-sobre-o-Dia-do-Trabalho-e-da-importancia-dos-colaboradores-da-concessionaria-de-saneamento-do-municipio.jpg 1600w\" sizes=\"(max-width: 500px) 100vw, 500px\" \/><p id=\"caption-attachment-3286\" class=\"wp-caption-text\">O prefeito Augusto Castro, acompanhado dos dirigentes da EMASA, falou sobre o Dia do Trabalho e da import\u00e2ncia dos colaboradores da concession\u00e1ria de saneamento do munic\u00edpio.<\/p><\/div>\n<p>Na manh\u00e3 desta quarta-feira (30), a Empresa Municipal de \u00c1guas e Saneamento (EMASA) realizou um caf\u00e9 da manh\u00e3 especial para celebrar o 1\u00ba de Maio &#8211; Dia do Trabalhador. O encontro aconteceu na Esta\u00e7\u00e3o de Tratamento de \u00c1gua (ETA) e reuniu os funcion\u00e1rios da empresa, al\u00e9m do prefeito de Itabuna, Augusto Castro (PSD) e a diretoria da EMASA.<\/p>\n<p>Durante a homenagem, o prefeito Augusto Castro destacou a import\u00e2ncia de reconhecer e valorizar os servidores da empresa. \u201cO trabalhador \u00e9 a base de qualquer gest\u00e3o eficiente. \u00c9 com respeito, reconhecimento, compromisso e atento \u00e0s condi\u00e7\u00f5es de trabalho que seguimos avan\u00e7ando. A EMASA tem um papel fundamental no dia a dia da cidade, e isso s\u00f3 \u00e9 poss\u00edvel gra\u00e7as \u00e0 dedica\u00e7\u00e3o de cada colaborador\u201d, afirmou.<\/p>\n<p>O presidente da EMASA, Ivan Maia, tamb\u00e9m fez quest\u00e3o de agradecer aos profissionais da empresa pelo empenho di\u00e1rio. \u201cHoje \u00e9 um dia de celebrar aqueles que fazem a diferen\u00e7a com seu trabalho. Voc\u00eas s\u00e3o o nosso principal ativo e merecem toda nossa gratid\u00e3o. Cada esfor\u00e7o de voc\u00eas se reflete no bom servi\u00e7o prestado \u00e0 popula\u00e7\u00e3o de Itabuna\u201d, destacou Maia.<\/p>\n<p>A manh\u00e3 foi marcada por um momento de confraterniza\u00e7\u00e3o, reconhecimento e valoriza\u00e7\u00e3o do corpo funcional, refor\u00e7ando o compromisso da gest\u00e3o municipal com o bem-estar e a motiva\u00e7\u00e3o dos trabalhadores. Tamb\u00e9m estiveram presentes os vereadores Bab\u00e1 Cearense (PP), Thales Silva (Republicanos) e Z\u00e9 Alberto (PSB), os secret\u00e1rios municipais S\u00f4nia Fontes (Infraestrutura e Urbanismo) e Rosivaldo Pinheiro (Educa\u00e7\u00e3o).<\/p>\n<p>Al\u00e9m dos diretores Ronaldo J\u00fanior (Financeiro e Relacionamento), Fernando Duarte (Expans\u00e3o e Opera\u00e7\u00e3o), Jos\u00e9 Silva (Planejamento), Mois\u00e9s Figueiredo (Gest\u00e3o Corporativa) e a procuradora Jur\u00eddica Fabiana Rocha.<\/p>\n<p>\u2014&#8212;<br \/>\nAssessoria de Comunica\u00e7\u00e3o Social da EMASA<br \/>\n30\/abril\/2025.<\/p>\n","protected":false},"excerpt":{"rendered":"<p>Na manh\u00e3 desta quarta-feira (30), a Empresa Municipal de \u00c1guas e Saneamento (EMASA) realizou um caf\u00e9 da manh\u00e3 especial para [&hellip;]<\/p>\n","protected":false},"author":1,"featured_media":3286,"comment_status":"open","ping_status":"open","sticky":false,"template":"","format":"standard","meta":{"nf_dc_page":"","footnotes":""},"categories":[9],"tags":[],"class_list":["post-3285","post","type-post","status-publish","format-standard","has-post-thumbnail","hentry","category-noticias"],"_links":{"self":[{"href":"https:\/\/emasaitabuna.com.br\/new\/wp-json\/wp\/v2\/posts\/3285","targetHints":{"allow":["GET"]}}],"collection":[{"href":"https:\/\/emasaitabuna.com.br\/new\/wp-json\/wp\/v2\/posts"}],"about":[{"href":"https:\/\/emasaitabuna.com.br\/new\/wp-json\/wp\/v2\/types\/post"}],"author":[{"embeddable":true,"href":"https:\/\/emasaitabuna.com.br\/new\/wp-json\/wp\/v2\/users\/1"}],"replies":[{"embeddable":true,"href":"https:\/\/emasaitabuna.com.br\/new\/wp-json\/wp\/v2\/comments?post=3285"}],"version-history":[{"count":1,"href":"https:\/\/emasaitabuna.com.br\/new\/wp-json\/wp\/v2\/posts\/3285\/revisions"}],"predecessor-version":[{"id":3287,"href":"https:\/\/emasaitabuna.com.br\/new\/wp-json\/wp\/v2\/posts\/3285\/revisions\/3287"}],"wp:featuredmedia":[{"embeddable":true,"href":"https:\/\/emasaitabuna.com.br\/new\/wp-json\/wp\/v2\/media\/3286"}],"wp:attachment":[{"href":"https:\/\/emasaitabuna.com.br\/new\/wp-json\/wp\/v2\/media?parent=3285"}],"wp:term":[{"taxonomy":"category","embeddable":true,"href":"https:\/\/emasaitabuna.com.br\/new\/wp-json\/wp\/v2\/categories?post=3285"},{"taxonomy":"post_tag","embeddable":true,"href":"https:\/\/emasaitabuna.com.br\/new\/wp-json\/wp\/v2\/tags?post=3285"}],"curies":[{"name":"wp","href":"https:\/\/api.w.org\/{rel}","templated":true}]}}