{"id":3293,"date":"2025-05-05T16:12:22","date_gmt":"2025-05-05T19:12:22","guid":{"rendered":"https:\/\/emasaitabuna.com.br\/new\/?p=3293"},"modified":"2025-05-05T16:31:46","modified_gmt":"2025-05-05T19:31:46","slug":"emasa-conclui-implantacao-de-rede-de-esgoto-na-rua-nossa-senhora-das-gracas-no-mangabinha","status":"publish","type":"post","link":"https:\/\/emasaitabuna.com.br\/new\/emasa-conclui-implantacao-de-rede-de-esgoto-na-rua-nossa-senhora-das-gracas-no-mangabinha\/","title":{"rendered":"EMASA conclui implanta\u00e7\u00e3o de rede de esgoto na Rua Nossa Senhora das Gra\u00e7as, no Mangabinha"},"content":{"rendered":"<div id=\"attachment_3295\" style=\"width: 291px\" class=\"wp-caption aligncenter\"><img decoding=\"async\" aria-describedby=\"caption-attachment-3295\" class=\"size-medium wp-image-3295\" src=\"https:\/\/emasaitabuna.com.br\/new\/wp-content\/uploads\/2025\/05\/IMG-20250505-WA0011-281x500.jpg\" alt=\"\" width=\"281\" height=\"500\" srcset=\"https:\/\/emasaitabuna.com.br\/new\/wp-content\/uploads\/2025\/05\/IMG-20250505-WA0011-169x300.jpg 169w, https:\/\/emasaitabuna.com.br\/new\/wp-content\/uploads\/2025\/05\/IMG-20250505-WA0011-200x356.jpg 200w, https:\/\/emasaitabuna.com.br\/new\/wp-content\/uploads\/2025\/05\/IMG-20250505-WA0011-281x500.jpg 281w, https:\/\/emasaitabuna.com.br\/new\/wp-content\/uploads\/2025\/05\/IMG-20250505-WA0011-400x711.jpg 400w, https:\/\/emasaitabuna.com.br\/new\/wp-content\/uploads\/2025\/05\/IMG-20250505-WA0011-600x1067.jpg 600w, https:\/\/emasaitabuna.com.br\/new\/wp-content\/uploads\/2025\/05\/IMG-20250505-WA0011-675x1200.jpg 675w, https:\/\/emasaitabuna.com.br\/new\/wp-content\/uploads\/2025\/05\/IMG-20250505-WA0011-768x1365.jpg 768w, https:\/\/emasaitabuna.com.br\/new\/wp-content\/uploads\/2025\/05\/IMG-20250505-WA0011-800x1422.jpg 800w, https:\/\/emasaitabuna.com.br\/new\/wp-content\/uploads\/2025\/05\/IMG-20250505-WA0011-864x1536.jpg 864w, https:\/\/emasaitabuna.com.br\/new\/wp-content\/uploads\/2025\/05\/IMG-20250505-WA0011.jpg 900w\" sizes=\"(max-width: 281px) 100vw, 281px\" \/><p id=\"caption-attachment-3295\" class=\"wp-caption-text\">Oper\u00e1rios da EMASA conclu\u00edram a implanta\u00e7\u00e3o da rede de esgotamento sanit\u00e1rio na Rua Nossa Senhora das Gra\u00e7as, no Mangabinha.<\/p><\/div>\n<p>A Empresa Municipal de \u00c1guas e Saneamento (EMASA) concluiu, no \u00faltimo final de semana, as obras de implanta\u00e7\u00e3o da rede de esgotamento sanit\u00e1rio na Rua Nossa Senhora das Gra\u00e7as, no Bairro Mangabinha. A interven\u00e7\u00e3o faz parte do compromisso da Prefeitura de Itabuna com a melhoria da infraestrutura urbana e das condi\u00e7\u00f5es de vida da popula\u00e7\u00e3o.<\/p>\n<p>A a\u00e7\u00e3o foi iniciada com a implanta\u00e7\u00e3o da rede de \u00e1gua tratada, em prepara\u00e7\u00e3o para o funcionamento do reservat\u00f3rio de tr\u00eas milh\u00f5es de litros do Projeto Mais \u00c1gua para a Cidade, localizado nas proximidades. Na sequ\u00eancia, a EMASA deu in\u00edcio \u00e0 instala\u00e7\u00e3o da rede de esgoto, que agora est\u00e1 finalizada.<\/p>\n<p>Ao todo, foram instalados 220 metros de rede coletora, beneficiando cerca de 40 resid\u00eancias da localidade. Al\u00e9m de garantir mais sa\u00fade e bem-estar aos moradores, a obra contribui para a valoriza\u00e7\u00e3o dos im\u00f3veis da regi\u00e3o.<\/p>\n<p>O presidente da EMASA, Ivan Maia, destacou a import\u00e2ncia do investimento. \u201cConcluir essa etapa \u00e9 motivo de grande satisfa\u00e7\u00e3o. Essa \u00e9 uma entrega que representa dignidade e sa\u00fade para os moradores. Atendemos a uma determina\u00e7\u00e3o do prefeito Augusto Castro (PSD), que tem nos orientado a priorizar obras que transformem a vida das pessoas. Esse \u00e9 o resultado de um trabalho s\u00e9rio, planejado e comprometido com o bem-estar da popula\u00e7\u00e3o de Itabuna\u201d, pontuou.<\/p>\n<p>Com a conclus\u00e3o da obra de esgotamento, a pr\u00f3xima etapa ser\u00e1 coordenada pela Secretaria de Infraestrutura e Urbanismo (SIURB), que iniciar\u00e1 a rede de drenagem e a pavimenta\u00e7\u00e3o da via em concreto asf\u00e1ltico usinado a quente, completando a requalifica\u00e7\u00e3o da rua.<\/p>\n<p>&#8212;&#8212;&#8211;<br \/>\nAssessoria de Comunica\u00e7\u00e3o Social da EMASA<br \/>\n05\/maio\/2025.<\/p>\n","protected":false},"excerpt":{"rendered":"<p>A Empresa Municipal de \u00c1guas e Saneamento (EMASA) concluiu, no \u00faltimo final de semana, as obras de implanta\u00e7\u00e3o da rede [&hellip;]<\/p>\n","protected":false},"author":1,"featured_media":3295,"comment_status":"open","ping_status":"open","sticky":false,"template":"","format":"standard","meta":{"nf_dc_page":"","footnotes":""},"categories":[9],"tags":[],"class_list":["post-3293","post","type-post","status-publish","format-standard","has-post-thumbnail","hentry","category-noticias"],"_links":{"self":[{"href":"https:\/\/emasaitabuna.com.br\/new\/wp-json\/wp\/v2\/posts\/3293","targetHints":{"allow":["GET"]}}],"collection":[{"href":"https:\/\/emasaitabuna.com.br\/new\/wp-json\/wp\/v2\/posts"}],"about":[{"href":"https:\/\/emasaitabuna.com.br\/new\/wp-json\/wp\/v2\/types\/post"}],"author":[{"embeddable":true,"href":"https:\/\/emasaitabuna.com.br\/new\/wp-json\/wp\/v2\/users\/1"}],"replies":[{"embeddable":true,"href":"https:\/\/emasaitabuna.com.br\/new\/wp-json\/wp\/v2\/comments?post=3293"}],"version-history":[{"count":3,"href":"https:\/\/emasaitabuna.com.br\/new\/wp-json\/wp\/v2\/posts\/3293\/revisions"}],"predecessor-version":[{"id":3297,"href":"https:\/\/emasaitabuna.com.br\/new\/wp-json\/wp\/v2\/posts\/3293\/revisions\/3297"}],"wp:featuredmedia":[{"embeddable":true,"href":"https:\/\/emasaitabuna.com.br\/new\/wp-json\/wp\/v2\/media\/3295"}],"wp:attachment":[{"href":"https:\/\/emasaitabuna.com.br\/new\/wp-json\/wp\/v2\/media?parent=3293"}],"wp:term":[{"taxonomy":"category","embeddable":true,"href":"https:\/\/emasaitabuna.com.br\/new\/wp-json\/wp\/v2\/categories?post=3293"},{"taxonomy":"post_tag","embeddable":true,"href":"https:\/\/emasaitabuna.com.br\/new\/wp-json\/wp\/v2\/tags?post=3293"}],"curies":[{"name":"wp","href":"https:\/\/api.w.org\/{rel}","templated":true}]}}