{"id":3306,"date":"2025-05-08T16:46:58","date_gmt":"2025-05-08T19:46:58","guid":{"rendered":"https:\/\/emasaitabuna.com.br\/new\/?p=3306"},"modified":"2025-05-08T16:46:58","modified_gmt":"2025-05-08T19:46:58","slug":"equipe-da-emasa-localiza-doze-ligacoes-irregulares-na-area-da-feira-do-california","status":"publish","type":"post","link":"https:\/\/emasaitabuna.com.br\/new\/equipe-da-emasa-localiza-doze-ligacoes-irregulares-na-area-da-feira-do-california\/","title":{"rendered":"Equipe da EMASA localiza doze liga\u00e7\u00f5es irregulares na \u00e1rea da feira do Calif\u00f3rnia"},"content":{"rendered":"<div id=\"attachment_3308\" style=\"width: 510px\" class=\"wp-caption aligncenter\"><img decoding=\"async\" aria-describedby=\"caption-attachment-3308\" class=\"size-medium wp-image-3308\" src=\"https:\/\/emasaitabuna.com.br\/new\/wp-content\/uploads\/2025\/05\/IMG-20250508-WA0008-500x375.jpg\" alt=\"\" width=\"500\" height=\"375\" srcset=\"https:\/\/emasaitabuna.com.br\/new\/wp-content\/uploads\/2025\/05\/IMG-20250508-WA0008-200x150.jpg 200w, https:\/\/emasaitabuna.com.br\/new\/wp-content\/uploads\/2025\/05\/IMG-20250508-WA0008-300x225.jpg 300w, https:\/\/emasaitabuna.com.br\/new\/wp-content\/uploads\/2025\/05\/IMG-20250508-WA0008-400x300.jpg 400w, https:\/\/emasaitabuna.com.br\/new\/wp-content\/uploads\/2025\/05\/IMG-20250508-WA0008-500x375.jpg 500w, https:\/\/emasaitabuna.com.br\/new\/wp-content\/uploads\/2025\/05\/IMG-20250508-WA0008-600x450.jpg 600w, https:\/\/emasaitabuna.com.br\/new\/wp-content\/uploads\/2025\/05\/IMG-20250508-WA0008-768x576.jpg 768w, https:\/\/emasaitabuna.com.br\/new\/wp-content\/uploads\/2025\/05\/IMG-20250508-WA0008-800x600.jpg 800w, https:\/\/emasaitabuna.com.br\/new\/wp-content\/uploads\/2025\/05\/IMG-20250508-WA0008-1200x900.jpg 1200w, https:\/\/emasaitabuna.com.br\/new\/wp-content\/uploads\/2025\/05\/IMG-20250508-WA0008-1536x1152.jpg 1536w\" sizes=\"(max-width: 500px) 100vw, 500px\" \/><p id=\"caption-attachment-3308\" class=\"wp-caption-text\">Opera\u00e7\u00e3o no Bairro Calif\u00f3rnia identifica 12 liga\u00e7\u00f5es clandestinas.<\/p><\/div>\n<p>Em uma a\u00e7\u00e3o realizada por uma das equipes da Ger\u00eancia Comercial da Empresa Municipal de \u00c1guas e Saneamento (EMASA) na \u00e1rea da feira do Bairro Calif\u00f3rnia, que passa por obras de reformas e em seu entorno, foram identificados 12 pontos de liga\u00e7\u00f5es clandestinas de \u00e1gua, popularmente conhecidos como \u201cgatos\u201d, que abasteciam pontos comerciais e tamb\u00e9m im\u00f3veis vizinhos.<\/p>\n<p>Segundo o encarregado de cortes da EMASA, Caio Maciel, as liga\u00e7\u00f5es irregulares foram removidas e os propriet\u00e1rios dos im\u00f3veis autuados.<\/p>\n<p>\u201cFoi solicitado o comparecimento dos respons\u00e1veis pelos estabelecimentos comerciais e resid\u00eancias ao Escrit\u00f3rio de Atendimento ao Cliente para que a situa\u00e7\u00e3o seja regularizada e tomem conhecimento das penalidades\u201d, afirma.<\/p>\n<p>O supervisor de campo Jeinei Vieira destaca que esse tipo de conduta interfere no fornecimento de \u00e1gua e tamb\u00e9m na qualidade do servi\u00e7o prestado pela EMASA aos seus clientes.<\/p>\n<p>\u201cTrabalhamos a conscientiza\u00e7\u00e3o das pessoas que cometem esse tipo de infra\u00e7\u00e3o. Quem faz o uso da \u00e1gua tratada de forma clandestina, n\u00e3o tem a preocupa\u00e7\u00e3o com o consumo consciente, prejudica a empresa e principalmente aqueles que pagam suas contas\u201d, protesta Vieira.<\/p>\n<p>J\u00e1 o gerente Comercial da EMASA Anderson Alves lembra que o \u201cgato de \u00e1gua\u201d \u00e9 considerado crime e enquadrado como furto qualificado no C\u00f3digo Penal Brasileiro, com pena de reclus\u00e3o de 2 a 8 anos e multa.<\/p>\n<p>\u201cQuem comentem esse tipo de infra\u00e7\u00e3o, tem que est\u00e1 ciente que pode responder criminalmente. A liga\u00e7\u00e3o clandestina de \u00e1gua \u00e9 crime e como todo crime tem suas penalidades\u201d, adverte o gerente Comercial da EMASA, Anderson Alves.<\/p>\n<p>\u201cA EMASA vai manter uma equipe de plant\u00e3o para atender \u00e0s demandas da obra de requalifica\u00e7\u00e3o da feira do Calif\u00f3rnia e tamb\u00e9m para identificar novos casos de liga\u00e7\u00f5es clandestinas\u201d, finaliza Alves.<\/p>\n<p>&#8212;&#8212;<br \/>\nAssessoria de Comunica\u00e7\u00e3o Social da EMASA<br \/>\n08\/maio\/2025.<\/p>\n","protected":false},"excerpt":{"rendered":"<p>Em uma a\u00e7\u00e3o realizada por uma das equipes da Ger\u00eancia Comercial da Empresa Municipal de \u00c1guas e Saneamento (EMASA) na [&hellip;]<\/p>\n","protected":false},"author":1,"featured_media":3308,"comment_status":"open","ping_status":"open","sticky":false,"template":"","format":"standard","meta":{"nf_dc_page":"","footnotes":""},"categories":[9],"tags":[],"class_list":["post-3306","post","type-post","status-publish","format-standard","has-post-thumbnail","hentry","category-noticias"],"_links":{"self":[{"href":"https:\/\/emasaitabuna.com.br\/new\/wp-json\/wp\/v2\/posts\/3306","targetHints":{"allow":["GET"]}}],"collection":[{"href":"https:\/\/emasaitabuna.com.br\/new\/wp-json\/wp\/v2\/posts"}],"about":[{"href":"https:\/\/emasaitabuna.com.br\/new\/wp-json\/wp\/v2\/types\/post"}],"author":[{"embeddable":true,"href":"https:\/\/emasaitabuna.com.br\/new\/wp-json\/wp\/v2\/users\/1"}],"replies":[{"embeddable":true,"href":"https:\/\/emasaitabuna.com.br\/new\/wp-json\/wp\/v2\/comments?post=3306"}],"version-history":[{"count":2,"href":"https:\/\/emasaitabuna.com.br\/new\/wp-json\/wp\/v2\/posts\/3306\/revisions"}],"predecessor-version":[{"id":3309,"href":"https:\/\/emasaitabuna.com.br\/new\/wp-json\/wp\/v2\/posts\/3306\/revisions\/3309"}],"wp:featuredmedia":[{"embeddable":true,"href":"https:\/\/emasaitabuna.com.br\/new\/wp-json\/wp\/v2\/media\/3308"}],"wp:attachment":[{"href":"https:\/\/emasaitabuna.com.br\/new\/wp-json\/wp\/v2\/media?parent=3306"}],"wp:term":[{"taxonomy":"category","embeddable":true,"href":"https:\/\/emasaitabuna.com.br\/new\/wp-json\/wp\/v2\/categories?post=3306"},{"taxonomy":"post_tag","embeddable":true,"href":"https:\/\/emasaitabuna.com.br\/new\/wp-json\/wp\/v2\/tags?post=3306"}],"curies":[{"name":"wp","href":"https:\/\/api.w.org\/{rel}","templated":true}]}}