{"id":3319,"date":"2025-05-14T14:08:46","date_gmt":"2025-05-14T17:08:46","guid":{"rendered":"https:\/\/emasaitabuna.com.br\/new\/?p=3319"},"modified":"2025-05-14T14:09:28","modified_gmt":"2025-05-14T17:09:28","slug":"emasa-devolve-a-embasa-equipamentos-utilizados-no-mais-agua-para-a-cidade","status":"publish","type":"post","link":"https:\/\/emasaitabuna.com.br\/new\/emasa-devolve-a-embasa-equipamentos-utilizados-no-mais-agua-para-a-cidade\/","title":{"rendered":"EMASA devolve a EMBASA equipamentos utilizados no Mais \u00c1gua para a Cidade"},"content":{"rendered":"<div id=\"attachment_3320\" style=\"width: 510px\" class=\"wp-caption aligncenter\"><img decoding=\"async\" aria-describedby=\"caption-attachment-3320\" class=\"wp-image-3320 size-medium\" src=\"https:\/\/emasaitabuna.com.br\/new\/wp-content\/uploads\/2025\/05\/IMG-20250514-WA0062-500x333.jpg\" alt=\"\" width=\"500\" height=\"333\" srcset=\"https:\/\/emasaitabuna.com.br\/new\/wp-content\/uploads\/2025\/05\/IMG-20250514-WA0062-200x133.jpg 200w, https:\/\/emasaitabuna.com.br\/new\/wp-content\/uploads\/2025\/05\/IMG-20250514-WA0062-300x200.jpg 300w, https:\/\/emasaitabuna.com.br\/new\/wp-content\/uploads\/2025\/05\/IMG-20250514-WA0062-400x267.jpg 400w, https:\/\/emasaitabuna.com.br\/new\/wp-content\/uploads\/2025\/05\/IMG-20250514-WA0062-500x333.jpg 500w, https:\/\/emasaitabuna.com.br\/new\/wp-content\/uploads\/2025\/05\/IMG-20250514-WA0062-600x400.jpg 600w, https:\/\/emasaitabuna.com.br\/new\/wp-content\/uploads\/2025\/05\/IMG-20250514-WA0062-768x512.jpg 768w, https:\/\/emasaitabuna.com.br\/new\/wp-content\/uploads\/2025\/05\/IMG-20250514-WA0062-800x533.jpg 800w, https:\/\/emasaitabuna.com.br\/new\/wp-content\/uploads\/2025\/05\/IMG-20250514-WA0062-1200x800.jpg 1200w, https:\/\/emasaitabuna.com.br\/new\/wp-content\/uploads\/2025\/05\/IMG-20250514-WA0062-1536x1023.jpg 1536w, https:\/\/emasaitabuna.com.br\/new\/wp-content\/uploads\/2025\/05\/IMG-20250514-WA0062.jpg 1600w\" sizes=\"(max-width: 500px) 100vw, 500px\" \/><p id=\"caption-attachment-3320\" class=\"wp-caption-text\">Equipamentos tomados por empr\u00e9stimo pela EMASA, foram devolvidos a EMBASA.<\/p><\/div>\n<p>Na ter\u00e7a-feira, dia 13, o gerente t\u00e9cnico da EMASA, Jo\u00e3o Bittencourt, esteve na Unidade Regional da EMBASA, em Ilh\u00e9us, realizando a devolu\u00e7\u00e3o de equipamentos tomados de empr\u00e9stimo tempor\u00e1rio para a realiza\u00e7\u00e3o de um servi\u00e7o emergencial pela empresa de saneamento de Itabuna.<\/p>\n<p>Segundo Bittencourt, a EMBASA cedeu por empr\u00e9stimo duas juntas de desmonte de 200 mil\u00edmetros e um T\u00ea de 400 mil\u00edmetros que foram utilizados no reparo de uma rede adutora que comp\u00f5e o Projeto Mais \u00c1gua para a Cidade.<\/p>\n<p>\u201cTivemos que realizar uma a\u00e7\u00e3o emergencial de reparos na rede do Mais \u00c1gua, que atende o reservat\u00f3rio de 5 milh\u00f5es de litros de \u00e1gua e serve a zona sul da cidade. N\u00e3o disp\u00fanhamos dos citados equipamentos, pois houve atraso na entrega por parte do fornecedor. Ent\u00e3o, buscamos o apoio e fomos atendidos prontamente pela Unidade da EMBASA, em Ilh\u00e9us\u201d, disse.<\/p>\n<p>O gerente Jo\u00e3o Bittencourt estava acompanhado pelo coordenador de Rede de Distribui\u00e7\u00e3o de \u00c1gua, Roberto Alves, tendo sido recepcionados pelo monitor de servi\u00e7o da Unidade da EMBASA Ilh\u00e9us, Arivaldo Fontes.<\/p>\n<p>Ele lembrou que a rela\u00e7\u00e3o de coopera\u00e7\u00e3o entre as duas empresas de saneamento \u00e9 bastante antiga. \u201cEssa parceria entre a EMBASA e EMASA vem de muitos anos e \u00e9 uma via de m\u00e3o dupla. Volta e meia uma das empresas socorre a outra\u201d, afirmou Fontes.<\/p>\n<p>O presidente da EMASA, Ivan Maia afirmou que a empresa est\u00e1 \u00e0 disposi\u00e7\u00e3o para atender e colaborar no que for poss\u00edvel com as unidades da EMBASA, tanto em Ilh\u00e9us, quanto em Itabuna.<\/p>\n<p>\u201cAcreditamos que saneamento se faz com coopera\u00e7\u00e3o, estamos sempre prontos tamb\u00e9m para atender aos colegas das unidades da EMBASA aqui na regi\u00e3o naquilo que for poss\u00edvel. S\u00e3o duas empresas que prestam servi\u00e7os imprescind\u00edveis e essa parceria \u00e9 muito importante\u201d, assegurou Maia.<\/p>\n<p>&#8212;-<\/p>\n<p>Assessoria de Comunica\u00e7\u00e3o Social da EMASA<\/p>\n<p>14\/maio\/2025.<\/p>\n","protected":false},"excerpt":{"rendered":"<p>Na ter\u00e7a-feira, dia 13, o gerente t\u00e9cnico da EMASA, Jo\u00e3o Bittencourt, esteve na Unidade Regional da EMBASA, em Ilh\u00e9us, realizando [&hellip;]<\/p>\n","protected":false},"author":1,"featured_media":3320,"comment_status":"open","ping_status":"open","sticky":false,"template":"","format":"standard","meta":{"nf_dc_page":"","footnotes":""},"categories":[9],"tags":[],"class_list":["post-3319","post","type-post","status-publish","format-standard","has-post-thumbnail","hentry","category-noticias"],"_links":{"self":[{"href":"https:\/\/emasaitabuna.com.br\/new\/wp-json\/wp\/v2\/posts\/3319","targetHints":{"allow":["GET"]}}],"collection":[{"href":"https:\/\/emasaitabuna.com.br\/new\/wp-json\/wp\/v2\/posts"}],"about":[{"href":"https:\/\/emasaitabuna.com.br\/new\/wp-json\/wp\/v2\/types\/post"}],"author":[{"embeddable":true,"href":"https:\/\/emasaitabuna.com.br\/new\/wp-json\/wp\/v2\/users\/1"}],"replies":[{"embeddable":true,"href":"https:\/\/emasaitabuna.com.br\/new\/wp-json\/wp\/v2\/comments?post=3319"}],"version-history":[{"count":2,"href":"https:\/\/emasaitabuna.com.br\/new\/wp-json\/wp\/v2\/posts\/3319\/revisions"}],"predecessor-version":[{"id":3322,"href":"https:\/\/emasaitabuna.com.br\/new\/wp-json\/wp\/v2\/posts\/3319\/revisions\/3322"}],"wp:featuredmedia":[{"embeddable":true,"href":"https:\/\/emasaitabuna.com.br\/new\/wp-json\/wp\/v2\/media\/3320"}],"wp:attachment":[{"href":"https:\/\/emasaitabuna.com.br\/new\/wp-json\/wp\/v2\/media?parent=3319"}],"wp:term":[{"taxonomy":"category","embeddable":true,"href":"https:\/\/emasaitabuna.com.br\/new\/wp-json\/wp\/v2\/categories?post=3319"},{"taxonomy":"post_tag","embeddable":true,"href":"https:\/\/emasaitabuna.com.br\/new\/wp-json\/wp\/v2\/tags?post=3319"}],"curies":[{"name":"wp","href":"https:\/\/api.w.org\/{rel}","templated":true}]}}