{"id":3340,"date":"2025-05-20T16:45:42","date_gmt":"2025-05-20T19:45:42","guid":{"rendered":"https:\/\/emasaitabuna.com.br\/new\/?p=3340"},"modified":"2025-05-20T16:46:50","modified_gmt":"2025-05-20T19:46:50","slug":"emasa-celebra-convenio-de-cooperacao-tecnica-com-a-unex-para-capacitacao-dos-colaboradores","status":"publish","type":"post","link":"https:\/\/emasaitabuna.com.br\/new\/emasa-celebra-convenio-de-cooperacao-tecnica-com-a-unex-para-capacitacao-dos-colaboradores\/","title":{"rendered":"EMASA celebra conv\u00eanio de coopera\u00e7\u00e3o t\u00e9cnica com a UNEX para capacita\u00e7\u00e3o dos colaboradores"},"content":{"rendered":"<div id=\"attachment_3341\" style=\"width: 510px\" class=\"wp-caption aligncenter\"><img decoding=\"async\" aria-describedby=\"caption-attachment-3341\" class=\"wp-image-3341 size-medium\" src=\"https:\/\/emasaitabuna.com.br\/new\/wp-content\/uploads\/2025\/05\/IMG-20250520-WA0005-500x375.jpg\" alt=\"\" width=\"500\" height=\"375\" srcset=\"https:\/\/emasaitabuna.com.br\/new\/wp-content\/uploads\/2025\/05\/IMG-20250520-WA0005-200x150.jpg 200w, https:\/\/emasaitabuna.com.br\/new\/wp-content\/uploads\/2025\/05\/IMG-20250520-WA0005-300x225.jpg 300w, https:\/\/emasaitabuna.com.br\/new\/wp-content\/uploads\/2025\/05\/IMG-20250520-WA0005-400x300.jpg 400w, https:\/\/emasaitabuna.com.br\/new\/wp-content\/uploads\/2025\/05\/IMG-20250520-WA0005-500x375.jpg 500w, https:\/\/emasaitabuna.com.br\/new\/wp-content\/uploads\/2025\/05\/IMG-20250520-WA0005-600x450.jpg 600w, https:\/\/emasaitabuna.com.br\/new\/wp-content\/uploads\/2025\/05\/IMG-20250520-WA0005-768x576.jpg 768w, https:\/\/emasaitabuna.com.br\/new\/wp-content\/uploads\/2025\/05\/IMG-20250520-WA0005-800x600.jpg 800w, https:\/\/emasaitabuna.com.br\/new\/wp-content\/uploads\/2025\/05\/IMG-20250520-WA0005-1200x900.jpg 1200w, https:\/\/emasaitabuna.com.br\/new\/wp-content\/uploads\/2025\/05\/IMG-20250520-WA0005-1536x1152.jpg 1536w, https:\/\/emasaitabuna.com.br\/new\/wp-content\/uploads\/2025\/05\/IMG-20250520-WA0005.jpg 1600w\" sizes=\"(max-width: 500px) 100vw, 500px\" \/><p id=\"caption-attachment-3341\" class=\"wp-caption-text\">EMASA e UNEX firmam conv\u00eanio para capacitar quadro de funcion\u00e1rios.<\/p><\/div>\n<p>A Empresa Municipal de \u00c1guas e Saneamento (EMASA) lan\u00e7ar\u00e1 oficialmente na pr\u00f3xima quinta-feira (29), \u00e0s 17h30min, o conv\u00eanio de coopera\u00e7\u00e3o t\u00e9cnica com o Centro Universit\u00e1rio de Excel\u00eancia (UNEX), voltado \u00e0 capacita\u00e7\u00e3o e qualifica\u00e7\u00e3o do quadro de colaboradores da empresa. O evento ser\u00e1 realizado no audit\u00f3rio da sede da UNEX, em Itabuna.<\/p>\n<p>O termo de coopera\u00e7\u00e3o prev\u00ea a realiza\u00e7\u00e3o de atividades acad\u00eamicas, pr\u00e1ticas e de pesquisa, voltadas ao setor de saneamento, com foco na melhoria do atendimento ao p\u00fablico e no desenvolvimento de habilidades comportamentais dos colaboradores. Durante a cerim\u00f4nia de lan\u00e7amento o diretor da UNEX, professor Andr\u00e9 Portnoi, ministrar\u00e1 uma palestra com foco comportamental, dedicada aos colaboradores da \u00e1rea comercial, atendimento ao p\u00fablico e demais setores estrat\u00e9gicos da EMASA.<\/p>\n<p>Segundo o presidente da empresa, Ivan Maia, o conv\u00eanio representa um passo importante na pol\u00edtica de valoriza\u00e7\u00e3o dos empregados. \u201cNossos colaboradores s\u00e3o ativos importantes da EMASA. A parceria com a UNEX, vai nos permitir prepar\u00e1-los melhor para os desafios do atendimento moderno. \u00c9 uma a\u00e7\u00e3o que segue a orienta\u00e7\u00e3o do prefeito Augusto Castro (PSD), voltada \u00e0 valoriza\u00e7\u00e3o das pessoas e \u00e0 melhoria cont\u00ednua dos servi\u00e7os\u201d, afirmou.<\/p>\n<p>O diretor de Opera\u00e7\u00e3o e Expans\u00e3o, Fernando Duarte, destacou que a iniciativa aprimora a qualidade do atendimento. \u201cEsta parceria in\u00e9dita da EMASA com a UNEX, em que celebra conv\u00eanio de coopera\u00e7\u00e3o t\u00e9cnica que tem por objetivo a capacita\u00e7\u00e3o dos nossos colaboradores. \u00c9 de fundamental import\u00e2ncia para melhorarmos a qualidade do nosso atendimento aos usu\u00e1rios e ao p\u00fablico em geral\u201d, destacou.<\/p>\n<p>Para o diretor Financeiro e de Relacionamento, Ronaldo J\u00fanior, investir em capacita\u00e7\u00e3o fortalece o v\u00ednculo entre empresa, colaborador e popula\u00e7\u00e3o. \u201cA melhoria do atendimento come\u00e7a com pessoas bem preparadas e motivadas. Este conv\u00eanio refor\u00e7a nosso compromisso com a excel\u00eancia no relacionamento com o cliente e com a humaniza\u00e7\u00e3o no servi\u00e7o p\u00fablico, pilares fundamentais para a constru\u00e7\u00e3o de uma EMASA mais eficiente e pr\u00f3xima da comunidade\u201d, refor\u00e7ou.<\/p>\n<p>Essa \u00e9 mais uma das iniciativas do atual processo de reestrutura\u00e7\u00e3o institucional da EMASA, que inclui tamb\u00e9m a cria\u00e7\u00e3o da Ouvidoria, a implanta\u00e7\u00e3o da Auditoria Interna, a aprova\u00e7\u00e3o de um novo Estatuto e a elabora\u00e7\u00e3o de um novo Regulamento Interno.<\/p>\n<p>&#8212;&#8211;<br \/>\nAssessoria de Comunica\u00e7\u00e3o Social da EMASA<br \/>\n20\/maio\/2025.<\/p>\n","protected":false},"excerpt":{"rendered":"<p>A Empresa Municipal de \u00c1guas e Saneamento (EMASA) lan\u00e7ar\u00e1 oficialmente na pr\u00f3xima quinta-feira (29), \u00e0s 17h30min, o conv\u00eanio de coopera\u00e7\u00e3o [&hellip;]<\/p>\n","protected":false},"author":1,"featured_media":3341,"comment_status":"open","ping_status":"open","sticky":false,"template":"","format":"standard","meta":{"nf_dc_page":"","footnotes":""},"categories":[9],"tags":[],"class_list":["post-3340","post","type-post","status-publish","format-standard","has-post-thumbnail","hentry","category-noticias"],"_links":{"self":[{"href":"https:\/\/emasaitabuna.com.br\/new\/wp-json\/wp\/v2\/posts\/3340","targetHints":{"allow":["GET"]}}],"collection":[{"href":"https:\/\/emasaitabuna.com.br\/new\/wp-json\/wp\/v2\/posts"}],"about":[{"href":"https:\/\/emasaitabuna.com.br\/new\/wp-json\/wp\/v2\/types\/post"}],"author":[{"embeddable":true,"href":"https:\/\/emasaitabuna.com.br\/new\/wp-json\/wp\/v2\/users\/1"}],"replies":[{"embeddable":true,"href":"https:\/\/emasaitabuna.com.br\/new\/wp-json\/wp\/v2\/comments?post=3340"}],"version-history":[{"count":2,"href":"https:\/\/emasaitabuna.com.br\/new\/wp-json\/wp\/v2\/posts\/3340\/revisions"}],"predecessor-version":[{"id":3343,"href":"https:\/\/emasaitabuna.com.br\/new\/wp-json\/wp\/v2\/posts\/3340\/revisions\/3343"}],"wp:featuredmedia":[{"embeddable":true,"href":"https:\/\/emasaitabuna.com.br\/new\/wp-json\/wp\/v2\/media\/3341"}],"wp:attachment":[{"href":"https:\/\/emasaitabuna.com.br\/new\/wp-json\/wp\/v2\/media?parent=3340"}],"wp:term":[{"taxonomy":"category","embeddable":true,"href":"https:\/\/emasaitabuna.com.br\/new\/wp-json\/wp\/v2\/categories?post=3340"},{"taxonomy":"post_tag","embeddable":true,"href":"https:\/\/emasaitabuna.com.br\/new\/wp-json\/wp\/v2\/tags?post=3340"}],"curies":[{"name":"wp","href":"https:\/\/api.w.org\/{rel}","templated":true}]}}