{"id":3345,"date":"2025-05-22T15:30:09","date_gmt":"2025-05-22T18:30:09","guid":{"rendered":"https:\/\/emasaitabuna.com.br\/new\/?p=3345"},"modified":"2025-05-22T17:30:55","modified_gmt":"2025-05-22T20:30:55","slug":"mangabinha-ganha-nova-praca-com-espaco-de-convivencia-e-de-lazer","status":"publish","type":"post","link":"https:\/\/emasaitabuna.com.br\/new\/mangabinha-ganha-nova-praca-com-espaco-de-convivencia-e-de-lazer\/","title":{"rendered":"Mangabinha ganha nova pra\u00e7a com espa\u00e7o de conviv\u00eancia e de lazer"},"content":{"rendered":"<div id=\"attachment_3346\" style=\"width: 510px\" class=\"wp-caption aligncenter\"><img decoding=\"async\" aria-describedby=\"caption-attachment-3346\" class=\"wp-image-3346 size-medium\" src=\"https:\/\/emasaitabuna.com.br\/new\/wp-content\/uploads\/2025\/05\/IMG-20250522-WA0034-500x365.jpg\" alt=\"\" width=\"500\" height=\"365\" srcset=\"https:\/\/emasaitabuna.com.br\/new\/wp-content\/uploads\/2025\/05\/IMG-20250522-WA0034-200x146.jpg 200w, https:\/\/emasaitabuna.com.br\/new\/wp-content\/uploads\/2025\/05\/IMG-20250522-WA0034-300x219.jpg 300w, https:\/\/emasaitabuna.com.br\/new\/wp-content\/uploads\/2025\/05\/IMG-20250522-WA0034-400x292.jpg 400w, https:\/\/emasaitabuna.com.br\/new\/wp-content\/uploads\/2025\/05\/IMG-20250522-WA0034-500x365.jpg 500w, https:\/\/emasaitabuna.com.br\/new\/wp-content\/uploads\/2025\/05\/IMG-20250522-WA0034-600x438.jpg 600w, https:\/\/emasaitabuna.com.br\/new\/wp-content\/uploads\/2025\/05\/IMG-20250522-WA0034-768x561.jpg 768w, https:\/\/emasaitabuna.com.br\/new\/wp-content\/uploads\/2025\/05\/IMG-20250522-WA0034-800x584.jpg 800w, https:\/\/emasaitabuna.com.br\/new\/wp-content\/uploads\/2025\/05\/IMG-20250522-WA0034.jpg 996w\" sizes=\"(max-width: 500px) 100vw, 500px\" \/><p id=\"caption-attachment-3346\" class=\"wp-caption-text\">Projeto da Pra\u00e7a da EMASA, que ser\u00e1 constru\u00edda no Bairro Mangabinha<\/p><\/div>\n<p>A comunidade do bairro Mangabinha, em Itabuna, vai ganhar um novo espa\u00e7o de lazer: a Pra\u00e7a da EMASA. A antiga pra\u00e7a onde se localiza uma esta\u00e7\u00e3o elevat\u00f3ria do Sistema de Esgotamento Sanit\u00e1rio (SES) ser\u00e1 reformada como contrapartida do Empreendimento Vog Grapi\u00fana das empresas E2 Engenharia e Souza Gomes &amp; Gr\u00e1fico Empreendimentos. A assinatura da ordem de servi\u00e7o est\u00e1 marcada para o dia 28 de maio, \u00e0s 10h.<\/p>\n<p>Localizada entre as ruas Zildolina, Alto Brasileiro e Berilo Guimar\u00e3es, a pra\u00e7a receber\u00e1 esse nome por proposta do vereador Bruno Bileco (PSB), aprovada na C\u00e2mara Municipal com relatoria do vereador Adilson Z\u00f3i (Avante). O nome \u00e9 uma homenagem \u00e0 EMASA, que possui uma esta\u00e7\u00e3o de esgotamento sanit\u00e1rio instalada no local. A escolha do nome tamb\u00e9m foi fruto de consulta p\u00fablica realizada com os moradores da \u00e1rea.<\/p>\n<p>De acordo com o presidente da EMASA, Ivan Maia, a constru\u00e7\u00e3o da pra\u00e7a representa n\u00e3o apenas um ganho urban\u00edstico, mas tamb\u00e9m o reconhecimento da presen\u00e7a hist\u00f3rica da empresa no bairro. \u201cA Pra\u00e7a da EMASA ser\u00e1 um marco de valoriza\u00e7\u00e3o para a comunidade e um s\u00edmbolo do nosso compromisso com a cidade. \u00c9 gratificante ver um espa\u00e7o esquecido sendo transformado em benef\u00edcio para a popula\u00e7\u00e3o, especialmente em um local onde a empresa atua diretamente com sua infraestrutura\u201d, afirmou.<\/p>\n<p>Para o gerente de Saneamento da EMASA, Tauan Sampaio, a reforma da pra\u00e7a \u00e9 uma a\u00e7\u00e3o que busca fortalecer a rela\u00e7\u00e3o da popula\u00e7\u00e3o com a cidade e com a sua infraestrutura, notadamente o SES. \u201cNosso objetivo ao incluir essa contrapartida no conv\u00eanio foi justamente despertar na popula\u00e7\u00e3o a consci\u00eancia da import\u00e2ncia do SES e da unidade que o comp\u00f5em. Ao ocupar o espa\u00e7o com uma pra\u00e7a, as pessoas passam a cuidar mais do ambiente e entender o papel fundamental daquela estrutura para o funcionamento da cidade\u201d, destacou.<\/p>\n<p>A Pra\u00e7a da EMASA ter\u00e1 fun\u00e7\u00e3o social, ambiental e de lazer, contribuindo para a integra\u00e7\u00e3o urbana e a melhoria da qualidade de vida dos moradores do Mangabinha. A expectativa \u00e9 que, ap\u00f3s d\u00e9cadas sem benef\u00edcios na \u00e1rea, os moradores possam contar com um espa\u00e7o digno, refor\u00e7ando o v\u00ednculo da comunidade com o territ\u00f3rio e promovendo uma ocupa\u00e7\u00e3o qualificada do espa\u00e7o p\u00fablico.<\/p>\n<p>&nbsp;<\/p>\n<p>&#8212;&#8211;<\/p>\n<p>Assessoria de Comunica\u00e7\u00e3o Social da EMASA<\/p>\n<p>22\/maio\/2025.<\/p>\n","protected":false},"excerpt":{"rendered":"<p>A comunidade do bairro Mangabinha, em Itabuna, vai ganhar um novo espa\u00e7o de lazer: a Pra\u00e7a da EMASA. A antiga [&hellip;]<\/p>\n","protected":false},"author":1,"featured_media":3346,"comment_status":"open","ping_status":"open","sticky":false,"template":"","format":"standard","meta":{"nf_dc_page":"","footnotes":""},"categories":[9],"tags":[],"class_list":["post-3345","post","type-post","status-publish","format-standard","has-post-thumbnail","hentry","category-noticias"],"_links":{"self":[{"href":"https:\/\/emasaitabuna.com.br\/new\/wp-json\/wp\/v2\/posts\/3345","targetHints":{"allow":["GET"]}}],"collection":[{"href":"https:\/\/emasaitabuna.com.br\/new\/wp-json\/wp\/v2\/posts"}],"about":[{"href":"https:\/\/emasaitabuna.com.br\/new\/wp-json\/wp\/v2\/types\/post"}],"author":[{"embeddable":true,"href":"https:\/\/emasaitabuna.com.br\/new\/wp-json\/wp\/v2\/users\/1"}],"replies":[{"embeddable":true,"href":"https:\/\/emasaitabuna.com.br\/new\/wp-json\/wp\/v2\/comments?post=3345"}],"version-history":[{"count":2,"href":"https:\/\/emasaitabuna.com.br\/new\/wp-json\/wp\/v2\/posts\/3345\/revisions"}],"predecessor-version":[{"id":3348,"href":"https:\/\/emasaitabuna.com.br\/new\/wp-json\/wp\/v2\/posts\/3345\/revisions\/3348"}],"wp:featuredmedia":[{"embeddable":true,"href":"https:\/\/emasaitabuna.com.br\/new\/wp-json\/wp\/v2\/media\/3346"}],"wp:attachment":[{"href":"https:\/\/emasaitabuna.com.br\/new\/wp-json\/wp\/v2\/media?parent=3345"}],"wp:term":[{"taxonomy":"category","embeddable":true,"href":"https:\/\/emasaitabuna.com.br\/new\/wp-json\/wp\/v2\/categories?post=3345"},{"taxonomy":"post_tag","embeddable":true,"href":"https:\/\/emasaitabuna.com.br\/new\/wp-json\/wp\/v2\/tags?post=3345"}],"curies":[{"name":"wp","href":"https:\/\/api.w.org\/{rel}","templated":true}]}}