{"id":3359,"date":"2025-05-26T17:41:28","date_gmt":"2025-05-26T20:41:28","guid":{"rendered":"https:\/\/emasaitabuna.com.br\/new\/?p=3359"},"modified":"2025-05-26T17:41:28","modified_gmt":"2025-05-26T20:41:28","slug":"emasa-lanca-convenio-com-a-unex-nesta-quinta-feira-29-para-capacitar-colaboradores","status":"publish","type":"post","link":"https:\/\/emasaitabuna.com.br\/new\/emasa-lanca-convenio-com-a-unex-nesta-quinta-feira-29-para-capacitar-colaboradores\/","title":{"rendered":"EMASA lan\u00e7a conv\u00eanio com a UNEX nesta quinta-feira (29) para capacitar colaboradores"},"content":{"rendered":"<div id=\"attachment_3360\" style=\"width: 510px\" class=\"wp-caption aligncenter\"><img decoding=\"async\" aria-describedby=\"caption-attachment-3360\" class=\"size-medium wp-image-3360\" src=\"https:\/\/emasaitabuna.com.br\/new\/wp-content\/uploads\/2025\/05\/Palestra-de-abertura-da-cooperacao-entre-EMASA-e-UNEX-tera-foco-na-melhoria-do-atendimento-e-no-desenvolvimento-de-competencias-tecnicas-e-comportamentais-500x399.jpeg\" alt=\"\" width=\"500\" height=\"399\" srcset=\"https:\/\/emasaitabuna.com.br\/new\/wp-content\/uploads\/2025\/05\/Palestra-de-abertura-da-cooperacao-entre-EMASA-e-UNEX-tera-foco-na-melhoria-do-atendimento-e-no-desenvolvimento-de-competencias-tecnicas-e-comportamentais-177x142.jpeg 177w, https:\/\/emasaitabuna.com.br\/new\/wp-content\/uploads\/2025\/05\/Palestra-de-abertura-da-cooperacao-entre-EMASA-e-UNEX-tera-foco-na-melhoria-do-atendimento-e-no-desenvolvimento-de-competencias-tecnicas-e-comportamentais-200x160.jpeg 200w, https:\/\/emasaitabuna.com.br\/new\/wp-content\/uploads\/2025\/05\/Palestra-de-abertura-da-cooperacao-entre-EMASA-e-UNEX-tera-foco-na-melhoria-do-atendimento-e-no-desenvolvimento-de-competencias-tecnicas-e-comportamentais-300x239.jpeg 300w, https:\/\/emasaitabuna.com.br\/new\/wp-content\/uploads\/2025\/05\/Palestra-de-abertura-da-cooperacao-entre-EMASA-e-UNEX-tera-foco-na-melhoria-do-atendimento-e-no-desenvolvimento-de-competencias-tecnicas-e-comportamentais-400x319.jpeg 400w, https:\/\/emasaitabuna.com.br\/new\/wp-content\/uploads\/2025\/05\/Palestra-de-abertura-da-cooperacao-entre-EMASA-e-UNEX-tera-foco-na-melhoria-do-atendimento-e-no-desenvolvimento-de-competencias-tecnicas-e-comportamentais-500x399.jpeg 500w, https:\/\/emasaitabuna.com.br\/new\/wp-content\/uploads\/2025\/05\/Palestra-de-abertura-da-cooperacao-entre-EMASA-e-UNEX-tera-foco-na-melhoria-do-atendimento-e-no-desenvolvimento-de-competencias-tecnicas-e-comportamentais-600x479.jpeg 600w, https:\/\/emasaitabuna.com.br\/new\/wp-content\/uploads\/2025\/05\/Palestra-de-abertura-da-cooperacao-entre-EMASA-e-UNEX-tera-foco-na-melhoria-do-atendimento-e-no-desenvolvimento-de-competencias-tecnicas-e-comportamentais-768x613.jpeg 768w, https:\/\/emasaitabuna.com.br\/new\/wp-content\/uploads\/2025\/05\/Palestra-de-abertura-da-cooperacao-entre-EMASA-e-UNEX-tera-foco-na-melhoria-do-atendimento-e-no-desenvolvimento-de-competencias-tecnicas-e-comportamentais-800x638.jpeg 800w, https:\/\/emasaitabuna.com.br\/new\/wp-content\/uploads\/2025\/05\/Palestra-de-abertura-da-cooperacao-entre-EMASA-e-UNEX-tera-foco-na-melhoria-do-atendimento-e-no-desenvolvimento-de-competencias-tecnicas-e-comportamentais-1200x957.jpeg 1200w, https:\/\/emasaitabuna.com.br\/new\/wp-content\/uploads\/2025\/05\/Palestra-de-abertura-da-cooperacao-entre-EMASA-e-UNEX-tera-foco-na-melhoria-do-atendimento-e-no-desenvolvimento-de-competencias-tecnicas-e-comportamentais.jpeg 1240w\" sizes=\"(max-width: 500px) 100vw, 500px\" \/><p id=\"caption-attachment-3360\" class=\"wp-caption-text\">Palestra de abertura da coopera\u00e7\u00e3o entre EMASA e UNEX, ter\u00e1 foco na melhoria do atendimento e no desenvolvimento de compet\u00eancias t\u00e9cnicas e comportamentais.<\/p><\/div>\n<p>A Empresa Municipal de \u00c1guas e Saneamento (EMASA) refor\u00e7a sua pol\u00edtica de valoriza\u00e7\u00e3o e qualifica\u00e7\u00e3o de pessoal com o conv\u00eanio de coopera\u00e7\u00e3o t\u00e9cnica com o Centro Universit\u00e1rio de Excel\u00eancia (UNEX). O lan\u00e7amento oficial acontece na pr\u00f3xima quinta-feira (29), no audit\u00f3rio da sede da institui\u00e7\u00e3o, em Itabuna, com a presen\u00e7a de colaboradores da empresa e representantes da universidade.<\/p>\n<p>A parceria prev\u00ea a realiza\u00e7\u00e3o de atividades acad\u00eamicas, pr\u00e1ticas e de pesquisa, todas voltadas ao setor de saneamento, com foco na melhoria cont\u00ednua do atendimento ao p\u00fablico e no desenvolvimento de compet\u00eancias t\u00e9cnicas e comportamentais dos profissionais da EMASA. A programa\u00e7\u00e3o de lan\u00e7amento prev\u00ea ainda com uma palestra ministrada pelo diretor da UNEX, professor Andr\u00e9 Portnoi, dedicada aos colaboradores da \u00e1rea comercial, atendimento ao p\u00fablico e setores estrat\u00e9gicos.<\/p>\n<p>Para o presidente da EMASA, Ivan Maia, a iniciativa marca um novo momento na rela\u00e7\u00e3o da empresa com seus colaboradores e com a popula\u00e7\u00e3o: \u201cEstamos investindo em conhecimento e em pessoas. Esse conv\u00eanio com a UNEX representa nosso compromisso com a qualifica\u00e7\u00e3o profissional, o que, consequentemente, resultar\u00e1 em um atendimento mais eficiente e humanizado para a popula\u00e7\u00e3o de Itabuna\u201d, pontuou.<\/p>\n<p>A assinatura do conv\u00eanio integra um amplo processo de reestrutura\u00e7\u00e3o institucional da EMASA, que inclui ainda a\u00e7\u00f5es como a cria\u00e7\u00e3o da Ouvidoria, a implanta\u00e7\u00e3o da Auditoria Interna, a aprova\u00e7\u00e3o do novo Estatuto e a elabora\u00e7\u00e3o de um Regulamento Interno atualizado.<\/p>\n<p>&#8212;&#8211;<br \/>\nAssessoria de Comunica\u00e7\u00e3o Social da EMASA<br \/>\n26\/maio\/2025.<\/p>\n","protected":false},"excerpt":{"rendered":"<p>A Empresa Municipal de \u00c1guas e Saneamento (EMASA) refor\u00e7a sua pol\u00edtica de valoriza\u00e7\u00e3o e qualifica\u00e7\u00e3o de pessoal com o conv\u00eanio [&hellip;]<\/p>\n","protected":false},"author":1,"featured_media":0,"comment_status":"open","ping_status":"open","sticky":false,"template":"","format":"standard","meta":{"nf_dc_page":"","footnotes":""},"categories":[9],"tags":[],"class_list":["post-3359","post","type-post","status-publish","format-standard","hentry","category-noticias"],"_links":{"self":[{"href":"https:\/\/emasaitabuna.com.br\/new\/wp-json\/wp\/v2\/posts\/3359","targetHints":{"allow":["GET"]}}],"collection":[{"href":"https:\/\/emasaitabuna.com.br\/new\/wp-json\/wp\/v2\/posts"}],"about":[{"href":"https:\/\/emasaitabuna.com.br\/new\/wp-json\/wp\/v2\/types\/post"}],"author":[{"embeddable":true,"href":"https:\/\/emasaitabuna.com.br\/new\/wp-json\/wp\/v2\/users\/1"}],"replies":[{"embeddable":true,"href":"https:\/\/emasaitabuna.com.br\/new\/wp-json\/wp\/v2\/comments?post=3359"}],"version-history":[{"count":1,"href":"https:\/\/emasaitabuna.com.br\/new\/wp-json\/wp\/v2\/posts\/3359\/revisions"}],"predecessor-version":[{"id":3361,"href":"https:\/\/emasaitabuna.com.br\/new\/wp-json\/wp\/v2\/posts\/3359\/revisions\/3361"}],"wp:attachment":[{"href":"https:\/\/emasaitabuna.com.br\/new\/wp-json\/wp\/v2\/media?parent=3359"}],"wp:term":[{"taxonomy":"category","embeddable":true,"href":"https:\/\/emasaitabuna.com.br\/new\/wp-json\/wp\/v2\/categories?post=3359"},{"taxonomy":"post_tag","embeddable":true,"href":"https:\/\/emasaitabuna.com.br\/new\/wp-json\/wp\/v2\/tags?post=3359"}],"curies":[{"name":"wp","href":"https:\/\/api.w.org\/{rel}","templated":true}]}}