{"id":3362,"date":"2025-05-27T10:42:36","date_gmt":"2025-05-27T13:42:36","guid":{"rendered":"https:\/\/emasaitabuna.com.br\/new\/?p=3362"},"modified":"2025-05-27T10:43:40","modified_gmt":"2025-05-27T13:43:40","slug":"emasa-inaugura-na-terca-feira-2o-reservatorio-do-projeto-mais-agua-para-a-cidade","status":"publish","type":"post","link":"https:\/\/emasaitabuna.com.br\/new\/emasa-inaugura-na-terca-feira-2o-reservatorio-do-projeto-mais-agua-para-a-cidade\/","title":{"rendered":"EMASA inaugura na ter\u00e7a-feira 2\u00ba reservat\u00f3rio do Projeto Mais \u00c1gua para a Cidade"},"content":{"rendered":"<div id=\"attachment_3364\" style=\"width: 510px\" class=\"wp-caption aligncenter\"><img decoding=\"async\" aria-describedby=\"caption-attachment-3364\" class=\"size-medium wp-image-3364\" src=\"https:\/\/emasaitabuna.com.br\/new\/wp-content\/uploads\/2025\/05\/IMG-20250527-WA0021-500x281.jpg\" alt=\"\" width=\"500\" height=\"281\" srcset=\"https:\/\/emasaitabuna.com.br\/new\/wp-content\/uploads\/2025\/05\/IMG-20250527-WA0021-200x113.jpg 200w, https:\/\/emasaitabuna.com.br\/new\/wp-content\/uploads\/2025\/05\/IMG-20250527-WA0021-300x169.jpg 300w, https:\/\/emasaitabuna.com.br\/new\/wp-content\/uploads\/2025\/05\/IMG-20250527-WA0021-400x225.jpg 400w, https:\/\/emasaitabuna.com.br\/new\/wp-content\/uploads\/2025\/05\/IMG-20250527-WA0021-500x281.jpg 500w, https:\/\/emasaitabuna.com.br\/new\/wp-content\/uploads\/2025\/05\/IMG-20250527-WA0021-600x338.jpg 600w, https:\/\/emasaitabuna.com.br\/new\/wp-content\/uploads\/2025\/05\/IMG-20250527-WA0021-768x432.jpg 768w, https:\/\/emasaitabuna.com.br\/new\/wp-content\/uploads\/2025\/05\/IMG-20250527-WA0021.jpg 800w\" sizes=\"(max-width: 500px) 100vw, 500px\" \/><p id=\"caption-attachment-3364\" class=\"wp-caption-text\">Governador Jer\u00f4nimo Rodrigues e o prefeito Augusto Castro, na entrega do primeiro reservat\u00f3rio do Projeto Mais \u00c1gua para a Cidade.<\/p><\/div>\n<p>Itabuna celebra mais um importante avan\u00e7o na seguran\u00e7a h\u00eddrica da popula\u00e7\u00e3o com a entrega do segundo reservat\u00f3rio do Projeto Mais \u00c1gua para a Cidade na pr\u00f3xima ter\u00e7a-feira, dia 3, \u00e0s 10 horas, no Bairro Novo Ja\u00e7an\u00e3.<\/p>\n<p>Com capacidade para 5 milh\u00f5es de litros de \u00e1gua, o novo reservat\u00f3rio vai garantir o abastecimento regular de aproximadamente 60 mil moradores da zona sul, encerrando um longo per\u00edodo de instabilidade no fornecimento.<\/p>\n<p>H\u00e1 algumas semanas o sistema est\u00e1 sendo testado e passando por ajustes. Ap\u00f3s a entrega oficial, entrar\u00e1 em pleno funcionamento, assegurando a regulariza\u00e7\u00e3o do abastecimento na regi\u00e3o.<\/p>\n<p>A solenidade de entrega contar\u00e1 com a presen\u00e7a do prefeito Augusto Castro (PSD), al\u00e9m de autoridades regionais e representantes da Empresa Municipal de \u00c1guas e Saneamento (EMASA), respons\u00e1vel pela obra. Com esse reservat\u00f3rio, a EMASA consolida mais uma etapa do projeto que visa acabar com o sistema de abastecimento por manobras, comum na cidade h\u00e1 d\u00e9cadas.<\/p>\n<p>O primeiro reservat\u00f3rio, localizado no Bairro Novo Lomanto, foi inaugurado no dia 13 de mar\u00e7o com a presen\u00e7a do governador Jer\u00f4nimo Rodrigues (PT). Tem capacidade para 3 milh\u00f5es de litros e beneficia os moradores da \u00e1rea central e parte da zona oeste.<\/p>\n<p>O prefeito Augusto Castro lembra que o munic\u00edpio sempre sofreu com o abastecimento irregular de \u00e1gua. \u201cDesde o final dos anos 1980, quando foi criada a EMASA, n\u00e3o houve investimento do porte do Mais \u00c1gua, para dar fim ao fornecimento de intermitente\u201d, recorda.<\/p>\n<p>\u201cNosso governo trabalhou para dar fim a essa situa\u00e7\u00e3o que tanto transtorno causou a nossa gente e inviabilizou a atra\u00e7\u00e3o de empreendimentos para a cidade\u201d, disse Castro.<\/p>\n<p>Para o presidente da EMASA, Ivan Maia, a entrega do 2\u00ba reservat\u00f3rio representa uma virada hist\u00f3rica para o munic\u00edpio. \u201cEsse reservat\u00f3rio marca a consolida\u00e7\u00e3o de uma nova fase para o abastecimento de \u00e1gua em Itabuna\u201d, afirma.<\/p>\n<p>\u201cEstamos superando um modelo ultrapassado e garantindo um servi\u00e7o essencial de forma cont\u00ednua e com qualidade para toda a popula\u00e7\u00e3o. \u00c9 uma conquista de todos os itabunenses\u201d, real\u00e7a.<\/p>\n<p>O Projeto Mais \u00c1gua para a Cidade \u00e9 fruto da parceria entre a Prefeitura de Itabuna e o Governo do Estado da Bahia, com investimentos de cerca de R$ 30 milh\u00f5es. Al\u00e9m da constru\u00e7\u00e3o dos dois reservat\u00f3rios, a iniciativa incluiu a moderniza\u00e7\u00e3o e amplia\u00e7\u00e3o da rede de adutoras e distribui\u00e7\u00e3o, bem como melhorias na Esta\u00e7\u00e3o de Tratamento de \u00c1gua (ETA), no S\u00e3o Louren\u00e7o.<\/p>\n<p>Com as duas estruturas em funcionamento, cerca de 140 mil moradores das zonas sul, oeste e leste da cidade passam a contar com abastecimento di\u00e1rio e cont\u00ednuo, encerrando anos de precariedade e promovendo um salto na qualidade de vida e no desenvolvimento da cidade.<\/p>\n<p>\u2014&#8212;&#8211;<\/p>\n<p>Assessoria de Comunica\u00e7\u00e3o Social da EMASA<\/p>\n<p>27\/maio\/2025.<\/p>\n","protected":false},"excerpt":{"rendered":"<p>Itabuna celebra mais um importante avan\u00e7o na seguran\u00e7a h\u00eddrica da popula\u00e7\u00e3o com a entrega do segundo reservat\u00f3rio do Projeto Mais [&hellip;]<\/p>\n","protected":false},"author":1,"featured_media":3364,"comment_status":"open","ping_status":"open","sticky":false,"template":"","format":"standard","meta":{"nf_dc_page":"","footnotes":""},"categories":[9],"tags":[],"class_list":["post-3362","post","type-post","status-publish","format-standard","has-post-thumbnail","hentry","category-noticias"],"_links":{"self":[{"href":"https:\/\/emasaitabuna.com.br\/new\/wp-json\/wp\/v2\/posts\/3362","targetHints":{"allow":["GET"]}}],"collection":[{"href":"https:\/\/emasaitabuna.com.br\/new\/wp-json\/wp\/v2\/posts"}],"about":[{"href":"https:\/\/emasaitabuna.com.br\/new\/wp-json\/wp\/v2\/types\/post"}],"author":[{"embeddable":true,"href":"https:\/\/emasaitabuna.com.br\/new\/wp-json\/wp\/v2\/users\/1"}],"replies":[{"embeddable":true,"href":"https:\/\/emasaitabuna.com.br\/new\/wp-json\/wp\/v2\/comments?post=3362"}],"version-history":[{"count":2,"href":"https:\/\/emasaitabuna.com.br\/new\/wp-json\/wp\/v2\/posts\/3362\/revisions"}],"predecessor-version":[{"id":3365,"href":"https:\/\/emasaitabuna.com.br\/new\/wp-json\/wp\/v2\/posts\/3362\/revisions\/3365"}],"wp:featuredmedia":[{"embeddable":true,"href":"https:\/\/emasaitabuna.com.br\/new\/wp-json\/wp\/v2\/media\/3364"}],"wp:attachment":[{"href":"https:\/\/emasaitabuna.com.br\/new\/wp-json\/wp\/v2\/media?parent=3362"}],"wp:term":[{"taxonomy":"category","embeddable":true,"href":"https:\/\/emasaitabuna.com.br\/new\/wp-json\/wp\/v2\/categories?post=3362"},{"taxonomy":"post_tag","embeddable":true,"href":"https:\/\/emasaitabuna.com.br\/new\/wp-json\/wp\/v2\/tags?post=3362"}],"curies":[{"name":"wp","href":"https:\/\/api.w.org\/{rel}","templated":true}]}}