{"id":3368,"date":"2025-05-28T11:02:16","date_gmt":"2025-05-28T14:02:16","guid":{"rendered":"https:\/\/emasaitabuna.com.br\/new\/?p=3368"},"modified":"2025-05-28T11:04:07","modified_gmt":"2025-05-28T14:04:07","slug":"nota-assinatura-de-ordem-de-servico-para-requalificacao-da-praca-da-emasa-e-adiada","status":"publish","type":"post","link":"https:\/\/emasaitabuna.com.br\/new\/nota-assinatura-de-ordem-de-servico-para-requalificacao-da-praca-da-emasa-e-adiada\/","title":{"rendered":"NOTA &#8211; Assinatura de ordem de servi\u00e7o para requalifica\u00e7\u00e3o da Pra\u00e7a da EMASA \u00e9 adiada"},"content":{"rendered":"<div id=\"attachment_3346\" style=\"width: 510px\" class=\"wp-caption aligncenter\"><img decoding=\"async\" aria-describedby=\"caption-attachment-3346\" class=\"wp-image-3346 size-medium\" src=\"https:\/\/emasaitabuna.com.br\/new\/wp-content\/uploads\/2025\/05\/IMG-20250522-WA0034-500x365.jpg\" alt=\"\" width=\"500\" height=\"365\" srcset=\"https:\/\/emasaitabuna.com.br\/new\/wp-content\/uploads\/2025\/05\/IMG-20250522-WA0034-200x146.jpg 200w, https:\/\/emasaitabuna.com.br\/new\/wp-content\/uploads\/2025\/05\/IMG-20250522-WA0034-300x219.jpg 300w, https:\/\/emasaitabuna.com.br\/new\/wp-content\/uploads\/2025\/05\/IMG-20250522-WA0034-400x292.jpg 400w, https:\/\/emasaitabuna.com.br\/new\/wp-content\/uploads\/2025\/05\/IMG-20250522-WA0034-500x365.jpg 500w, https:\/\/emasaitabuna.com.br\/new\/wp-content\/uploads\/2025\/05\/IMG-20250522-WA0034-600x438.jpg 600w, https:\/\/emasaitabuna.com.br\/new\/wp-content\/uploads\/2025\/05\/IMG-20250522-WA0034-768x561.jpg 768w, https:\/\/emasaitabuna.com.br\/new\/wp-content\/uploads\/2025\/05\/IMG-20250522-WA0034-800x584.jpg 800w, https:\/\/emasaitabuna.com.br\/new\/wp-content\/uploads\/2025\/05\/IMG-20250522-WA0034.jpg 996w\" sizes=\"(max-width: 500px) 100vw, 500px\" \/><p id=\"caption-attachment-3346\" class=\"wp-caption-text\">Assinatura da ordem de servi\u00e7o para in\u00edcio da requalifica\u00e7\u00e3o da pra\u00e7a EMASA ocorrer\u00e1 em nova data<\/p><\/div>\n<p>A solenidade de assinatura da ordem de servi\u00e7o que marcaria o in\u00edcio das obras de requalifica\u00e7\u00e3o da Pra\u00e7a da EMASA, no bairro Mangabinha, foi adiada. O evento, inicialmente previsto para esta quarta-feira (28), ser\u00e1 remarcado, e a nova data ser\u00e1 anunciada em breve pela Empresa Municipal de \u00c1guas e Saneamento (EMASA) e pelas empresas parceiras.<\/p>\n<p>A requalifica\u00e7\u00e3o da pra\u00e7a ser\u00e1 realizada como contrapartida do Empreendimento Vog Grapi\u00fana, uma iniciativa das empresas E2 Engenharia e Souza Gomes &amp; Gr\u00e1fico Empreendimentos, respons\u00e1veis pela execu\u00e7\u00e3o do projeto. A parceria p\u00fablico-privada visa transformar um espa\u00e7o antes degradado em uma \u00e1rea de lazer, conviv\u00eancia e integra\u00e7\u00e3o urbana, beneficiando diretamente os moradores da comunidade do Mangabinha.<\/p>\n<p>A reforma da pra\u00e7a marca uma parceria entre a Prefeitura de Itabuna, EMASA e a iniciativa privada para oferecer \u00e0 comunidade um novo espa\u00e7o de conviv\u00eancia, lazer e valoriza\u00e7\u00e3o urbana.<\/p>\n<p>&#8212;-<\/p>\n<p>Assessoria de Comunica\u00e7\u00e3o da EMASA<\/p>\n<p>28\/Maio\/2025<\/p>\n","protected":false},"excerpt":{"rendered":"<p>A solenidade de assinatura da ordem de servi\u00e7o que marcaria o in\u00edcio das obras de requalifica\u00e7\u00e3o da Pra\u00e7a da EMASA, [&hellip;]<\/p>\n","protected":false},"author":1,"featured_media":3346,"comment_status":"open","ping_status":"open","sticky":false,"template":"","format":"standard","meta":{"nf_dc_page":"","footnotes":""},"categories":[9],"tags":[],"class_list":["post-3368","post","type-post","status-publish","format-standard","has-post-thumbnail","hentry","category-noticias"],"_links":{"self":[{"href":"https:\/\/emasaitabuna.com.br\/new\/wp-json\/wp\/v2\/posts\/3368","targetHints":{"allow":["GET"]}}],"collection":[{"href":"https:\/\/emasaitabuna.com.br\/new\/wp-json\/wp\/v2\/posts"}],"about":[{"href":"https:\/\/emasaitabuna.com.br\/new\/wp-json\/wp\/v2\/types\/post"}],"author":[{"embeddable":true,"href":"https:\/\/emasaitabuna.com.br\/new\/wp-json\/wp\/v2\/users\/1"}],"replies":[{"embeddable":true,"href":"https:\/\/emasaitabuna.com.br\/new\/wp-json\/wp\/v2\/comments?post=3368"}],"version-history":[{"count":3,"href":"https:\/\/emasaitabuna.com.br\/new\/wp-json\/wp\/v2\/posts\/3368\/revisions"}],"predecessor-version":[{"id":3371,"href":"https:\/\/emasaitabuna.com.br\/new\/wp-json\/wp\/v2\/posts\/3368\/revisions\/3371"}],"wp:featuredmedia":[{"embeddable":true,"href":"https:\/\/emasaitabuna.com.br\/new\/wp-json\/wp\/v2\/media\/3346"}],"wp:attachment":[{"href":"https:\/\/emasaitabuna.com.br\/new\/wp-json\/wp\/v2\/media?parent=3368"}],"wp:term":[{"taxonomy":"category","embeddable":true,"href":"https:\/\/emasaitabuna.com.br\/new\/wp-json\/wp\/v2\/categories?post=3368"},{"taxonomy":"post_tag","embeddable":true,"href":"https:\/\/emasaitabuna.com.br\/new\/wp-json\/wp\/v2\/tags?post=3368"}],"curies":[{"name":"wp","href":"https:\/\/api.w.org\/{rel}","templated":true}]}}