{"id":3372,"date":"2025-05-29T12:51:43","date_gmt":"2025-05-29T15:51:43","guid":{"rendered":"https:\/\/emasaitabuna.com.br\/new\/?p=3372"},"modified":"2025-05-29T12:52:23","modified_gmt":"2025-05-29T15:52:23","slug":"moradores-do-pedro-jeronimo-ja-percebem-melhorias-no-abastecimento-de-agua","status":"publish","type":"post","link":"https:\/\/emasaitabuna.com.br\/new\/moradores-do-pedro-jeronimo-ja-percebem-melhorias-no-abastecimento-de-agua\/","title":{"rendered":"Moradores do Pedro Jer\u00f4nimo j\u00e1 percebem melhorias no abastecimento de \u00e1gua"},"content":{"rendered":"<div id=\"attachment_3374\" style=\"width: 510px\" class=\"wp-caption aligncenter\"><img decoding=\"async\" aria-describedby=\"caption-attachment-3374\" class=\"size-medium wp-image-3374\" src=\"https:\/\/emasaitabuna.com.br\/new\/wp-content\/uploads\/2025\/05\/IMG-20250529-WA0045-500x333.jpg\" alt=\"\" width=\"500\" height=\"333\" srcset=\"https:\/\/emasaitabuna.com.br\/new\/wp-content\/uploads\/2025\/05\/IMG-20250529-WA0045-200x133.jpg 200w, https:\/\/emasaitabuna.com.br\/new\/wp-content\/uploads\/2025\/05\/IMG-20250529-WA0045-300x200.jpg 300w, https:\/\/emasaitabuna.com.br\/new\/wp-content\/uploads\/2025\/05\/IMG-20250529-WA0045-400x267.jpg 400w, https:\/\/emasaitabuna.com.br\/new\/wp-content\/uploads\/2025\/05\/IMG-20250529-WA0045-500x333.jpg 500w, https:\/\/emasaitabuna.com.br\/new\/wp-content\/uploads\/2025\/05\/IMG-20250529-WA0045-600x400.jpg 600w, https:\/\/emasaitabuna.com.br\/new\/wp-content\/uploads\/2025\/05\/IMG-20250529-WA0045-768x512.jpg 768w, https:\/\/emasaitabuna.com.br\/new\/wp-content\/uploads\/2025\/05\/IMG-20250529-WA0045-800x533.jpg 800w, https:\/\/emasaitabuna.com.br\/new\/wp-content\/uploads\/2025\/05\/IMG-20250529-WA0045-1200x800.jpg 1200w, https:\/\/emasaitabuna.com.br\/new\/wp-content\/uploads\/2025\/05\/IMG-20250529-WA0045-1536x1023.jpg 1536w, https:\/\/emasaitabuna.com.br\/new\/wp-content\/uploads\/2025\/05\/IMG-20250529-WA0045.jpg 1600w\" sizes=\"(max-width: 500px) 100vw, 500px\" \/><p id=\"caption-attachment-3374\" class=\"wp-caption-text\">Morador do Pedro Jer\u00f4nimo, o comerciante Rodeon Santana Macedo, abre a torneira na certeza de ver a \u00e1gua cair.<\/p><\/div>\n<p>Moradores dos bairros da zona sul de Itabuna beneficiados pelo Projeto Mais \u00c1gua para a Cidade, j\u00e1 est\u00e3o sentindo os efeitos do novo sistema de abastecimento de \u00e1gua que ser\u00e1 entregue oficialmente na ter\u00e7a-feira, dia 3, \u00e0s 10 horas, pelo prefeito Augusto Castro (PSD), e pelo presidente da Empresa Municipal de \u00c1guas e Saneamento (EMASA), Ivan Maia.<\/p>\n<p>Nas \u00faltimas semanas, o novo sistema vem sendo testado e localidades que antes eram abastecidas a cada oito, 15 e at\u00e9 20 dias, est\u00e3o vendo a \u00e1gua cair diariamente em seus tanques e torneiras sem intermit\u00eancia.<\/p>\n<p>Morador e comerciante na Rua S\u00e3o Pedro, n\u00ba 15, no Pedro Jer\u00f4nimo, Rodeon Santana Macedo, conhecido como Biscuit, percebeu a mudan\u00e7a. \u201cEst\u00e1 diferente e melhorando, j\u00e1 que aqui ca\u00eda \u00e1gua a cada 15 dias. Agora abro a torneira e tem \u00e1gua caindo. Para mim, o sofrimento com a falta de \u00e1gua est\u00e1 acabando. Espero que chegue para os outros tamb\u00e9m\u201d, disse.<\/p>\n<p>O Projeto Mais \u00c1gua para a Cidade foi iniciado em mar\u00e7o de 2022 para melhorar o sistema de abastecimento de \u00e1gua da zona urbana do munic\u00edpio, sendo investidos mais de R$ 36 milh\u00f5es na implanta\u00e7\u00e3o de 8 Km de rede adutora e 2 Km de rede de distribui\u00e7\u00e3o.<\/p>\n<p>Al\u00e9m disso, houve a constru\u00e7\u00e3o de dois grandes reservat\u00f3rios nos bairros Novo Ja\u00e7an\u00e3 e Novo Lomanto, com capacidade para armazenar 5 e 3 milh\u00f5es de litros de \u00e1gua respectivamente. Tamb\u00e9m aconteceram melhorias na Esta\u00e7\u00e3o de Tratamento de \u00c1gua (ETA), no Bairro S\u00e3o Louren\u00e7o, com a troca dos decantadores e materiais filtrantes.<\/p>\n<p>O prefeito Augusto Castro (PSD) destaca a parceria do munic\u00edpio com o Governo do Estado que, atrav\u00e9s da Companhia de Engenharia H\u00eddrica e de Saneamento da Bahia (CERB), foi respons\u00e1vel pela implanta\u00e7\u00e3o dos reservat\u00f3rios do projeto.<\/p>\n<p>\u201cO governador Jer\u00f4nimo Rodrigues foi muito atencioso ao nosso pedido sobre o Mais \u00c1gua. A ele relatamos a situa\u00e7\u00e3o dos cidad\u00e3os e cidad\u00e3s em rela\u00e7\u00e3o ao abastecimento de \u00e1gua intermitente e de imediato se comprometeu em nos ajudar na realiza\u00e7\u00e3o desta obra\u201d, relembra o Chefe do Executivo itabunense.<\/p>\n<p>Para o presidente da EMASA, Ivan Maia, a entrega da segunda etapa do Projeto Mais \u00c1gua para a Cidade, representa um marco para Itabuna e sua popula\u00e7\u00e3o. \u201cA entrada em opera\u00e7\u00e3o da segunda fase do Mais \u00c1gua \u00e9 um marco importante para a cidade, tanto no campo social como econ\u00f4mico. As pessoas ter\u00e3o uma melhor qualidade de vida e o mun\u00edcipio ser\u00e1 capaz de atrair novos investimentos, ampliando a oferta de empregos\u201d, prev\u00ea Maia.<\/p>\n<p>Desde mar\u00e7o passado, a primeira etapa do projeto est\u00e1 em opera\u00e7\u00e3o atendendo 10 localidades. J\u00e1 a segunda etapa, que ser\u00e1 entregue na sexta-feira, dia 3, vai beneficiar 25 bairros.<\/p>\n<p>&#8212;&#8212;<\/p>\n<p>Assessoria de Comunica\u00e7\u00e3o Social da EMASA<\/p>\n<p>29\/maio\/2025.<\/p>\n","protected":false},"excerpt":{"rendered":"<p>Moradores dos bairros da zona sul de Itabuna beneficiados pelo Projeto Mais \u00c1gua para a Cidade, j\u00e1 est\u00e3o sentindo os [&hellip;]<\/p>\n","protected":false},"author":1,"featured_media":3374,"comment_status":"open","ping_status":"open","sticky":false,"template":"","format":"standard","meta":{"nf_dc_page":"","footnotes":""},"categories":[9],"tags":[],"class_list":["post-3372","post","type-post","status-publish","format-standard","has-post-thumbnail","hentry","category-noticias"],"_links":{"self":[{"href":"https:\/\/emasaitabuna.com.br\/new\/wp-json\/wp\/v2\/posts\/3372","targetHints":{"allow":["GET"]}}],"collection":[{"href":"https:\/\/emasaitabuna.com.br\/new\/wp-json\/wp\/v2\/posts"}],"about":[{"href":"https:\/\/emasaitabuna.com.br\/new\/wp-json\/wp\/v2\/types\/post"}],"author":[{"embeddable":true,"href":"https:\/\/emasaitabuna.com.br\/new\/wp-json\/wp\/v2\/users\/1"}],"replies":[{"embeddable":true,"href":"https:\/\/emasaitabuna.com.br\/new\/wp-json\/wp\/v2\/comments?post=3372"}],"version-history":[{"count":2,"href":"https:\/\/emasaitabuna.com.br\/new\/wp-json\/wp\/v2\/posts\/3372\/revisions"}],"predecessor-version":[{"id":3375,"href":"https:\/\/emasaitabuna.com.br\/new\/wp-json\/wp\/v2\/posts\/3372\/revisions\/3375"}],"wp:featuredmedia":[{"embeddable":true,"href":"https:\/\/emasaitabuna.com.br\/new\/wp-json\/wp\/v2\/media\/3374"}],"wp:attachment":[{"href":"https:\/\/emasaitabuna.com.br\/new\/wp-json\/wp\/v2\/media?parent=3372"}],"wp:term":[{"taxonomy":"category","embeddable":true,"href":"https:\/\/emasaitabuna.com.br\/new\/wp-json\/wp\/v2\/categories?post=3372"},{"taxonomy":"post_tag","embeddable":true,"href":"https:\/\/emasaitabuna.com.br\/new\/wp-json\/wp\/v2\/tags?post=3372"}],"curies":[{"name":"wp","href":"https:\/\/api.w.org\/{rel}","templated":true}]}}