{"id":3377,"date":"2025-05-30T11:04:41","date_gmt":"2025-05-30T14:04:41","guid":{"rendered":"https:\/\/emasaitabuna.com.br\/new\/?p=3377"},"modified":"2025-05-30T11:05:13","modified_gmt":"2025-05-30T14:05:13","slug":"emasa-realiza-aula-inaugural-do-convenio-com-a-unex-e-marca-nova-fase-de-capacitacao-e-valorizacao-profissional","status":"publish","type":"post","link":"https:\/\/emasaitabuna.com.br\/new\/emasa-realiza-aula-inaugural-do-convenio-com-a-unex-e-marca-nova-fase-de-capacitacao-e-valorizacao-profissional\/","title":{"rendered":"EMASA realiza aula inaugural do conv\u00eanio com a UNEX e marca nova fase de capacita\u00e7\u00e3o e valoriza\u00e7\u00e3o profissional"},"content":{"rendered":"<p>&nbsp;<\/p>\n<div id=\"attachment_3380\" style=\"width: 510px\" class=\"wp-caption aligncenter\"><img decoding=\"async\" aria-describedby=\"caption-attachment-3380\" class=\"size-medium wp-image-3380\" src=\"https:\/\/emasaitabuna.com.br\/new\/wp-content\/uploads\/2025\/05\/IMG-20250530-WA0001-500x405.jpg\" alt=\"\" width=\"500\" height=\"405\" srcset=\"https:\/\/emasaitabuna.com.br\/new\/wp-content\/uploads\/2025\/05\/IMG-20250530-WA0001-177x142.jpg 177w, https:\/\/emasaitabuna.com.br\/new\/wp-content\/uploads\/2025\/05\/IMG-20250530-WA0001-200x162.jpg 200w, https:\/\/emasaitabuna.com.br\/new\/wp-content\/uploads\/2025\/05\/IMG-20250530-WA0001-300x243.jpg 300w, https:\/\/emasaitabuna.com.br\/new\/wp-content\/uploads\/2025\/05\/IMG-20250530-WA0001-400x324.jpg 400w, https:\/\/emasaitabuna.com.br\/new\/wp-content\/uploads\/2025\/05\/IMG-20250530-WA0001-500x405.jpg 500w, https:\/\/emasaitabuna.com.br\/new\/wp-content\/uploads\/2025\/05\/IMG-20250530-WA0001-600x487.jpg 600w, https:\/\/emasaitabuna.com.br\/new\/wp-content\/uploads\/2025\/05\/IMG-20250530-WA0001-768x623.jpg 768w, https:\/\/emasaitabuna.com.br\/new\/wp-content\/uploads\/2025\/05\/IMG-20250530-WA0001-800x649.jpg 800w, https:\/\/emasaitabuna.com.br\/new\/wp-content\/uploads\/2025\/05\/IMG-20250530-WA0001-1200x973.jpg 1200w, https:\/\/emasaitabuna.com.br\/new\/wp-content\/uploads\/2025\/05\/IMG-20250530-WA0001.jpg 1280w\" sizes=\"(max-width: 500px) 100vw, 500px\" \/><p id=\"caption-attachment-3380\" class=\"wp-caption-text\">Presidente Ivan Maia, fala para os colaboradores da EMASA, antes da palestra do professor Portnoi.<\/p><\/div>\n<p>Na noite da \u00faltima quinta-feira (29), a Empresa Municipal de \u00c1guas e Saneamento (EMASA) realizou a aula inaugural do Programa de Capacita\u00e7\u00e3o e Qualifica\u00e7\u00e3o, fruto do conv\u00eanio de coopera\u00e7\u00e3o t\u00e9cnica com a UNEX \u2013 Centro Universit\u00e1rio de Excel\u00eancia. O evento aconteceu no audit\u00f3rio da UNEX, em Itabuna, e reuniu colaboradores de diversos setores da empresa, especialmente aqueles ligados ao atendimento ao p\u00fablico.<\/p>\n<p>A abertura foi conduzida pela diretoria da EMASA, com falas do diretor de Opera\u00e7\u00e3o e Expans\u00e3o, Fernando Duarte, do diretor Financeiro e de Relacionamento, Ronaldo J\u00fanior, e do presidente Ivan Maia. \u201cEsta parceria in\u00e9dita com a UNEX tem como objetivo a capacita\u00e7\u00e3o dos colaboradores, o que \u00e9 fundamental para melhorarmos a qualidade do atendimento aos usu\u00e1rios e ao p\u00fablico em geral\u201d, declarou Fernando Duarte.<\/p>\n<p>O conv\u00eanio, al\u00e9m de ser um marco na pol\u00edtica de valoriza\u00e7\u00e3o profissional da EMASA, visa promover atividades acad\u00eamicas, pr\u00e1ticas e de pesquisa, com foco no setor de saneamento e na melhoria das compet\u00eancias t\u00e9cnicas e comportamentais dos colaboradores.<\/p>\n<p>Para o diretor Ronaldo J\u00fanior, investir em qualifica\u00e7\u00e3o fortalece a rela\u00e7\u00e3o entre a empresa, os colaboradores e a comunidade. \u201cA melhoria do atendimento come\u00e7a com pessoas bem preparadas e motivadas. Este conv\u00eanio refor\u00e7a o compromisso da EMASA com a excel\u00eancia no relacionamento com o cliente e com a humaniza\u00e7\u00e3o no servi\u00e7o p\u00fablico\u201d, refor\u00e7ou.<\/p>\n<div id=\"attachment_3379\" style=\"width: 510px\" class=\"wp-caption aligncenter\"><img decoding=\"async\" aria-describedby=\"caption-attachment-3379\" class=\"size-medium wp-image-3379\" src=\"https:\/\/emasaitabuna.com.br\/new\/wp-content\/uploads\/2025\/05\/IMG-20250530-WA0002-500x200.jpg\" alt=\"\" width=\"500\" height=\"200\" srcset=\"https:\/\/emasaitabuna.com.br\/new\/wp-content\/uploads\/2025\/05\/IMG-20250530-WA0002-200x80.jpg 200w, https:\/\/emasaitabuna.com.br\/new\/wp-content\/uploads\/2025\/05\/IMG-20250530-WA0002-300x120.jpg 300w, https:\/\/emasaitabuna.com.br\/new\/wp-content\/uploads\/2025\/05\/IMG-20250530-WA0002-400x160.jpg 400w, https:\/\/emasaitabuna.com.br\/new\/wp-content\/uploads\/2025\/05\/IMG-20250530-WA0002-500x200.jpg 500w, https:\/\/emasaitabuna.com.br\/new\/wp-content\/uploads\/2025\/05\/IMG-20250530-WA0002-600x240.jpg 600w, https:\/\/emasaitabuna.com.br\/new\/wp-content\/uploads\/2025\/05\/IMG-20250530-WA0002-768x308.jpg 768w, https:\/\/emasaitabuna.com.br\/new\/wp-content\/uploads\/2025\/05\/IMG-20250530-WA0002-800x321.jpg 800w, https:\/\/emasaitabuna.com.br\/new\/wp-content\/uploads\/2025\/05\/IMG-20250530-WA0002-1200x481.jpg 1200w, https:\/\/emasaitabuna.com.br\/new\/wp-content\/uploads\/2025\/05\/IMG-20250530-WA0002.jpg 1280w\" sizes=\"(max-width: 500px) 100vw, 500px\" \/><p id=\"caption-attachment-3379\" class=\"wp-caption-text\">Colaboradores da EMASA prestigiaram a aula inaugural que marcou a parceria entre a EMASA E UNEX.<\/p><\/div>\n<p>J\u00e1 o presidente da EMASA destacou a import\u00e2ncia da parceria para o fortalecimento da empresa e a melhoria do atendimento. \u201cA EMASA vive um novo momento, um momento de aproxima\u00e7\u00e3o com o seu p\u00fablico de interesse. E esse conv\u00eanio vai proporcionar aos nossos empregados, as pessoas que lidam diretamente com o cliente, uma melhoria no atendimento. Ser\u00e3o aulas pr\u00e1ticas com pessoas qualificadas e sempre com o intuito de aprimorar esse atendimento e a aproxima\u00e7\u00e3o com o nosso p\u00fablico\u201d, afirmou o presidente Ivan Maia.<\/p>\n<p>A aula inaugural foi ministrada pelo diretor da UNEX, professor Andr\u00e9 Auster Portnoi, que abordou o tema \u201cComportamento humano e suas consequ\u00eancias\u201d, enfatizando a relev\u00e2ncia do relacionamento interpessoal e da qualidade no atendimento ao cidad\u00e3o.<\/p>\n<p>\u201cUma das fun\u00e7\u00f5es da nossa unidade \u00e9 ser parceira da sociedade, e a EMASA \u00e9 um de nossos parceiros. N\u00e3o poderia ser diferente: ambos est\u00e3o debru\u00e7ados para trazer aos usu\u00e1rios uma nova experi\u00eancia no atendimento e na resolu\u00e7\u00e3o de problemas. Para isso, estamos capacitando os colaboradores, especialmente aqueles que lidam diretamente com o p\u00fablico, fazendo com que a EMASA tenha uma nova vis\u00e3o em rela\u00e7\u00e3o ao atendimento e ao servi\u00e7o prestado. Este \u00e9 o primeiro de uma s\u00e9rie de conv\u00eanios e parcerias que faremos com a EMASA, e estamos muito felizes\u201d, destacou o professor Portnoi.<\/p>\n<p>Ao final da aula, os colaboradores tiveram a oportunidade de compartilhar experi\u00eancias e relatos de atendimentos nas unidades, valorizando a troca de experi\u00eancias e ampliando a rela\u00e7\u00e3o de equipe. Vele destacar que a parceria representa um passo importante na constru\u00e7\u00e3o de uma EMASA mais moderna, eficiente e conectada \u00e0s necessidades da popula\u00e7\u00e3o de Itabuna, valorizando seus profissionais e aprimorando continuamente o atendimento aos cidad\u00e3os.<\/p>\n<p>&#8212;&#8212;<\/p>\n<p>Assessoria de Comunica\u00e7\u00e3o Social da EMASA<\/p>\n<p>30\/maio\/2025<\/p>\n","protected":false},"excerpt":{"rendered":"<p>&nbsp; Na noite da \u00faltima quinta-feira (29), a Empresa Municipal de \u00c1guas e Saneamento (EMASA) realizou a aula inaugural do [&hellip;]<\/p>\n","protected":false},"author":1,"featured_media":3380,"comment_status":"open","ping_status":"open","sticky":false,"template":"","format":"standard","meta":{"nf_dc_page":"","footnotes":""},"categories":[9],"tags":[],"class_list":["post-3377","post","type-post","status-publish","format-standard","has-post-thumbnail","hentry","category-noticias"],"_links":{"self":[{"href":"https:\/\/emasaitabuna.com.br\/new\/wp-json\/wp\/v2\/posts\/3377","targetHints":{"allow":["GET"]}}],"collection":[{"href":"https:\/\/emasaitabuna.com.br\/new\/wp-json\/wp\/v2\/posts"}],"about":[{"href":"https:\/\/emasaitabuna.com.br\/new\/wp-json\/wp\/v2\/types\/post"}],"author":[{"embeddable":true,"href":"https:\/\/emasaitabuna.com.br\/new\/wp-json\/wp\/v2\/users\/1"}],"replies":[{"embeddable":true,"href":"https:\/\/emasaitabuna.com.br\/new\/wp-json\/wp\/v2\/comments?post=3377"}],"version-history":[{"count":4,"href":"https:\/\/emasaitabuna.com.br\/new\/wp-json\/wp\/v2\/posts\/3377\/revisions"}],"predecessor-version":[{"id":3383,"href":"https:\/\/emasaitabuna.com.br\/new\/wp-json\/wp\/v2\/posts\/3377\/revisions\/3383"}],"wp:featuredmedia":[{"embeddable":true,"href":"https:\/\/emasaitabuna.com.br\/new\/wp-json\/wp\/v2\/media\/3380"}],"wp:attachment":[{"href":"https:\/\/emasaitabuna.com.br\/new\/wp-json\/wp\/v2\/media?parent=3377"}],"wp:term":[{"taxonomy":"category","embeddable":true,"href":"https:\/\/emasaitabuna.com.br\/new\/wp-json\/wp\/v2\/categories?post=3377"},{"taxonomy":"post_tag","embeddable":true,"href":"https:\/\/emasaitabuna.com.br\/new\/wp-json\/wp\/v2\/tags?post=3377"}],"curies":[{"name":"wp","href":"https:\/\/api.w.org\/{rel}","templated":true}]}}