{"id":3384,"date":"2025-05-30T14:22:34","date_gmt":"2025-05-30T17:22:34","guid":{"rendered":"https:\/\/emasaitabuna.com.br\/new\/?p=3384"},"modified":"2025-05-30T14:25:19","modified_gmt":"2025-05-30T17:25:19","slug":"nota-adiada-a-inauguracao-do-2o-reservatorio-do-projeto-mais-agua-para-a-cidade","status":"publish","type":"post","link":"https:\/\/emasaitabuna.com.br\/new\/nota-adiada-a-inauguracao-do-2o-reservatorio-do-projeto-mais-agua-para-a-cidade\/","title":{"rendered":"NOTA &#8211; Adiada a inaugura\u00e7\u00e3o do 2\u00ba reservat\u00f3rio do Projeto Mais \u00c1gua para a Cidade"},"content":{"rendered":"<div id=\"attachment_3385\" style=\"width: 510px\" class=\"wp-caption aligncenter\"><img decoding=\"async\" aria-describedby=\"caption-attachment-3385\" class=\"size-medium wp-image-3385\" src=\"https:\/\/emasaitabuna.com.br\/new\/wp-content\/uploads\/2025\/05\/IMG-20250530-WA0000-500x333.jpg\" alt=\"\" width=\"500\" height=\"333\" srcset=\"https:\/\/emasaitabuna.com.br\/new\/wp-content\/uploads\/2025\/05\/IMG-20250530-WA0000-200x133.jpg 200w, https:\/\/emasaitabuna.com.br\/new\/wp-content\/uploads\/2025\/05\/IMG-20250530-WA0000-300x200.jpg 300w, https:\/\/emasaitabuna.com.br\/new\/wp-content\/uploads\/2025\/05\/IMG-20250530-WA0000-400x267.jpg 400w, https:\/\/emasaitabuna.com.br\/new\/wp-content\/uploads\/2025\/05\/IMG-20250530-WA0000-500x333.jpg 500w, https:\/\/emasaitabuna.com.br\/new\/wp-content\/uploads\/2025\/05\/IMG-20250530-WA0000-600x400.jpg 600w, https:\/\/emasaitabuna.com.br\/new\/wp-content\/uploads\/2025\/05\/IMG-20250530-WA0000-768x512.jpg 768w, https:\/\/emasaitabuna.com.br\/new\/wp-content\/uploads\/2025\/05\/IMG-20250530-WA0000-800x533.jpg 800w, https:\/\/emasaitabuna.com.br\/new\/wp-content\/uploads\/2025\/05\/IMG-20250530-WA0000-1200x800.jpg 1200w, https:\/\/emasaitabuna.com.br\/new\/wp-content\/uploads\/2025\/05\/IMG-20250530-WA0000-1536x1023.jpg 1536w, https:\/\/emasaitabuna.com.br\/new\/wp-content\/uploads\/2025\/05\/IMG-20250530-WA0000.jpg 1600w\" sizes=\"(max-width: 500px) 100vw, 500px\" \/><p id=\"caption-attachment-3385\" class=\"wp-caption-text\">Novo reservat\u00f3rio de 5 milh\u00f5es de litros e nova rede adutora j\u00e1 atende moradores da zona sul da cidade.<\/p><\/div>\n<p>A Empresa Municipal de \u00c1guas e Saneamento (EMASA) informa que, em decorr\u00eancia das chuvas que atingem Itabuna e regi\u00e3o, a inaugura\u00e7\u00e3o do 2\u00ba reservat\u00f3rio do Projeto Mais \u00c1gua para a Cidade, anteriormente programada para a pr\u00f3xima ter\u00e7a-feira, dia 3 de junho, ser\u00e1 adiada.<\/p>\n<p>Uma nova data ser\u00e1 definida e comunicada oportunamente.<\/p>\n<p>Ressaltamos que, apesar do adiamento da cerim\u00f4nia, o reservat\u00f3rio j\u00e1 passou por teste e est\u00e1 em opera\u00e7\u00e3o, garantindo o abastecimento regular para aproximadamente 60 mil moradores da zona sul de Itabuna.<\/p>\n<p>A EMASA agradece a compreens\u00e3o de todos e refor\u00e7a o seu compromisso com a melhoria cont\u00ednua do sistema de abastecimento e a seguran\u00e7a h\u00eddrica da popula\u00e7\u00e3o itabunense.<img decoding=\"async\" class=\"aligncenter size-medium wp-image-3385\" src=\"https:\/\/emasaitabuna.com.br\/new\/wp-content\/uploads\/2025\/05\/IMG-20250530-WA0000-500x333.jpg\" alt=\"\" width=\"500\" height=\"333\" srcset=\"https:\/\/emasaitabuna.com.br\/new\/wp-content\/uploads\/2025\/05\/IMG-20250530-WA0000-200x133.jpg 200w, https:\/\/emasaitabuna.com.br\/new\/wp-content\/uploads\/2025\/05\/IMG-20250530-WA0000-300x200.jpg 300w, https:\/\/emasaitabuna.com.br\/new\/wp-content\/uploads\/2025\/05\/IMG-20250530-WA0000-400x267.jpg 400w, https:\/\/emasaitabuna.com.br\/new\/wp-content\/uploads\/2025\/05\/IMG-20250530-WA0000-500x333.jpg 500w, https:\/\/emasaitabuna.com.br\/new\/wp-content\/uploads\/2025\/05\/IMG-20250530-WA0000-600x400.jpg 600w, https:\/\/emasaitabuna.com.br\/new\/wp-content\/uploads\/2025\/05\/IMG-20250530-WA0000-768x512.jpg 768w, https:\/\/emasaitabuna.com.br\/new\/wp-content\/uploads\/2025\/05\/IMG-20250530-WA0000-800x533.jpg 800w, https:\/\/emasaitabuna.com.br\/new\/wp-content\/uploads\/2025\/05\/IMG-20250530-WA0000-1200x800.jpg 1200w, https:\/\/emasaitabuna.com.br\/new\/wp-content\/uploads\/2025\/05\/IMG-20250530-WA0000-1536x1023.jpg 1536w, https:\/\/emasaitabuna.com.br\/new\/wp-content\/uploads\/2025\/05\/IMG-20250530-WA0000.jpg 1600w\" sizes=\"(max-width: 500px) 100vw, 500px\" \/><\/p>\n<p>&#8212;&#8212;<\/p>\n<p>Assessoria de Comunica\u00e7\u00e3o Social da EMASA<\/p>\n<p>30\/maio\/2025<\/p>\n","protected":false},"excerpt":{"rendered":"<p>A Empresa Municipal de \u00c1guas e Saneamento (EMASA) informa que, em decorr\u00eancia das chuvas que atingem Itabuna e regi\u00e3o, a [&hellip;]<\/p>\n","protected":false},"author":1,"featured_media":3385,"comment_status":"open","ping_status":"open","sticky":false,"template":"","format":"standard","meta":{"nf_dc_page":"","footnotes":""},"categories":[9],"tags":[],"class_list":["post-3384","post","type-post","status-publish","format-standard","has-post-thumbnail","hentry","category-noticias"],"_links":{"self":[{"href":"https:\/\/emasaitabuna.com.br\/new\/wp-json\/wp\/v2\/posts\/3384","targetHints":{"allow":["GET"]}}],"collection":[{"href":"https:\/\/emasaitabuna.com.br\/new\/wp-json\/wp\/v2\/posts"}],"about":[{"href":"https:\/\/emasaitabuna.com.br\/new\/wp-json\/wp\/v2\/types\/post"}],"author":[{"embeddable":true,"href":"https:\/\/emasaitabuna.com.br\/new\/wp-json\/wp\/v2\/users\/1"}],"replies":[{"embeddable":true,"href":"https:\/\/emasaitabuna.com.br\/new\/wp-json\/wp\/v2\/comments?post=3384"}],"version-history":[{"count":2,"href":"https:\/\/emasaitabuna.com.br\/new\/wp-json\/wp\/v2\/posts\/3384\/revisions"}],"predecessor-version":[{"id":3387,"href":"https:\/\/emasaitabuna.com.br\/new\/wp-json\/wp\/v2\/posts\/3384\/revisions\/3387"}],"wp:featuredmedia":[{"embeddable":true,"href":"https:\/\/emasaitabuna.com.br\/new\/wp-json\/wp\/v2\/media\/3385"}],"wp:attachment":[{"href":"https:\/\/emasaitabuna.com.br\/new\/wp-json\/wp\/v2\/media?parent=3384"}],"wp:term":[{"taxonomy":"category","embeddable":true,"href":"https:\/\/emasaitabuna.com.br\/new\/wp-json\/wp\/v2\/categories?post=3384"},{"taxonomy":"post_tag","embeddable":true,"href":"https:\/\/emasaitabuna.com.br\/new\/wp-json\/wp\/v2\/tags?post=3384"}],"curies":[{"name":"wp","href":"https:\/\/api.w.org\/{rel}","templated":true}]}}