{"id":3392,"date":"2025-06-03T14:08:28","date_gmt":"2025-06-03T17:08:28","guid":{"rendered":"https:\/\/emasaitabuna.com.br\/new\/?p=3392"},"modified":"2025-06-03T14:09:05","modified_gmt":"2025-06-03T17:09:05","slug":"emasa-apresenta-programa-emasa-legal-a-representantes-do-comercio-de-itabuna","status":"publish","type":"post","link":"https:\/\/emasaitabuna.com.br\/new\/emasa-apresenta-programa-emasa-legal-a-representantes-do-comercio-de-itabuna\/","title":{"rendered":"EMASA apresenta Programa \u201cEMASA Legal\u201d a representantes do com\u00e9rcio de Itabuna"},"content":{"rendered":"<div id=\"attachment_3394\" style=\"width: 510px\" class=\"wp-caption aligncenter\"><img decoding=\"async\" aria-describedby=\"caption-attachment-3394\" class=\"wp-image-3394 size-medium\" src=\"https:\/\/emasaitabuna.com.br\/new\/wp-content\/uploads\/2025\/06\/IMG-20250603-WA0003-500x375.jpg\" alt=\"\" width=\"500\" height=\"375\" srcset=\"https:\/\/emasaitabuna.com.br\/new\/wp-content\/uploads\/2025\/06\/IMG-20250603-WA0003-200x150.jpg 200w, https:\/\/emasaitabuna.com.br\/new\/wp-content\/uploads\/2025\/06\/IMG-20250603-WA0003-300x225.jpg 300w, https:\/\/emasaitabuna.com.br\/new\/wp-content\/uploads\/2025\/06\/IMG-20250603-WA0003-400x300.jpg 400w, https:\/\/emasaitabuna.com.br\/new\/wp-content\/uploads\/2025\/06\/IMG-20250603-WA0003-500x375.jpg 500w, https:\/\/emasaitabuna.com.br\/new\/wp-content\/uploads\/2025\/06\/IMG-20250603-WA0003-600x450.jpg 600w, https:\/\/emasaitabuna.com.br\/new\/wp-content\/uploads\/2025\/06\/IMG-20250603-WA0003-768x576.jpg 768w, https:\/\/emasaitabuna.com.br\/new\/wp-content\/uploads\/2025\/06\/IMG-20250603-WA0003-800x600.jpg 800w, https:\/\/emasaitabuna.com.br\/new\/wp-content\/uploads\/2025\/06\/IMG-20250603-WA0003-1200x900.jpg 1200w, https:\/\/emasaitabuna.com.br\/new\/wp-content\/uploads\/2025\/06\/IMG-20250603-WA0003.jpg 1280w\" sizes=\"(max-width: 500px) 100vw, 500px\" \/><p id=\"caption-attachment-3394\" class=\"wp-caption-text\">Representantes da EMASA e das principais entidades do com\u00e9rcio de Itabuna participaram de uma reuni\u00e3o, para apresenta\u00e7\u00e3o do Programa EMASA Legal.<\/p><\/div>\n<p>A Empresa Municipal de \u00c1guas e Saneamento (EMASA) realizou, na \u00faltima segunda-feira (2), uma reuni\u00e3o com representantes do setor comercial de Itabuna para apresentar as condi\u00e7\u00f5es do Programa EMASA Legal, que oferece facilidades para regulariza\u00e7\u00e3o de d\u00e9bitos. O encontro ocorreu na sede da Secretaria Municipal de Infraestrutura e Urbanismo (Siurb).<\/p>\n<p>Participaram da reuni\u00e3o o presidente da EMASA, Ivan Maia, a secret\u00e1ria de Infraestrutura e Urbanismo e presidente do Conselho de Administra\u00e7\u00e3o da EMASA, S\u00f4nia Fontes, o diretor financeiro e de relacionamento, Ronaldo Simas, o gerente comercial, Anderson Alves, al\u00e9m das lideran\u00e7as empresariais: o presidente da Associa\u00e7\u00e3o Comercial e Empresarial de Itabuna (ACI), Ederivaldo Benevides; o presidente da C\u00e2mara de Dirigentes Lojistas (CDL), Carlos Veloso Leahy; e o presidente do Sindicato do Com\u00e9rcio Atacadista e Varejista de Itabuna (SINDICOM), Jos\u00e9 Adauto dos Santos Vieira.<\/p>\n<p>O presidente da EMASA, Ivan Maia, destacou a import\u00e2ncia da iniciativa para a empresa e para a cidade. \u201cO EMASA Legal \u00e9 uma oportunidade para que os clientes regularizem suas pend\u00eancias com condi\u00e7\u00f5es especiais. Nosso objetivo \u00e9 garantir que todos continuem recebendo \u00e1gua tratada e servi\u00e7os de qualidade. A iniciativa refor\u00e7a nosso compromisso com a popula\u00e7\u00e3o de Itabuna e com a gest\u00e3o respons\u00e1vel do prefeito Augusto Castro (PSD)\u201d, afirmou.<\/p>\n<p>O programa oferece entrada facilitada, desconto de at\u00e9 40% no valor principal para pagamento \u00e0 vista, al\u00e9m da redu\u00e7\u00e3o total de juros e multas. Tamb\u00e9m permite o parcelamento em at\u00e9 60 vezes, proporcionando mais flexibilidade aos consumidores.<\/p>\n<p>O presidente da CDL de Itabuna, Carlos Leahy, elogiou a proposta e destacou sua import\u00e2ncia para o com\u00e9rcio local. \u201cA reuni\u00e3o foi muito proveitosa. Tomamos conhecimento desse passivo que a EMASA tem, principalmente com as contas do com\u00e9rcio. Encaro como uma chance real de sanar esses problemas com a EMASA. \u00c9 um modelo de ganha-ganha: o empres\u00e1rio quita suas pend\u00eancias, e a EMASA recupera o passivo para investir na melhoria do sistema de \u00e1gua na nossa cidade. Vejo com bons olhos essa iniciativa\u201d, declarou.<\/p>\n<p>O Programa EMASA Legal contempla d\u00e9bitos vencidos e n\u00e3o pagos at\u00e9 31 de dezembro de 2024, inclusive aqueles j\u00e1 enviados para protesto ou negativa\u00e7\u00e3o. A ades\u00e3o pode ser feita no Escrit\u00f3rio de Atendimento da EMASA, onde o consumidor ser\u00e1 orientado sobre as condi\u00e7\u00f5es e o parcelamento ideal para o seu perfil. Os pagamentos podem ser realizados por boleto banc\u00e1rio, d\u00e9bito autom\u00e1tico ou outros meios eletr\u00f4nicos.<\/p>\n<p>&#8212;&#8212;<\/p>\n<p>Assessoria de Comunica\u00e7\u00e3o Social da EMASA.<\/p>\n<p>03\/junho\/2025.<\/p>\n","protected":false},"excerpt":{"rendered":"<p>A Empresa Municipal de \u00c1guas e Saneamento (EMASA) realizou, na \u00faltima segunda-feira (2), uma reuni\u00e3o com representantes do setor comercial [&hellip;]<\/p>\n","protected":false},"author":1,"featured_media":3394,"comment_status":"open","ping_status":"open","sticky":false,"template":"","format":"standard","meta":{"nf_dc_page":"","footnotes":""},"categories":[9],"tags":[],"class_list":["post-3392","post","type-post","status-publish","format-standard","has-post-thumbnail","hentry","category-noticias"],"_links":{"self":[{"href":"https:\/\/emasaitabuna.com.br\/new\/wp-json\/wp\/v2\/posts\/3392","targetHints":{"allow":["GET"]}}],"collection":[{"href":"https:\/\/emasaitabuna.com.br\/new\/wp-json\/wp\/v2\/posts"}],"about":[{"href":"https:\/\/emasaitabuna.com.br\/new\/wp-json\/wp\/v2\/types\/post"}],"author":[{"embeddable":true,"href":"https:\/\/emasaitabuna.com.br\/new\/wp-json\/wp\/v2\/users\/1"}],"replies":[{"embeddable":true,"href":"https:\/\/emasaitabuna.com.br\/new\/wp-json\/wp\/v2\/comments?post=3392"}],"version-history":[{"count":3,"href":"https:\/\/emasaitabuna.com.br\/new\/wp-json\/wp\/v2\/posts\/3392\/revisions"}],"predecessor-version":[{"id":3396,"href":"https:\/\/emasaitabuna.com.br\/new\/wp-json\/wp\/v2\/posts\/3392\/revisions\/3396"}],"wp:featuredmedia":[{"embeddable":true,"href":"https:\/\/emasaitabuna.com.br\/new\/wp-json\/wp\/v2\/media\/3394"}],"wp:attachment":[{"href":"https:\/\/emasaitabuna.com.br\/new\/wp-json\/wp\/v2\/media?parent=3392"}],"wp:term":[{"taxonomy":"category","embeddable":true,"href":"https:\/\/emasaitabuna.com.br\/new\/wp-json\/wp\/v2\/categories?post=3392"},{"taxonomy":"post_tag","embeddable":true,"href":"https:\/\/emasaitabuna.com.br\/new\/wp-json\/wp\/v2\/tags?post=3392"}],"curies":[{"name":"wp","href":"https:\/\/api.w.org\/{rel}","templated":true}]}}