{"id":3401,"date":"2025-06-06T09:56:26","date_gmt":"2025-06-06T12:56:26","guid":{"rendered":"https:\/\/emasaitabuna.com.br\/new\/?p=3401"},"modified":"2025-06-06T09:56:26","modified_gmt":"2025-06-06T12:56:26","slug":"emasa-homenageia-colaboradores-aposentados-em-cerimonia-de-reconhecimento-e-gratidao","status":"publish","type":"post","link":"https:\/\/emasaitabuna.com.br\/new\/emasa-homenageia-colaboradores-aposentados-em-cerimonia-de-reconhecimento-e-gratidao\/","title":{"rendered":"EMASA homenageia colaboradores aposentados em cerim\u00f4nia de reconhecimento e gratid\u00e3o"},"content":{"rendered":"<div id=\"attachment_3403\" style=\"width: 510px\" class=\"wp-caption aligncenter\"><img decoding=\"async\" aria-describedby=\"caption-attachment-3403\" class=\"size-medium wp-image-3403\" src=\"https:\/\/emasaitabuna.com.br\/new\/wp-content\/uploads\/2025\/06\/IMG-20250606-WA0000-500x333.jpg\" alt=\"\" width=\"500\" height=\"333\" srcset=\"https:\/\/emasaitabuna.com.br\/new\/wp-content\/uploads\/2025\/06\/IMG-20250606-WA0000-200x133.jpg 200w, https:\/\/emasaitabuna.com.br\/new\/wp-content\/uploads\/2025\/06\/IMG-20250606-WA0000-300x200.jpg 300w, https:\/\/emasaitabuna.com.br\/new\/wp-content\/uploads\/2025\/06\/IMG-20250606-WA0000-400x266.jpg 400w, https:\/\/emasaitabuna.com.br\/new\/wp-content\/uploads\/2025\/06\/IMG-20250606-WA0000-500x333.jpg 500w, https:\/\/emasaitabuna.com.br\/new\/wp-content\/uploads\/2025\/06\/IMG-20250606-WA0000-600x399.jpg 600w, https:\/\/emasaitabuna.com.br\/new\/wp-content\/uploads\/2025\/06\/IMG-20250606-WA0000-768x511.jpg 768w, https:\/\/emasaitabuna.com.br\/new\/wp-content\/uploads\/2025\/06\/IMG-20250606-WA0000-800x533.jpg 800w, https:\/\/emasaitabuna.com.br\/new\/wp-content\/uploads\/2025\/06\/IMG-20250606-WA0000-1200x799.jpg 1200w, https:\/\/emasaitabuna.com.br\/new\/wp-content\/uploads\/2025\/06\/IMG-20250606-WA0000.jpg 1280w\" sizes=\"(max-width: 500px) 100vw, 500px\" \/><p id=\"caption-attachment-3403\" class=\"wp-caption-text\">Homenagem especial aos colaboradores aposentados da EMASA em gratid\u00e3o e reconhecimento pelos anos de dedica\u00e7\u00e3o e servi\u00e7os prestados \u00e0 empresa. Fotos: Roberto Santos<\/p><\/div>\n<p>Na manh\u00e3 da \u00faltima quinta-feira (5), a Empresa Municipal de \u00c1guas e Saneamento (EMASA) prestou uma homenagem especial aos seus colaboradores aposentados, em uma cerim\u00f4nia realizada no audit\u00f3rio da Esta\u00e7\u00e3o de Tratamento de \u00c1gua (ETA), no Bairro S\u00e3o Louren\u00e7o. O momento foi marcado por emo\u00e7\u00e3o, gratid\u00e3o e reconhecimento pelos anos de dedica\u00e7\u00e3o e servi\u00e7os prestados \u00e0 empresa.<\/p>\n<p>Durante o encontro, os aposentados foram homenageados com discursos, placas comemorativas e mensagens de carinho da diretoria e colegas. A iniciativa, segundo o presidente da EMASA, Ivan Maia, integra uma proposta de valoriza\u00e7\u00e3o institucional voltada a quem dedicou parte da vida \u00e0 hist\u00f3ria da empresa.<\/p>\n<p>\u201cA ideia \u00e9 construir um programa de valoriza\u00e7\u00e3o e acolhimento para esses colaboradores que tanto contribu\u00edram com a EMASA. Eles se doaram por anos, ajudando a consolidar a empresa que temos hoje. Nada mais justo do que garantir que saiam pela porta da frente, reconhecidos e respeitados. A EMASA \u00e9 feita por pessoas, e s\u00e3o elas o nosso foco. Precisam de acolhimento, e nosso papel como gestores \u00e9 promover esse cuidado com dignidade e respeito\u201d, afirmou.<\/p>\n<p>Estiveram presentes os diretores Fernando Duarte (Expans\u00e3o e Opera\u00e7\u00e3o), Mois\u00e9s Figueiredo (Gest\u00e3o Corporativa), Jos\u00e9 Silva e Santos (Planejamento) e Josimeire Alves (Assessoria da presid\u00eancia) que tamb\u00e9m destacaram a import\u00e2ncia da dedica\u00e7\u00e3o dos aposentados ao longo dos anos de atua\u00e7\u00e3o na empresa.<\/p>\n<p>O momento foi de emo\u00e7\u00e3o para os homenageados. O agora ex-funcion\u00e1rio Pedro Raimundo Braz dos Santos expressou gratid\u00e3o pela iniciativa. \u201cMe sinto privilegiado por estar aqui hoje, neste momento singular. Me senti uma pessoa muito importante. Esse dia vai ficar na mem\u00f3ria e no meu cora\u00e7\u00e3o\u201d, disse.<\/p>\n<p><img decoding=\"async\" class=\"aligncenter size-medium wp-image-3404\" src=\"https:\/\/emasaitabuna.com.br\/new\/wp-content\/uploads\/2025\/06\/IMG-20250606-WA0001-500x333.jpg\" alt=\"\" width=\"500\" height=\"333\" srcset=\"https:\/\/emasaitabuna.com.br\/new\/wp-content\/uploads\/2025\/06\/IMG-20250606-WA0001-200x133.jpg 200w, https:\/\/emasaitabuna.com.br\/new\/wp-content\/uploads\/2025\/06\/IMG-20250606-WA0001-300x200.jpg 300w, https:\/\/emasaitabuna.com.br\/new\/wp-content\/uploads\/2025\/06\/IMG-20250606-WA0001-400x266.jpg 400w, https:\/\/emasaitabuna.com.br\/new\/wp-content\/uploads\/2025\/06\/IMG-20250606-WA0001-500x333.jpg 500w, https:\/\/emasaitabuna.com.br\/new\/wp-content\/uploads\/2025\/06\/IMG-20250606-WA0001-600x399.jpg 600w, https:\/\/emasaitabuna.com.br\/new\/wp-content\/uploads\/2025\/06\/IMG-20250606-WA0001-768x511.jpg 768w, https:\/\/emasaitabuna.com.br\/new\/wp-content\/uploads\/2025\/06\/IMG-20250606-WA0001-800x533.jpg 800w, https:\/\/emasaitabuna.com.br\/new\/wp-content\/uploads\/2025\/06\/IMG-20250606-WA0001-1200x799.jpg 1200w, https:\/\/emasaitabuna.com.br\/new\/wp-content\/uploads\/2025\/06\/IMG-20250606-WA0001.jpg 1280w\" sizes=\"(max-width: 500px) 100vw, 500px\" \/><\/p>\n<p>J\u00e1 Marusia Lima da Silva, outra colaboradora homenageada, destacou o significado da trajet\u00f3ria na empresa. \u201c\u00c9 o encerramento de um ciclo de vida profissional com muito carinho e aprendizado. Essa empresa foi minha casa, onde cresci profissionalmente com dedica\u00e7\u00e3o e amor\u201d, declarou.<\/p>\n<p>Ao todo, 5 colaboradores foram homenageados na cerim\u00f4nia: Carlos Henrique dos Santos, Edson Batista Novais, Marusia Lima da Silva, Pedro Alves Biano e Pedro Raimundo Braz dos Santos. O encontro foi mais que uma despedida: foi um reconhecimento p\u00fablico ao legado constru\u00eddo por profissionais que ajudaram a moldar a EMASA ao longo de suas d\u00e9cadas de servi\u00e7o.<\/p>\n<p>&#8212;&#8212;<\/p>\n<p>Assessoria de Comunica\u00e7\u00e3o Social da EMASA.<\/p>\n<p>06\/junho\/2025.<\/p>\n","protected":false},"excerpt":{"rendered":"<p>Na manh\u00e3 da \u00faltima quinta-feira (5), a Empresa Municipal de \u00c1guas e Saneamento (EMASA) prestou uma homenagem especial aos seus [&hellip;]<\/p>\n","protected":false},"author":1,"featured_media":3403,"comment_status":"open","ping_status":"open","sticky":false,"template":"","format":"standard","meta":{"nf_dc_page":"","footnotes":""},"categories":[9],"tags":[],"class_list":["post-3401","post","type-post","status-publish","format-standard","has-post-thumbnail","hentry","category-noticias"],"_links":{"self":[{"href":"https:\/\/emasaitabuna.com.br\/new\/wp-json\/wp\/v2\/posts\/3401","targetHints":{"allow":["GET"]}}],"collection":[{"href":"https:\/\/emasaitabuna.com.br\/new\/wp-json\/wp\/v2\/posts"}],"about":[{"href":"https:\/\/emasaitabuna.com.br\/new\/wp-json\/wp\/v2\/types\/post"}],"author":[{"embeddable":true,"href":"https:\/\/emasaitabuna.com.br\/new\/wp-json\/wp\/v2\/users\/1"}],"replies":[{"embeddable":true,"href":"https:\/\/emasaitabuna.com.br\/new\/wp-json\/wp\/v2\/comments?post=3401"}],"version-history":[{"count":2,"href":"https:\/\/emasaitabuna.com.br\/new\/wp-json\/wp\/v2\/posts\/3401\/revisions"}],"predecessor-version":[{"id":3405,"href":"https:\/\/emasaitabuna.com.br\/new\/wp-json\/wp\/v2\/posts\/3401\/revisions\/3405"}],"wp:featuredmedia":[{"embeddable":true,"href":"https:\/\/emasaitabuna.com.br\/new\/wp-json\/wp\/v2\/media\/3403"}],"wp:attachment":[{"href":"https:\/\/emasaitabuna.com.br\/new\/wp-json\/wp\/v2\/media?parent=3401"}],"wp:term":[{"taxonomy":"category","embeddable":true,"href":"https:\/\/emasaitabuna.com.br\/new\/wp-json\/wp\/v2\/categories?post=3401"},{"taxonomy":"post_tag","embeddable":true,"href":"https:\/\/emasaitabuna.com.br\/new\/wp-json\/wp\/v2\/tags?post=3401"}],"curies":[{"name":"wp","href":"https:\/\/api.w.org\/{rel}","templated":true}]}}